{"id":9240,"date":"2019-02-25T10:58:58","date_gmt":"2019-02-25T10:58:58","guid":{"rendered":"https:\/\/www.smartbox.com\/fr\/blog\/?p=9240"},"modified":"2024-03-13T13:57:14","modified_gmt":"2024-03-13T13:57:14","slug":"la-saint-patrick-a-dublin","status":"publish","type":"post","link":"https:\/\/www.smartbox.com\/fr\/blog\/la-saint-patrick-a-dublin\/","title":{"rendered":"La Saint-Patrick : une vraie f\u00eate populaire en Irlande comme dans bien d&rsquo;autres endroits"},"content":{"rendered":"\n<p>La Saint Patrick\nest \u00e0 l\u2019Irlande ce que le 14 juillet est \u00e0 la France. Mais l\u2019une des\nparticularit\u00e9s de <strong>cette f\u00eate irlandaise<\/strong>\nc\u2019est qu\u2019elle s\u2019exporte en dehors des fronti\u00e8res de l\u2019\u00eele d\u2019Emeraude comme\naucune autre f\u00eate nationale.<\/p>\n\n\n\n<p><strong>La f\u00eate de la Saint Patrick<\/strong> est ainsi c\u00e9l\u00e9br\u00e9e aux quatre coins de la plan\u00e8te&nbsp;: dans les pubs irlandais pr\u00e9sents \u00e0 Paris, comme dans les rues de Boston, les pubs londoniens ou encore ceux de Sydney !<\/p>\n\n\n\n<p><strong><a class=\"rel-pdt-btn\" href=\"https:\/\/www.smartbox.com\/fr\/sejour-en-europe\/\" rel=\"noopener noreferrer\">S\u00e9jours en Europe<\/a><\/strong><\/p>\n\n\n\n<h2 class=\"wp-block-heading\" id=\"h-l-origine-de-la-saint-patrick-nbsp\"><strong>L\u2019origine de la Saint Patrick&nbsp;<\/strong><\/h2>\n\n\n\n<h3 class=\"wp-block-heading\" id=\"h-pourquoi-la-st-patrick-et-pas-la-st-robert-ou-la-st-gorges-nbsp\"><strong>Pourquoi la St Patrick et pas la St Robert ou la St\nGorges&nbsp;? <\/strong><\/h3>\n\n\n\n<p>Saint Patrick est\nconnu comme le Saint ayant \u00e9vang\u00e9lis\u00e9 le pays au 5<sup>\u00e8me<\/sup> si\u00e8cle, alors\nque l\u2019Irlande \u00e9tait encore pa\u00efenne. C\u2019est en son honneur que la Saint Patrick\nest c\u00e9l\u00e9br\u00e9e tous les ans sur l\u2019\u00eele d\u2019Emeraude et dans bien d\u2019autres pays. <\/p>\n\n\n\n<p>Mais le plus \u00e9tonnant dans cette tradition c\u2019est que Saint Patrick n\u2019est pas irlandais. Pourtant c\u2019est bien la m\u00e9moire de cet homme-l\u00e0 qui est c\u00e9l\u00e9br\u00e9e chaque ann\u00e9e lors de la f\u00eate irlandaise nationale le 17 mars, surprenant non&nbsp;? <\/p>\n\n\n\n<figure class=\"wp-block-image\"><img loading=\"lazy\" decoding=\"async\" width=\"1024\" height=\"536\" src=\"https:\/\/www.smartbox.com\/fr\/blog\/wp-content\/uploads\/sites\/6\/2019\/03\/weekend-dublin-st-patrick-1024x536.jpg\" alt=\"\" class=\"wp-image-9243\" srcset=\"https:\/\/www.smartbox.com\/fr\/blog\/wp-content\/uploads\/2019\/03\/weekend-dublin-st-patrick-1024x536.jpg 1024w, https:\/\/www.smartbox.com\/fr\/blog\/wp-content\/uploads\/2019\/03\/weekend-dublin-st-patrick-300x157.jpg 300w, https:\/\/www.smartbox.com\/fr\/blog\/wp-content\/uploads\/2019\/03\/weekend-dublin-st-patrick-768x402.jpg 768w, https:\/\/www.smartbox.com\/fr\/blog\/wp-content\/uploads\/2019\/03\/weekend-dublin-st-patrick.jpg 2000w\" sizes=\"auto, (max-width: 1024px) 100vw, 1024px\" \/><\/figure>\n\n\n\n<p>Eh bien en fait ce\nn\u2019est pas si surprenant que cela, lorsque l\u2019on sait que m\u00eame si Saint Patrick\nest n\u00e9 en Ecosse il a eu une influence \u00e9norme sur l\u2019histoire et le devenir de\nl\u2019Irlande. <\/p>\n\n\n\n<p>Pour la petite\nhistoire, sachez que cet \u00e9cossais d\u2019origine a d\u00e9barqu\u00e9 sur l\u2019\u00eele d\u2019Emeraude\napr\u00e8s avoir \u00e9t\u00e9 captur\u00e9 par des pirates. Il fut alors r\u00e9duit en esclavage\npendant 6 ans. Six ann\u00e9es apr\u00e8s lesquelles il r\u00e9ussit \u00e0 s\u2019\u00e9chapper alors qu\u2019il\n\u00e9tait retenu et travaillait en tant que berger sous les ordres d\u2019un druide. &nbsp;<\/p>\n\n\n\n<p>Apr\u00e8s avoir\nr\u00e9ussi \u00e0 fuir l\u2019Irlande et sa situation d\u2019esclave il ne cesse de s\u2019int\u00e9ressait\n\u00e0 la religion chr\u00e9tienne, en devenant pr\u00eatre en Angleterre puis en se rendant\nen France o\u00f9 il poursuivit son \u00e9ducation religieuse dans un monast\u00e8re non loin\nde Cannes. <\/p>\n\n\n\n<p>Ce n\u2019est qu\u2019une\nfois que le pape C\u00e9lestin lui a ordonn\u00e9 de retourner en Irlande pour diffuser\nla religion chr\u00e9tienne qu\u2019il revint sur l\u2019\u00eele. Il remplit alors sa mission\nd\u2019\u00e9vang\u00e9lisateur et c\u2019est ainsi qu\u2019il devint Saint Patrick, saint patron des\nirlandais. <\/p>\n\n\n\n<p>La l\u00e9gende\nraconte qu\u2019il utilisa l\u2019image du tr\u00e8fle pour expliquer la Sainte Trinit\u00e9&nbsp;:\nune feuille pour le P\u00e8re, une pour le Fils et une pour le Saint-Esprit. <\/p>\n\n\n\n<p>Le tr\u00e8fle est\ndepuis devenu l\u2019embl\u00e8me de l\u2019Irlande, et le vert sa couleur embl\u00e9matique. <\/p>\n\n\n\n<h3 class=\"wp-block-heading\" id=\"h-pourquoi-la-saint-patrick-est-elle-celebree-le-17-mars-nbsp\"><strong>Pourquoi la Saint Patrick est-elle c\u00e9l\u00e9br\u00e9e le 17 mars&nbsp;? <\/strong><\/h3>\n\n\n\n<p>Si la Saint\nPatrick est c\u00e9l\u00e9br\u00e9e le 17 mars c\u2019est tout simplement car c\u2019est un 17 mars que\nSaint Patrick s\u2019est \u00e9teint et a laiss\u00e9 derri\u00e8re lui une Irlande \u00e9vang\u00e9lis\u00e9e. <\/p>\n\n\n\n<p>Le pays est\ntoujours \u00e0 ce jour tr\u00e8s majoritairement chr\u00e9tien et si vous vous rendez \u00e0\nDublin ou ailleurs sur l\u2019\u00eele, vous verrez combien le tr\u00e8fle et la couleur verte\nsont omnipr\u00e9sents. <\/p>\n\n\n\n<h2 class=\"wp-block-heading\" id=\"h-la-joie-de-feter-la-saint-patrick-a-dublin-nbsp\"><strong>La joie de f\u00eater la Saint Patrick \u00e0 Dublin&nbsp;! <\/strong><\/h2>\n\n\n\n<p>La plus belle\nf\u00eate de la Saint Patrick c\u2019est bien s\u00fbr celle qui se vit en Irlande, l\u00e0 o\u00f9 elle\npuise ses origines et o\u00f9 sa parade y est inoubliable.<\/p>\n\n\n\n<p>Car le mieux c\u2019est bien \u00e9videmment de vivre cette f\u00eate au c\u0153ur du pays, de profiter de l\u2019ambiance incroyable de ses pubs ce jour-l\u00e0 mais aussi et surtout d\u2019assister \u00e0 sa parade de la Saint Patrick&nbsp;! Parce que la parade de la Saint Patrick c\u2019est vraiment l\u2019\u00e9v\u00e9nement \u00e0 ne pas louper lors de la f\u00eate nationale irlandaise. <\/p>\n\n\n\n<figure class=\"wp-block-image\"><img loading=\"lazy\" decoding=\"async\" width=\"1024\" height=\"485\" src=\"https:\/\/www.smartbox.com\/fr\/blog\/wp-content\/uploads\/sites\/6\/2019\/03\/st-patrick-2019-1024x485.jpg\" alt=\"\" class=\"wp-image-9244\" srcset=\"https:\/\/www.smartbox.com\/fr\/blog\/wp-content\/uploads\/2019\/03\/st-patrick-2019-1024x485.jpg 1024w, https:\/\/www.smartbox.com\/fr\/blog\/wp-content\/uploads\/2019\/03\/st-patrick-2019-300x142.jpg 300w, https:\/\/www.smartbox.com\/fr\/blog\/wp-content\/uploads\/2019\/03\/st-patrick-2019-768x364.jpg 768w, https:\/\/www.smartbox.com\/fr\/blog\/wp-content\/uploads\/2019\/03\/st-patrick-2019.jpg 2000w\" sizes=\"auto, (max-width: 1024px) 100vw, 1024px\" \/><\/figure>\n\n\n\n<h3 class=\"wp-block-heading\" id=\"h-la-parade-de-la-saint-patrick-a-dublin-nbsp\"><strong>La parade de la Saint Patrick \u00e0 Dublin&nbsp;: <\/strong><\/h3>\n\n\n\n<p>Pour la Saint\nPatrick 2019 le th\u00e8me choisi pour la parade est \u00ab Storytelling&nbsp;\u00bb, soit\nr\u00e9cit en fran\u00e7ais. Un th\u00e8me qui promet des instants riches en \u00e9motions et\nd\u00e9couvertes puisque le pays est particuli\u00e8rement attach\u00e9 \u00e0 la litt\u00e9rature et\nses \u00e9crivains embl\u00e9matiques (James Joyce, Yeats, Oscar Wilde, etc.) <\/p>\n\n\n\n<p>Voil\u00e0 donc une\nparade qui promet de rester dans les m\u00e9moires pendant de nombreuses ann\u00e9es&nbsp;!\n<\/p>\n\n\n\n<p><strong>Infos pratiques&nbsp;: <\/strong><\/p>\n\n\n\n<p>Pour assister \u00e0\nla parade de la Saint Patrick, il vous faudra vous rendre le dimanche 17 mars dans\nl\u2019une des rues de la capitale irlandaise et \u00eatre fin pr\u00eat(e) pour voir les\npremiers groupes d\u00e9filer d\u00e8s midi. <\/p>\n\n\n\n<p>La parade suivra un\ntrac\u00e9 qui serpentera dans la ville, depuis Parnell Square jusqu\u2019au parc St Stephen\u2019s\nGreen en passant notamment par O\u2019Connell street. <\/p>\n\n\n\n<p>Apr\u00e8s avoir\nassist\u00e9 \u00e0 cette parade haute en couleurs o\u00f9 des bandes venues de tout le pays\nd\u00e9fileront dans les rues de Dublin, il faudra bien \u00e9videmment aller faire un\ntour dans le quartier embl\u00e9matique de Temple Bar qui s\u2019anime ce jour-l\u00e0 comme\njamais. Pourtant bien anim\u00e9 en temps normal, l\u2019effervescence y est d\u2019autant\nplus incroyable lors de la Saint Patrick. <\/p>\n\n\n\n<p>Alors enfilez\nvous aussi votre chapeau aux couleurs de l\u2019Irlande et joignez-vous \u00e0 la\nf\u00eate&nbsp;!<\/p>\n\n\n\n<p>Voil\u00e0 vous l\u2019avez\nsurement compris, passer un week-end \u00e0 Dublin pour la Saint Patrick est une\nexp\u00e9rience que l\u2019on vous recommande fortement pour profiter de l\u2019ambiance\nchaleureuse et festive de la capitale irlandaise \u00e0 cette date si importante\npour tout le pays. &nbsp;<\/p>\n\n\n\n<h2 class=\"wp-block-heading\" id=\"h-celebrer-la-saint-patrick-2019-sans-prendre-l-avion\"><strong>C\u00e9l\u00e9brer la Saint Patrick 2019 sans prendre l\u2019avion<\/strong><\/h2>\n\n\n\n<p>Si votre budget\nou le nombre de jours de vacances restant sur votre quota de cong\u00e9s pay\u00e9s ne vous\nle permet pas, vous pouvez toujours f\u00eater la St Patrick en France et profiter\nd\u2019une bonne soir\u00e9e o\u00f9 la Guinness est la boisson phare.<\/p>\n\n\n\n<p>Comme les\nirlandais ont toujours aim\u00e9 voyager et d\u00e9couvrir de nouveaux horizons, ils ont\neu la bonne id\u00e9e d\u2019ouvrir des pubs irlandais dans de nombreuses villes,\nnotamment en Europe et en France. Pour notre plus grand plaisir bien s\u00fbr&nbsp;!\n<\/p>\n\n\n\n<p>C\u2019est ainsi,\ngr\u00e2ce aux irlandais venus partager avec nous leur passion pour leur pays et\nnous faire part de leur ambiance chaleureuse si appr\u00e9ciable sur l\u2019\u00eele\nd\u2019Emeraude que l\u2019on peut profiter de belles soir\u00e9es de la Saint Patrick sans\navoir besoin prendre l\u2019avion. <\/p>\n\n\n\n<p>Une belle soir\u00e9e dans une ambiance 100% irlandaise, avec plaques Guinness au mur et pintes de bi\u00e8res sur le bar. Parce qu\u2019apr\u00e8s tout c\u2019est un peu \u00e0 cela que l\u2019on reconnait un bon pub irlandais n\u2019est-ce pas&nbsp;?<\/p>\n\n\n\n<figure class=\"wp-block-image\"><a href=\"https:\/\/www.smartbox.com\/fr\/blog\/3-jours-etoiles-en-europe-weekend-dublin\/\"><img loading=\"lazy\" decoding=\"async\" width=\"1024\" height=\"341\" src=\"https:\/\/www.smartbox.com\/fr\/blog\/wp-content\/uploads\/sites\/6\/2018\/08\/weekend-dublin-1024x341.jpg\" alt=\"\" class=\"wp-image-6941\" srcset=\"https:\/\/www.smartbox.com\/fr\/blog\/wp-content\/uploads\/2018\/08\/weekend-dublin-1024x341.jpg 1024w, https:\/\/www.smartbox.com\/fr\/blog\/wp-content\/uploads\/2018\/08\/weekend-dublin-300x100.jpg 300w, https:\/\/www.smartbox.com\/fr\/blog\/wp-content\/uploads\/2018\/08\/weekend-dublin-768x256.jpg 768w, https:\/\/www.smartbox.com\/fr\/blog\/wp-content\/uploads\/2018\/08\/weekend-dublin.jpg 1581w\" sizes=\"auto, (max-width: 1024px) 100vw, 1024px\" \/><\/a><\/figure>\n\n\n\n<p><em>L\u2019abus d\u2019alcool est dangereux pour la sant\u00e9, \u00e0\nconsommer avec mod\u00e9ration. <\/em><\/p>\n","protected":false},"excerpt":{"rendered":"<p>La Saint Patrick est \u00e0 l\u2019Irlande ce que le 14 juillet est \u00e0 la France. Mais l\u2019une des particularit\u00e9s de cette f\u00eate irlandaise c\u2019est qu\u2019elle s\u2019exporte en dehors des fronti\u00e8res de l\u2019\u00eele d\u2019Emeraude comme aucune autre f\u00eate nationale. La f\u00eate de la Saint Patrick est ainsi c\u00e9l\u00e9br\u00e9e aux quatre coins de la plan\u00e8te&nbsp;: dans les [&hellip;]<\/p>\n","protected":false},"author":21,"featured_media":9242,"comment_status":"closed","ping_status":"closed","sticky":false,"template":"","format":"standard","meta":{"_acf_changed":false,"footnotes":""},"categories":[48],"tags":[213,2639,2640],"class_list":["post-9240","post","type-post","status-publish","format-standard","has-post-thumbnail","hentry","category-voyages","tag-sejour-en-europe","tag-culture","tag-irlande"],"acf":[],"yoast_head":"<!-- This site is optimized with the Yoast SEO Premium plugin v21.7 (Yoast SEO v27.4) - https:\/\/yoast.com\/product\/yoast-seo-premium-wordpress\/ -->\n<title>La f\u00eate de la St Patrick : de Dublin aux pubs irlandais en France &amp; ailleurs<\/title>\n<meta name=\"description\" content=\"La f\u00eate de la Saint Patrick est magnifiquement c\u00e9l\u00e9br\u00e9e \u00e0 Dublin mais aussi dans bien d&#039;autres villes. Nos conseils pour une St Patrick r\u00e9ussie !\" \/>\n<meta name=\"robots\" content=\"index, follow, max-snippet:-1, max-image-preview:large, max-video-preview:-1\" \/>\n<link rel=\"canonical\" href=\"https:\/\/www.smartbox.com\/fr\/blog\/la-saint-patrick-a-dublin\/\" \/>\n<meta property=\"og:locale\" content=\"fr_FR\" \/>\n<meta property=\"og:type\" content=\"article\" \/>\n<meta property=\"og:title\" content=\"La f\u00eate de la St Patrick : de Dublin aux pubs irlandais en France &amp; ailleurs\" \/>\n<meta property=\"og:description\" content=\"La f\u00eate de la Saint Patrick est magnifiquement c\u00e9l\u00e9br\u00e9e \u00e0 Dublin mais aussi dans bien d&#039;autres villes. Nos conseils pour une St Patrick r\u00e9ussie !\" \/>\n<meta property=\"og:url\" content=\"https:\/\/www.smartbox.com\/fr\/blog\/la-saint-patrick-a-dublin\/\" \/>\n<meta property=\"og:site_name\" content=\"France\" \/>\n<meta property=\"article:published_time\" content=\"2019-02-25T10:58:58+00:00\" \/>\n<meta property=\"article:modified_time\" content=\"2024-03-13T13:57:14+00:00\" \/>\n<meta property=\"og:image\" content=\"https:\/\/www.smartbox.com\/fr\/blog\/wp-content\/uploads\/2019\/03\/fete-de-la-st-patrick.jpg\" \/>\n\t<meta property=\"og:image:width\" content=\"1999\" \/>\n\t<meta property=\"og:image:height\" content=\"1272\" \/>\n\t<meta property=\"og:image:type\" content=\"image\/jpeg\" \/>\n<meta name=\"author\" content=\"Pauline\" \/>\n<meta name=\"twitter:card\" content=\"summary_large_image\" \/>\n<meta name=\"twitter:label1\" content=\"\u00c9crit par\" \/>\n\t<meta name=\"twitter:data1\" content=\"Pauline\" \/>\n\t<meta name=\"twitter:label2\" content=\"Dur\u00e9e de lecture estim\u00e9e\" \/>\n\t<meta name=\"twitter:data2\" content=\"6 minutes\" \/>\n<script type=\"application\/ld+json\" class=\"yoast-schema-graph\">{\"@context\":\"https:\\\/\\\/schema.org\",\"@graph\":[{\"@type\":\"Article\",\"@id\":\"https:\\\/\\\/www.smartbox.com\\\/fr\\\/blog\\\/la-saint-patrick-a-dublin\\\/#article\",\"isPartOf\":{\"@id\":\"https:\\\/\\\/www.smartbox.com\\\/fr\\\/blog\\\/la-saint-patrick-a-dublin\\\/\"},\"author\":{\"name\":\"Pauline\",\"@id\":\"https:\\\/\\\/www.smartbox.com\\\/fr\\\/blog\\\/#\\\/schema\\\/person\\\/0def93adb00e53abc58b626f646950ac\"},\"headline\":\"La Saint-Patrick : une vraie f\u00eate populaire en Irlande comme dans bien d&rsquo;autres endroits\",\"datePublished\":\"2019-02-25T10:58:58+00:00\",\"dateModified\":\"2024-03-13T13:57:14+00:00\",\"mainEntityOfPage\":{\"@id\":\"https:\\\/\\\/www.smartbox.com\\\/fr\\\/blog\\\/la-saint-patrick-a-dublin\\\/\"},\"wordCount\":1164,\"publisher\":{\"@id\":\"https:\\\/\\\/www.smartbox.com\\\/fr\\\/blog\\\/#organization\"},\"image\":{\"@id\":\"https:\\\/\\\/www.smartbox.com\\\/fr\\\/blog\\\/la-saint-patrick-a-dublin\\\/#primaryimage\"},\"thumbnailUrl\":\"https:\\\/\\\/www.smartbox.com\\\/fr\\\/blog\\\/wp-content\\\/uploads\\\/2019\\\/03\\\/fete-de-la-st-patrick.jpg\",\"keywords\":[\"S\u00e9jour en Europe\",\"Culture\",\"Irlande\"],\"articleSection\":[\"Voyages\"],\"inLanguage\":\"fr-FR\"},{\"@type\":\"WebPage\",\"@id\":\"https:\\\/\\\/www.smartbox.com\\\/fr\\\/blog\\\/la-saint-patrick-a-dublin\\\/\",\"url\":\"https:\\\/\\\/www.smartbox.com\\\/fr\\\/blog\\\/la-saint-patrick-a-dublin\\\/\",\"name\":\"La f\u00eate de la St Patrick : de Dublin aux pubs irlandais en France & ailleurs\",\"isPartOf\":{\"@id\":\"https:\\\/\\\/www.smartbox.com\\\/fr\\\/blog\\\/#website\"},\"primaryImageOfPage\":{\"@id\":\"https:\\\/\\\/www.smartbox.com\\\/fr\\\/blog\\\/la-saint-patrick-a-dublin\\\/#primaryimage\"},\"image\":{\"@id\":\"https:\\\/\\\/www.smartbox.com\\\/fr\\\/blog\\\/la-saint-patrick-a-dublin\\\/#primaryimage\"},\"thumbnailUrl\":\"https:\\\/\\\/www.smartbox.com\\\/fr\\\/blog\\\/wp-content\\\/uploads\\\/2019\\\/03\\\/fete-de-la-st-patrick.jpg\",\"datePublished\":\"2019-02-25T10:58:58+00:00\",\"dateModified\":\"2024-03-13T13:57:14+00:00\",\"description\":\"La f\u00eate de la Saint Patrick est magnifiquement c\u00e9l\u00e9br\u00e9e \u00e0 Dublin mais aussi dans bien d'autres villes. Nos conseils pour une St Patrick r\u00e9ussie !\",\"inLanguage\":\"fr-FR\",\"potentialAction\":[{\"@type\":\"ReadAction\",\"target\":[\"https:\\\/\\\/www.smartbox.com\\\/fr\\\/blog\\\/la-saint-patrick-a-dublin\\\/\"]}]},{\"@type\":\"ImageObject\",\"inLanguage\":\"fr-FR\",\"@id\":\"https:\\\/\\\/www.smartbox.com\\\/fr\\\/blog\\\/la-saint-patrick-a-dublin\\\/#primaryimage\",\"url\":\"https:\\\/\\\/www.smartbox.com\\\/fr\\\/blog\\\/wp-content\\\/uploads\\\/2019\\\/03\\\/fete-de-la-st-patrick.jpg\",\"contentUrl\":\"https:\\\/\\\/www.smartbox.com\\\/fr\\\/blog\\\/wp-content\\\/uploads\\\/2019\\\/03\\\/fete-de-la-st-patrick.jpg\",\"width\":1999,\"height\":1272},{\"@type\":\"WebSite\",\"@id\":\"https:\\\/\\\/www.smartbox.com\\\/fr\\\/blog\\\/#website\",\"url\":\"https:\\\/\\\/www.smartbox.com\\\/fr\\\/blog\\\/\",\"name\":\"France\",\"description\":\"\",\"publisher\":{\"@id\":\"https:\\\/\\\/www.smartbox.com\\\/fr\\\/blog\\\/#organization\"},\"potentialAction\":[{\"@type\":\"SearchAction\",\"target\":{\"@type\":\"EntryPoint\",\"urlTemplate\":\"https:\\\/\\\/www.smartbox.com\\\/fr\\\/blog\\\/?s={search_term_string}\"},\"query-input\":{\"@type\":\"PropertyValueSpecification\",\"valueRequired\":true,\"valueName\":\"search_term_string\"}}],\"inLanguage\":\"fr-FR\"},{\"@type\":\"Organization\",\"@id\":\"https:\\\/\\\/www.smartbox.com\\\/fr\\\/blog\\\/#organization\",\"name\":\"Smartbox\",\"url\":\"https:\\\/\\\/www.smartbox.com\\\/fr\\\/blog\\\/\",\"logo\":{\"@type\":\"ImageObject\",\"inLanguage\":\"fr-FR\",\"@id\":\"https:\\\/\\\/www.smartbox.com\\\/fr\\\/blog\\\/#\\\/schema\\\/logo\\\/image\\\/\",\"url\":\"https:\\\/\\\/digital.sbxtest.net\\\/fr\\\/blog\\\/wp-content\\\/uploads\\\/2022\\\/04\\\/LOGO-CH-FR-BLOG.svg\",\"contentUrl\":\"https:\\\/\\\/digital.sbxtest.net\\\/fr\\\/blog\\\/wp-content\\\/uploads\\\/2022\\\/04\\\/LOGO-CH-FR-BLOG.svg\",\"width\":1,\"height\":1,\"caption\":\"Smartbox\"},\"image\":{\"@id\":\"https:\\\/\\\/www.smartbox.com\\\/fr\\\/blog\\\/#\\\/schema\\\/logo\\\/image\\\/\"}},{\"@type\":\"Person\",\"@id\":\"https:\\\/\\\/www.smartbox.com\\\/fr\\\/blog\\\/#\\\/schema\\\/person\\\/0def93adb00e53abc58b626f646950ac\",\"name\":\"Pauline\",\"image\":{\"@type\":\"ImageObject\",\"inLanguage\":\"fr-FR\",\"@id\":\"https:\\\/\\\/secure.gravatar.com\\\/avatar\\\/de247de632eb1e17a9350d47148b33d6ef1bc46bdb2bbb993587895eaa66d4b5?s=96&d=mm&r=g\",\"url\":\"https:\\\/\\\/secure.gravatar.com\\\/avatar\\\/de247de632eb1e17a9350d47148b33d6ef1bc46bdb2bbb993587895eaa66d4b5?s=96&d=mm&r=g\",\"contentUrl\":\"https:\\\/\\\/secure.gravatar.com\\\/avatar\\\/de247de632eb1e17a9350d47148b33d6ef1bc46bdb2bbb993587895eaa66d4b5?s=96&d=mm&r=g\",\"caption\":\"Pauline\"}}]}<\/script>\n<!-- \/ Yoast SEO Premium plugin. -->","yoast_head_json":{"title":"La f\u00eate de la St Patrick : de Dublin aux pubs irlandais en France & ailleurs","description":"La f\u00eate de la Saint Patrick est magnifiquement c\u00e9l\u00e9br\u00e9e \u00e0 Dublin mais aussi dans bien d'autres villes. Nos conseils pour une St Patrick r\u00e9ussie !","robots":{"index":"index","follow":"follow","max-snippet":"max-snippet:-1","max-image-preview":"max-image-preview:large","max-video-preview":"max-video-preview:-1"},"canonical":"https:\/\/www.smartbox.com\/fr\/blog\/la-saint-patrick-a-dublin\/","og_locale":"fr_FR","og_type":"article","og_title":"La f\u00eate de la St Patrick : de Dublin aux pubs irlandais en France & ailleurs","og_description":"La f\u00eate de la Saint Patrick est magnifiquement c\u00e9l\u00e9br\u00e9e \u00e0 Dublin mais aussi dans bien d'autres villes. Nos conseils pour une St Patrick r\u00e9ussie !","og_url":"https:\/\/www.smartbox.com\/fr\/blog\/la-saint-patrick-a-dublin\/","og_site_name":"France","article_published_time":"2019-02-25T10:58:58+00:00","article_modified_time":"2024-03-13T13:57:14+00:00","og_image":[{"width":1999,"height":1272,"url":"https:\/\/www.smartbox.com\/fr\/blog\/wp-content\/uploads\/2019\/03\/fete-de-la-st-patrick.jpg","type":"image\/jpeg"}],"author":"Pauline","twitter_card":"summary_large_image","twitter_misc":{"\u00c9crit par":"Pauline","Dur\u00e9e de lecture estim\u00e9e":"6 minutes"},"schema":{"@context":"https:\/\/schema.org","@graph":[{"@type":"Article","@id":"https:\/\/www.smartbox.com\/fr\/blog\/la-saint-patrick-a-dublin\/#article","isPartOf":{"@id":"https:\/\/www.smartbox.com\/fr\/blog\/la-saint-patrick-a-dublin\/"},"author":{"name":"Pauline","@id":"https:\/\/www.smartbox.com\/fr\/blog\/#\/schema\/person\/0def93adb00e53abc58b626f646950ac"},"headline":"La Saint-Patrick : une vraie f\u00eate populaire en Irlande comme dans bien d&rsquo;autres endroits","datePublished":"2019-02-25T10:58:58+00:00","dateModified":"2024-03-13T13:57:14+00:00","mainEntityOfPage":{"@id":"https:\/\/www.smartbox.com\/fr\/blog\/la-saint-patrick-a-dublin\/"},"wordCount":1164,"publisher":{"@id":"https:\/\/www.smartbox.com\/fr\/blog\/#organization"},"image":{"@id":"https:\/\/www.smartbox.com\/fr\/blog\/la-saint-patrick-a-dublin\/#primaryimage"},"thumbnailUrl":"https:\/\/www.smartbox.com\/fr\/blog\/wp-content\/uploads\/2019\/03\/fete-de-la-st-patrick.jpg","keywords":["S\u00e9jour en Europe","Culture","Irlande"],"articleSection":["Voyages"],"inLanguage":"fr-FR"},{"@type":"WebPage","@id":"https:\/\/www.smartbox.com\/fr\/blog\/la-saint-patrick-a-dublin\/","url":"https:\/\/www.smartbox.com\/fr\/blog\/la-saint-patrick-a-dublin\/","name":"La f\u00eate de la St Patrick : de Dublin aux pubs irlandais en France & ailleurs","isPartOf":{"@id":"https:\/\/www.smartbox.com\/fr\/blog\/#website"},"primaryImageOfPage":{"@id":"https:\/\/www.smartbox.com\/fr\/blog\/la-saint-patrick-a-dublin\/#primaryimage"},"image":{"@id":"https:\/\/www.smartbox.com\/fr\/blog\/la-saint-patrick-a-dublin\/#primaryimage"},"thumbnailUrl":"https:\/\/www.smartbox.com\/fr\/blog\/wp-content\/uploads\/2019\/03\/fete-de-la-st-patrick.jpg","datePublished":"2019-02-25T10:58:58+00:00","dateModified":"2024-03-13T13:57:14+00:00","description":"La f\u00eate de la Saint Patrick est magnifiquement c\u00e9l\u00e9br\u00e9e \u00e0 Dublin mais aussi dans bien d'autres villes. Nos conseils pour une St Patrick r\u00e9ussie !","inLanguage":"fr-FR","potentialAction":[{"@type":"ReadAction","target":["https:\/\/www.smartbox.com\/fr\/blog\/la-saint-patrick-a-dublin\/"]}]},{"@type":"ImageObject","inLanguage":"fr-FR","@id":"https:\/\/www.smartbox.com\/fr\/blog\/la-saint-patrick-a-dublin\/#primaryimage","url":"https:\/\/www.smartbox.com\/fr\/blog\/wp-content\/uploads\/2019\/03\/fete-de-la-st-patrick.jpg","contentUrl":"https:\/\/www.smartbox.com\/fr\/blog\/wp-content\/uploads\/2019\/03\/fete-de-la-st-patrick.jpg","width":1999,"height":1272},{"@type":"WebSite","@id":"https:\/\/www.smartbox.com\/fr\/blog\/#website","url":"https:\/\/www.smartbox.com\/fr\/blog\/","name":"France","description":"","publisher":{"@id":"https:\/\/www.smartbox.com\/fr\/blog\/#organization"},"potentialAction":[{"@type":"SearchAction","target":{"@type":"EntryPoint","urlTemplate":"https:\/\/www.smartbox.com\/fr\/blog\/?s={search_term_string}"},"query-input":{"@type":"PropertyValueSpecification","valueRequired":true,"valueName":"search_term_string"}}],"inLanguage":"fr-FR"},{"@type":"Organization","@id":"https:\/\/www.smartbox.com\/fr\/blog\/#organization","name":"Smartbox","url":"https:\/\/www.smartbox.com\/fr\/blog\/","logo":{"@type":"ImageObject","inLanguage":"fr-FR","@id":"https:\/\/www.smartbox.com\/fr\/blog\/#\/schema\/logo\/image\/","url":"https:\/\/digital.sbxtest.net\/fr\/blog\/wp-content\/uploads\/2022\/04\/LOGO-CH-FR-BLOG.svg","contentUrl":"https:\/\/digital.sbxtest.net\/fr\/blog\/wp-content\/uploads\/2022\/04\/LOGO-CH-FR-BLOG.svg","width":1,"height":1,"caption":"Smartbox"},"image":{"@id":"https:\/\/www.smartbox.com\/fr\/blog\/#\/schema\/logo\/image\/"}},{"@type":"Person","@id":"https:\/\/www.smartbox.com\/fr\/blog\/#\/schema\/person\/0def93adb00e53abc58b626f646950ac","name":"Pauline","image":{"@type":"ImageObject","inLanguage":"fr-FR","@id":"https:\/\/secure.gravatar.com\/avatar\/de247de632eb1e17a9350d47148b33d6ef1bc46bdb2bbb993587895eaa66d4b5?s=96&d=mm&r=g","url":"https:\/\/secure.gravatar.com\/avatar\/de247de632eb1e17a9350d47148b33d6ef1bc46bdb2bbb993587895eaa66d4b5?s=96&d=mm&r=g","contentUrl":"https:\/\/secure.gravatar.com\/avatar\/de247de632eb1e17a9350d47148b33d6ef1bc46bdb2bbb993587895eaa66d4b5?s=96&d=mm&r=g","caption":"Pauline"}}]}},"amp_enabled":true,"_links":{"self":[{"href":"https:\/\/www.smartbox.com\/fr\/blog\/wp-json\/wp\/v2\/posts\/9240","targetHints":{"allow":["GET"]}}],"collection":[{"href":"https:\/\/www.smartbox.com\/fr\/blog\/wp-json\/wp\/v2\/posts"}],"about":[{"href":"https:\/\/www.smartbox.com\/fr\/blog\/wp-json\/wp\/v2\/types\/post"}],"author":[{"embeddable":true,"href":"https:\/\/www.smartbox.com\/fr\/blog\/wp-json\/wp\/v2\/users\/21"}],"replies":[{"embeddable":true,"href":"https:\/\/www.smartbox.com\/fr\/blog\/wp-json\/wp\/v2\/comments?post=9240"}],"version-history":[{"count":2,"href":"https:\/\/www.smartbox.com\/fr\/blog\/wp-json\/wp\/v2\/posts\/9240\/revisions"}],"predecessor-version":[{"id":57631,"href":"https:\/\/www.smartbox.com\/fr\/blog\/wp-json\/wp\/v2\/posts\/9240\/revisions\/57631"}],"wp:featuredmedia":[{"embeddable":true,"href":"https:\/\/www.smartbox.com\/fr\/blog\/wp-json\/wp\/v2\/media\/9242"}],"wp:attachment":[{"href":"https:\/\/www.smartbox.com\/fr\/blog\/wp-json\/wp\/v2\/media?parent=9240"}],"wp:term":[{"taxonomy":"category","embeddable":true,"href":"https:\/\/www.smartbox.com\/fr\/blog\/wp-json\/wp\/v2\/categories?post=9240"},{"taxonomy":"post_tag","embeddable":true,"href":"https:\/\/www.smartbox.com\/fr\/blog\/wp-json\/wp\/v2\/tags?post=9240"}],"curies":[{"name":"wp","href":"https:\/\/api.w.org\/{rel}","templated":true}]}}