{"id":7251,"date":"2018-09-06T09:00:34","date_gmt":"2018-09-06T08:00:34","guid":{"rendered":"https:\/\/www.smartbox.com\/fr\/blog\/?p=7251"},"modified":"2023-08-02T09:58:15","modified_gmt":"2023-08-02T08:58:15","slug":"zoom-sur-la-cathedrale-de-chartres-et-son-histoire-incroyable","status":"publish","type":"post","link":"https:\/\/www.smartbox.com\/fr\/blog\/zoom-sur-la-cathedrale-de-chartres-et-son-histoire-incroyable\/","title":{"rendered":"Zoom sur la Cath\u00e9drale de Chartres et son histoire incroyable !"},"content":{"rendered":"<div style=\"text-align: justify;\">\n<p>Parmi les splendides cath\u00e9drales r\u00e9parties sur le patrimoine fran\u00e7ais, celle de Chartres tient une bonne place. Dans le classement des <strong>plus belles cath\u00e9drales fran\u00e7aises<\/strong>, la <strong>cath\u00e9drale de Chartres<\/strong> arrive parfois quatri\u00e8me parfois cinqui\u00e8me.<\/p>\n<p>Il faut dire qu\u2019il est difficile de concourir \u00e0 c\u00f4t\u00e9 des 154 cath\u00e9drales \u00e9rig\u00e9es en France tant elles regorgent de beaut\u00e9.<\/p>\n<p>Mais si celle de Chartres est si pl\u00e9biscit\u00e9e c\u2019est sans aucun doute pour <strong>ses vitraux somptueux<\/strong> et son <strong>charme gothique si typique,<\/strong> qui lui ont d&rsquo;ailleurs valu d\u2019\u00eatre <strong>inscrite au Patrimoine Mondial de l\u2019UNESCO<\/strong>. Oui oui, rien que \u00e7a\u00a0!<\/p>\n<p>Alors embarquez avec nous pour d\u00e9couvrir les <strong>secrets de la cath\u00e9drale Notre-Dame de Chartres<\/strong>, on vous dit tout\u00a0!<\/p>\n<p><strong><a class=\"rel-pdt-btn\" href=\"https:\/\/www.smartbox.com\/fr\/centre-val-de-loire\/\" rel=\"noopener noreferrer\">A la d\u00e9couverte de Chartres\u00a0<\/a><\/strong><\/p>\n<h3><strong>La Cath\u00e9drale Notre-Dame de Chartres et ses secrets<\/strong><\/h3>\n<p>La Cath\u00e9drale de Chartres n\u2019est peut-\u00eatre pas la plus haute ni la plus ancienne ou la plus \u00e9poustouflante mais son histoire est riche et ses beaut\u00e9s nombreuses alors on a eu envie de partager avec vous quelques faits et \u00e9v\u00e9nements marquants qui ont ponctu\u00e9 la vie de cet \u00e9difice qui traverse les si\u00e8cles du haut de ses 113 m\u00e8tres.<\/p>\n<p><img loading=\"lazy\" decoding=\"async\" class=\"alignnone size-full wp-image-7261\" src=\"https:\/\/www.smartbox.com\/fr\/blog\/wp-content\/uploads\/sites\/6\/2018\/08\/visiter-chartres.jpg\" alt=\"\" width=\"4203\" height=\"3076\" srcset=\"https:\/\/www.smartbox.com\/fr\/blog\/wp-content\/uploads\/2018\/08\/visiter-chartres.jpg 4203w, https:\/\/www.smartbox.com\/fr\/blog\/wp-content\/uploads\/2018\/08\/visiter-chartres-300x220.jpg 300w, https:\/\/www.smartbox.com\/fr\/blog\/wp-content\/uploads\/2018\/08\/visiter-chartres-768x562.jpg 768w, https:\/\/www.smartbox.com\/fr\/blog\/wp-content\/uploads\/2018\/08\/visiter-chartres-1024x749.jpg 1024w\" sizes=\"auto, (max-width: 4203px) 100vw, 4203px\" \/><\/p>\n<p><strong>Un chiffre\u00a0?<br \/>\n5 000\u00a0<\/strong><\/p>\n<p>La Cath\u00e9drale Notre-Dame de Chartes est connue pour ses magnifiques vitraux qui s\u2019\u00e9tendent sur pas moins de 2 600 m<sup>2<\/sup>, r\u00e9partis sur 172 baies. Mais le chiffre que l\u2019on a trouv\u00e9 le plus impressionnant c\u2019est celui qui correspond au nombre de personnages repr\u00e9sent\u00e9s sur ces vitraux\u00a0: plus de 5 000\u00a0!<\/p>\n<p>Alors quand on sait que 5 000 personnages ont \u00e9t\u00e9 d\u00e9peints sur ces vitraux et que la Vierge Marie figure pr\u00e8s de 170 fois dans la cath\u00e9drale, on imagine la masse de travail qu\u2019a demand\u00e9 le d\u00e9cor de la cath\u00e9drale.<\/p>\n<p>Un travail important qui a eu lieu \u00e0 l\u2019origine mais qui se poursuit encore aujourd\u2019hui pour garder la splendeur de la cath\u00e9drale intacte. C\u2019est ainsi que depuis 1994, des travaux de restauration sont organis\u00e9s dans l\u2019\u00e9difice pendant certaines p\u00e9riodes pour pouvoir en restaurer diff\u00e9rentes parties.<\/p>\n<p><img loading=\"lazy\" decoding=\"async\" class=\"alignnone size-full wp-image-7255\" src=\"https:\/\/www.smartbox.com\/fr\/blog\/wp-content\/uploads\/sites\/6\/2018\/08\/vitrail-cathedrale-chartres.jpg\" alt=\"\" width=\"2155\" height=\"1534\" srcset=\"https:\/\/www.smartbox.com\/fr\/blog\/wp-content\/uploads\/2018\/08\/vitrail-cathedrale-chartres.jpg 2155w, https:\/\/www.smartbox.com\/fr\/blog\/wp-content\/uploads\/2018\/08\/vitrail-cathedrale-chartres-300x214.jpg 300w, https:\/\/www.smartbox.com\/fr\/blog\/wp-content\/uploads\/2018\/08\/vitrail-cathedrale-chartres-768x547.jpg 768w, https:\/\/www.smartbox.com\/fr\/blog\/wp-content\/uploads\/2018\/08\/vitrail-cathedrale-chartres-1024x729.jpg 1024w\" sizes=\"auto, (max-width: 2155px) 100vw, 2155px\" \/><\/p>\n<blockquote><p><a href=\"https:\/\/www.smartbox.com\/fr\/nos-smartbox\/sejour\/sejour-de-3-jours-dans-un-chateau-avec-acces-au-spa-pres-de-chartres-1541562.html\"><strong>H\u00f4tel \u00e0 Chartres<\/strong><\/a><\/p><\/blockquote>\n<p><strong>Une couleur\u00a0? <\/strong><\/p>\n<p><strong>Le bleu de Chartres<\/strong><\/p>\n<p>Vous connaissez certainement le bleu turquoise, le bleu roi, le bleu gris, \u2026 Mais connaissiez-vous le bleu de Chartres\u00a0?<\/p>\n<p>Le bleu de Chartres a \u00e9t\u00e9 invent\u00e9 au 12<sup>\u00e8me<\/sup> si\u00e8cle, lors de la cr\u00e9ation de Notre-Dame de la Belle Verri\u00e8re (certainement le vitrail le plus c\u00e9l\u00e8bre de la cath\u00e9drale). C\u2019est un bleu unique qui est particuli\u00e8rement lumineux et qui \u00e9tait utilis\u00e9 \u00e0 l\u2019\u00e9poque lors de la conception de vitraux.<\/p>\n<p>Il a malheureusement disparu au 13<sup>\u00e8me<\/sup> si\u00e8cle suite \u00e0 une modification du processus de fabrication du verre pour \u00eatre remplac\u00e9 par un bleu l\u00e9g\u00e8rement plus fonc\u00e9 et surtout moins lumineux.<\/p>\n<p>Une ville qui a sa propre couleur, ce n\u2019est pas tous les jours qu\u2019on en visite\u00a0!<\/p>\n<p><strong>Une dur\u00e9e\u00a0? <\/strong><\/p>\n<p><strong>25 ans <\/strong><\/p>\n<p>C\u2019est le temps qu\u2019il fallut pour construire la Cath\u00e9drale gothique de Chartres.<\/p>\n<p>En 1194 un incendie d\u00e9truisit l\u2019\u00e9difice qui \u00e9tait pr\u00e9sent avant la cath\u00e9drale telle qu\u2019on la connait aujourd\u2019hui. C\u2019est suite \u00e0 cet \u00e9v\u00e9nement que la grande cath\u00e9drale gothique de Chartres est commandit\u00e9e par l\u2019\u00e9v\u00eaque Renaud de Mousson.<\/p>\n<p>Alors que les grands chantiers de l\u2019\u00e9poque prenaient des d\u00e9cennies et des d\u00e9cennies, la construction de la cath\u00e9drale de Chartres est bien plus rapide, puisqu\u2019en 1221 le gros \u0153uvre est d\u00e9j\u00e0 termin\u00e9.<\/p>\n<p>A titre de comparaison, pr\u00e8s de deux si\u00e8cles ont \u00e9t\u00e9 n\u00e9cessaire \u00e0 la construction de la cath\u00e9drale Notre-Dame de Paris\u00a0!<\/p>\n<p><img loading=\"lazy\" decoding=\"async\" class=\"alignnone size-full wp-image-7259\" src=\"https:\/\/www.smartbox.com\/fr\/blog\/wp-content\/uploads\/sites\/6\/2018\/08\/cathedrale-de-chartres.jpg\" alt=\"\" width=\"2478\" height=\"1438\" srcset=\"https:\/\/www.smartbox.com\/fr\/blog\/wp-content\/uploads\/2018\/08\/cathedrale-de-chartres.jpg 2478w, https:\/\/www.smartbox.com\/fr\/blog\/wp-content\/uploads\/2018\/08\/cathedrale-de-chartres-300x174.jpg 300w, https:\/\/www.smartbox.com\/fr\/blog\/wp-content\/uploads\/2018\/08\/cathedrale-de-chartres-768x446.jpg 768w, https:\/\/www.smartbox.com\/fr\/blog\/wp-content\/uploads\/2018\/08\/cathedrale-de-chartres-1024x594.jpg 1024w\" sizes=\"auto, (max-width: 2478px) 100vw, 2478px\" \/><\/p>\n<p><strong>Un v\u00eatement\u00a0? <\/strong><\/p>\n<p><strong>Un voile <\/strong><\/p>\n<p>C\u2019est dans la crypte Saint-Lubin que se cache la c\u00e9l\u00e8bre relique que contient la cath\u00e9drale\u00a0: le voile que la Vierge Marie aurait port\u00e9 lorsqu\u2019elle a donn\u00e9 naissance \u00e0 J\u00e9sus.<\/p>\n<p>C\u2019est en 876 que Charles le Chauve alors Roi de France offrit cette relique et fit de Chartres un lieu important pour les p\u00e8lerins. Encore aujourd\u2019hui les p\u00e8lerins sont nombreux \u00e0 venir visiter la cath\u00e9drale de Chartres qui voit d\u00e9filer dans ses all\u00e9es plus d\u2019un million de visiteurs chaque ann\u00e9e.<\/p>\n<p><a href=\"https:\/\/www.smartbox.com\/fr\/blog\/visite-tour-eiffel\/\"><img loading=\"lazy\" decoding=\"async\" class=\"alignnone size-full wp-image-7257\" src=\"https:\/\/www.smartbox.com\/fr\/blog\/wp-content\/uploads\/sites\/6\/2018\/08\/article-sur-la-tour-eiffel.jpg\" alt=\"\" width=\"1611\" height=\"428\" srcset=\"https:\/\/www.smartbox.com\/fr\/blog\/wp-content\/uploads\/2018\/08\/article-sur-la-tour-eiffel.jpg 1611w, https:\/\/www.smartbox.com\/fr\/blog\/wp-content\/uploads\/2018\/08\/article-sur-la-tour-eiffel-300x80.jpg 300w, https:\/\/www.smartbox.com\/fr\/blog\/wp-content\/uploads\/2018\/08\/article-sur-la-tour-eiffel-768x204.jpg 768w, https:\/\/www.smartbox.com\/fr\/blog\/wp-content\/uploads\/2018\/08\/article-sur-la-tour-eiffel-1024x272.jpg 1024w\" sizes=\"auto, (max-width: 1611px) 100vw, 1611px\" \/><\/a><\/p>\n<\/div>\n","protected":false},"excerpt":{"rendered":"<p>Parmi les splendides cath\u00e9drales r\u00e9parties sur le patrimoine fran\u00e7ais, celle de Chartres tient une bonne place. Dans le classement des plus belles cath\u00e9drales fran\u00e7aises, la cath\u00e9drale de Chartres arrive parfois quatri\u00e8me parfois cinqui\u00e8me. Il faut dire qu\u2019il est difficile de concourir \u00e0 c\u00f4t\u00e9 des 154 cath\u00e9drales \u00e9rig\u00e9es en France tant elles regorgent de beaut\u00e9. Mais [&hellip;]<\/p>\n","protected":false},"author":21,"featured_media":7253,"comment_status":"closed","ping_status":"closed","sticky":false,"template":"","format":"standard","meta":{"_acf_changed":false,"footnotes":""},"categories":[273],"tags":[149,527,593],"class_list":["post-7251","post","type-post","status-publish","format-standard","has-post-thumbnail","hentry","category-zoom-sur","tag-week-end-en-amoureux","tag-idees-de-voyage","tag-histoire"],"acf":[],"yoast_head":"<!-- This site is optimized with the Yoast SEO Premium plugin v21.7 (Yoast SEO v27.4) - https:\/\/yoast.com\/product\/yoast-seo-premium-wordpress\/ -->\n<title>Zoom sur la Cath\u00e9drale de Chartres et son histoire incroyable !<\/title>\n<meta name=\"description\" content=\"Parmi les plus belles cath\u00e9drales r\u00e9parties sur le territoire fran\u00e7ais, celle de Chartres arrive dans les premi\u00e8res positions. Une place bien m\u00e9rit\u00e9e quand on d\u00e9couvre l\u2019architecture, l\u2019histoire et les secrets de cette cath\u00e9drale gothique inscrite au Patrimoine Mondial de l&#039;UNESCO. On vous dit tout dans cet article !\" \/>\n<meta name=\"robots\" content=\"index, follow, max-snippet:-1, max-image-preview:large, max-video-preview:-1\" \/>\n<link rel=\"canonical\" href=\"https:\/\/www.smartbox.com\/fr\/blog\/zoom-sur-la-cathedrale-de-chartres-et-son-histoire-incroyable\/\" \/>\n<meta property=\"og:locale\" content=\"fr_FR\" \/>\n<meta property=\"og:type\" content=\"article\" \/>\n<meta property=\"og:title\" content=\"Zoom sur la Cath\u00e9drale de Chartres et son histoire incroyable !\" \/>\n<meta property=\"og:description\" content=\"Parmi les plus belles cath\u00e9drales r\u00e9parties sur le territoire fran\u00e7ais, celle de Chartres arrive dans les premi\u00e8res positions. Une place bien m\u00e9rit\u00e9e quand on d\u00e9couvre l\u2019architecture, l\u2019histoire et les secrets de cette cath\u00e9drale gothique inscrite au Patrimoine Mondial de l&#039;UNESCO. On vous dit tout dans cet article !\" \/>\n<meta property=\"og:url\" content=\"https:\/\/www.smartbox.com\/fr\/blog\/zoom-sur-la-cathedrale-de-chartres-et-son-histoire-incroyable\/\" \/>\n<meta property=\"og:site_name\" content=\"France\" \/>\n<meta property=\"article:published_time\" content=\"2018-09-06T08:00:34+00:00\" \/>\n<meta property=\"article:modified_time\" content=\"2023-08-02T08:58:15+00:00\" \/>\n<meta property=\"og:image\" content=\"https:\/\/www.smartbox.com\/fr\/blog\/wp-content\/uploads\/2018\/08\/visiter-cathedrale-de-chartres-scaled.jpg\" \/>\n\t<meta property=\"og:image:width\" content=\"2560\" \/>\n\t<meta property=\"og:image:height\" content=\"1922\" \/>\n\t<meta property=\"og:image:type\" content=\"image\/jpeg\" \/>\n<meta name=\"author\" content=\"Pauline\" \/>\n<meta name=\"twitter:card\" content=\"summary_large_image\" \/>\n<meta name=\"twitter:label1\" content=\"\u00c9crit par\" \/>\n\t<meta name=\"twitter:data1\" content=\"Pauline\" \/>\n\t<meta name=\"twitter:label2\" content=\"Dur\u00e9e de lecture estim\u00e9e\" \/>\n\t<meta name=\"twitter:data2\" content=\"5 minutes\" \/>\n<script type=\"application\/ld+json\" class=\"yoast-schema-graph\">{\"@context\":\"https:\\\/\\\/schema.org\",\"@graph\":[{\"@type\":\"Article\",\"@id\":\"https:\\\/\\\/www.smartbox.com\\\/fr\\\/blog\\\/zoom-sur-la-cathedrale-de-chartres-et-son-histoire-incroyable\\\/#article\",\"isPartOf\":{\"@id\":\"https:\\\/\\\/www.smartbox.com\\\/fr\\\/blog\\\/zoom-sur-la-cathedrale-de-chartres-et-son-histoire-incroyable\\\/\"},\"author\":{\"name\":\"Pauline\",\"@id\":\"https:\\\/\\\/www.smartbox.com\\\/fr\\\/blog\\\/#\\\/schema\\\/person\\\/0def93adb00e53abc58b626f646950ac\"},\"headline\":\"Zoom sur la Cath\u00e9drale de Chartres et son histoire incroyable !\",\"datePublished\":\"2018-09-06T08:00:34+00:00\",\"dateModified\":\"2023-08-02T08:58:15+00:00\",\"mainEntityOfPage\":{\"@id\":\"https:\\\/\\\/www.smartbox.com\\\/fr\\\/blog\\\/zoom-sur-la-cathedrale-de-chartres-et-son-histoire-incroyable\\\/\"},\"wordCount\":722,\"publisher\":{\"@id\":\"https:\\\/\\\/www.smartbox.com\\\/fr\\\/blog\\\/#organization\"},\"image\":{\"@id\":\"https:\\\/\\\/www.smartbox.com\\\/fr\\\/blog\\\/zoom-sur-la-cathedrale-de-chartres-et-son-histoire-incroyable\\\/#primaryimage\"},\"thumbnailUrl\":\"https:\\\/\\\/www.smartbox.com\\\/fr\\\/blog\\\/wp-content\\\/uploads\\\/2018\\\/08\\\/visiter-cathedrale-de-chartres-scaled.jpg\",\"keywords\":[\"Week-end en amoureux\",\"Id\u00e9es de voyage\",\"Histoire\"],\"articleSection\":[\"Zoom sur\"],\"inLanguage\":\"fr-FR\"},{\"@type\":\"WebPage\",\"@id\":\"https:\\\/\\\/www.smartbox.com\\\/fr\\\/blog\\\/zoom-sur-la-cathedrale-de-chartres-et-son-histoire-incroyable\\\/\",\"url\":\"https:\\\/\\\/www.smartbox.com\\\/fr\\\/blog\\\/zoom-sur-la-cathedrale-de-chartres-et-son-histoire-incroyable\\\/\",\"name\":\"Zoom sur la Cath\u00e9drale de Chartres et son histoire incroyable !\",\"isPartOf\":{\"@id\":\"https:\\\/\\\/www.smartbox.com\\\/fr\\\/blog\\\/#website\"},\"primaryImageOfPage\":{\"@id\":\"https:\\\/\\\/www.smartbox.com\\\/fr\\\/blog\\\/zoom-sur-la-cathedrale-de-chartres-et-son-histoire-incroyable\\\/#primaryimage\"},\"image\":{\"@id\":\"https:\\\/\\\/www.smartbox.com\\\/fr\\\/blog\\\/zoom-sur-la-cathedrale-de-chartres-et-son-histoire-incroyable\\\/#primaryimage\"},\"thumbnailUrl\":\"https:\\\/\\\/www.smartbox.com\\\/fr\\\/blog\\\/wp-content\\\/uploads\\\/2018\\\/08\\\/visiter-cathedrale-de-chartres-scaled.jpg\",\"datePublished\":\"2018-09-06T08:00:34+00:00\",\"dateModified\":\"2023-08-02T08:58:15+00:00\",\"description\":\"Parmi les plus belles cath\u00e9drales r\u00e9parties sur le territoire fran\u00e7ais, celle de Chartres arrive dans les premi\u00e8res positions. Une place bien m\u00e9rit\u00e9e quand on d\u00e9couvre l\u2019architecture, l\u2019histoire et les secrets de cette cath\u00e9drale gothique inscrite au Patrimoine Mondial de l'UNESCO. On vous dit tout dans cet article !\",\"inLanguage\":\"fr-FR\",\"potentialAction\":[{\"@type\":\"ReadAction\",\"target\":[\"https:\\\/\\\/www.smartbox.com\\\/fr\\\/blog\\\/zoom-sur-la-cathedrale-de-chartres-et-son-histoire-incroyable\\\/\"]}]},{\"@type\":\"ImageObject\",\"inLanguage\":\"fr-FR\",\"@id\":\"https:\\\/\\\/www.smartbox.com\\\/fr\\\/blog\\\/zoom-sur-la-cathedrale-de-chartres-et-son-histoire-incroyable\\\/#primaryimage\",\"url\":\"https:\\\/\\\/www.smartbox.com\\\/fr\\\/blog\\\/wp-content\\\/uploads\\\/2018\\\/08\\\/visiter-cathedrale-de-chartres-scaled.jpg\",\"contentUrl\":\"https:\\\/\\\/www.smartbox.com\\\/fr\\\/blog\\\/wp-content\\\/uploads\\\/2018\\\/08\\\/visiter-cathedrale-de-chartres-scaled.jpg\",\"width\":2560,\"height\":1922},{\"@type\":\"WebSite\",\"@id\":\"https:\\\/\\\/www.smartbox.com\\\/fr\\\/blog\\\/#website\",\"url\":\"https:\\\/\\\/www.smartbox.com\\\/fr\\\/blog\\\/\",\"name\":\"France\",\"description\":\"\",\"publisher\":{\"@id\":\"https:\\\/\\\/www.smartbox.com\\\/fr\\\/blog\\\/#organization\"},\"potentialAction\":[{\"@type\":\"SearchAction\",\"target\":{\"@type\":\"EntryPoint\",\"urlTemplate\":\"https:\\\/\\\/www.smartbox.com\\\/fr\\\/blog\\\/?s={search_term_string}\"},\"query-input\":{\"@type\":\"PropertyValueSpecification\",\"valueRequired\":true,\"valueName\":\"search_term_string\"}}],\"inLanguage\":\"fr-FR\"},{\"@type\":\"Organization\",\"@id\":\"https:\\\/\\\/www.smartbox.com\\\/fr\\\/blog\\\/#organization\",\"name\":\"Smartbox\",\"url\":\"https:\\\/\\\/www.smartbox.com\\\/fr\\\/blog\\\/\",\"logo\":{\"@type\":\"ImageObject\",\"inLanguage\":\"fr-FR\",\"@id\":\"https:\\\/\\\/www.smartbox.com\\\/fr\\\/blog\\\/#\\\/schema\\\/logo\\\/image\\\/\",\"url\":\"https:\\\/\\\/digital.sbxtest.net\\\/fr\\\/blog\\\/wp-content\\\/uploads\\\/2022\\\/04\\\/LOGO-CH-FR-BLOG.svg\",\"contentUrl\":\"https:\\\/\\\/digital.sbxtest.net\\\/fr\\\/blog\\\/wp-content\\\/uploads\\\/2022\\\/04\\\/LOGO-CH-FR-BLOG.svg\",\"width\":1,\"height\":1,\"caption\":\"Smartbox\"},\"image\":{\"@id\":\"https:\\\/\\\/www.smartbox.com\\\/fr\\\/blog\\\/#\\\/schema\\\/logo\\\/image\\\/\"}},{\"@type\":\"Person\",\"@id\":\"https:\\\/\\\/www.smartbox.com\\\/fr\\\/blog\\\/#\\\/schema\\\/person\\\/0def93adb00e53abc58b626f646950ac\",\"name\":\"Pauline\",\"image\":{\"@type\":\"ImageObject\",\"inLanguage\":\"fr-FR\",\"@id\":\"https:\\\/\\\/secure.gravatar.com\\\/avatar\\\/de247de632eb1e17a9350d47148b33d6ef1bc46bdb2bbb993587895eaa66d4b5?s=96&d=mm&r=g\",\"url\":\"https:\\\/\\\/secure.gravatar.com\\\/avatar\\\/de247de632eb1e17a9350d47148b33d6ef1bc46bdb2bbb993587895eaa66d4b5?s=96&d=mm&r=g\",\"contentUrl\":\"https:\\\/\\\/secure.gravatar.com\\\/avatar\\\/de247de632eb1e17a9350d47148b33d6ef1bc46bdb2bbb993587895eaa66d4b5?s=96&d=mm&r=g\",\"caption\":\"Pauline\"}}]}<\/script>\n<!-- \/ Yoast SEO Premium plugin. -->","yoast_head_json":{"title":"Zoom sur la Cath\u00e9drale de Chartres et son histoire incroyable !","description":"Parmi les plus belles cath\u00e9drales r\u00e9parties sur le territoire fran\u00e7ais, celle de Chartres arrive dans les premi\u00e8res positions. Une place bien m\u00e9rit\u00e9e quand on d\u00e9couvre l\u2019architecture, l\u2019histoire et les secrets de cette cath\u00e9drale gothique inscrite au Patrimoine Mondial de l'UNESCO. On vous dit tout dans cet article !","robots":{"index":"index","follow":"follow","max-snippet":"max-snippet:-1","max-image-preview":"max-image-preview:large","max-video-preview":"max-video-preview:-1"},"canonical":"https:\/\/www.smartbox.com\/fr\/blog\/zoom-sur-la-cathedrale-de-chartres-et-son-histoire-incroyable\/","og_locale":"fr_FR","og_type":"article","og_title":"Zoom sur la Cath\u00e9drale de Chartres et son histoire incroyable !","og_description":"Parmi les plus belles cath\u00e9drales r\u00e9parties sur le territoire fran\u00e7ais, celle de Chartres arrive dans les premi\u00e8res positions. Une place bien m\u00e9rit\u00e9e quand on d\u00e9couvre l\u2019architecture, l\u2019histoire et les secrets de cette cath\u00e9drale gothique inscrite au Patrimoine Mondial de l'UNESCO. On vous dit tout dans cet article !","og_url":"https:\/\/www.smartbox.com\/fr\/blog\/zoom-sur-la-cathedrale-de-chartres-et-son-histoire-incroyable\/","og_site_name":"France","article_published_time":"2018-09-06T08:00:34+00:00","article_modified_time":"2023-08-02T08:58:15+00:00","og_image":[{"width":2560,"height":1922,"url":"https:\/\/www.smartbox.com\/fr\/blog\/wp-content\/uploads\/2018\/08\/visiter-cathedrale-de-chartres-scaled.jpg","type":"image\/jpeg"}],"author":"Pauline","twitter_card":"summary_large_image","twitter_misc":{"\u00c9crit par":"Pauline","Dur\u00e9e de lecture estim\u00e9e":"5 minutes"},"schema":{"@context":"https:\/\/schema.org","@graph":[{"@type":"Article","@id":"https:\/\/www.smartbox.com\/fr\/blog\/zoom-sur-la-cathedrale-de-chartres-et-son-histoire-incroyable\/#article","isPartOf":{"@id":"https:\/\/www.smartbox.com\/fr\/blog\/zoom-sur-la-cathedrale-de-chartres-et-son-histoire-incroyable\/"},"author":{"name":"Pauline","@id":"https:\/\/www.smartbox.com\/fr\/blog\/#\/schema\/person\/0def93adb00e53abc58b626f646950ac"},"headline":"Zoom sur la Cath\u00e9drale de Chartres et son histoire incroyable !","datePublished":"2018-09-06T08:00:34+00:00","dateModified":"2023-08-02T08:58:15+00:00","mainEntityOfPage":{"@id":"https:\/\/www.smartbox.com\/fr\/blog\/zoom-sur-la-cathedrale-de-chartres-et-son-histoire-incroyable\/"},"wordCount":722,"publisher":{"@id":"https:\/\/www.smartbox.com\/fr\/blog\/#organization"},"image":{"@id":"https:\/\/www.smartbox.com\/fr\/blog\/zoom-sur-la-cathedrale-de-chartres-et-son-histoire-incroyable\/#primaryimage"},"thumbnailUrl":"https:\/\/www.smartbox.com\/fr\/blog\/wp-content\/uploads\/2018\/08\/visiter-cathedrale-de-chartres-scaled.jpg","keywords":["Week-end en amoureux","Id\u00e9es de voyage","Histoire"],"articleSection":["Zoom sur"],"inLanguage":"fr-FR"},{"@type":"WebPage","@id":"https:\/\/www.smartbox.com\/fr\/blog\/zoom-sur-la-cathedrale-de-chartres-et-son-histoire-incroyable\/","url":"https:\/\/www.smartbox.com\/fr\/blog\/zoom-sur-la-cathedrale-de-chartres-et-son-histoire-incroyable\/","name":"Zoom sur la Cath\u00e9drale de Chartres et son histoire incroyable !","isPartOf":{"@id":"https:\/\/www.smartbox.com\/fr\/blog\/#website"},"primaryImageOfPage":{"@id":"https:\/\/www.smartbox.com\/fr\/blog\/zoom-sur-la-cathedrale-de-chartres-et-son-histoire-incroyable\/#primaryimage"},"image":{"@id":"https:\/\/www.smartbox.com\/fr\/blog\/zoom-sur-la-cathedrale-de-chartres-et-son-histoire-incroyable\/#primaryimage"},"thumbnailUrl":"https:\/\/www.smartbox.com\/fr\/blog\/wp-content\/uploads\/2018\/08\/visiter-cathedrale-de-chartres-scaled.jpg","datePublished":"2018-09-06T08:00:34+00:00","dateModified":"2023-08-02T08:58:15+00:00","description":"Parmi les plus belles cath\u00e9drales r\u00e9parties sur le territoire fran\u00e7ais, celle de Chartres arrive dans les premi\u00e8res positions. Une place bien m\u00e9rit\u00e9e quand on d\u00e9couvre l\u2019architecture, l\u2019histoire et les secrets de cette cath\u00e9drale gothique inscrite au Patrimoine Mondial de l'UNESCO. On vous dit tout dans cet article !","inLanguage":"fr-FR","potentialAction":[{"@type":"ReadAction","target":["https:\/\/www.smartbox.com\/fr\/blog\/zoom-sur-la-cathedrale-de-chartres-et-son-histoire-incroyable\/"]}]},{"@type":"ImageObject","inLanguage":"fr-FR","@id":"https:\/\/www.smartbox.com\/fr\/blog\/zoom-sur-la-cathedrale-de-chartres-et-son-histoire-incroyable\/#primaryimage","url":"https:\/\/www.smartbox.com\/fr\/blog\/wp-content\/uploads\/2018\/08\/visiter-cathedrale-de-chartres-scaled.jpg","contentUrl":"https:\/\/www.smartbox.com\/fr\/blog\/wp-content\/uploads\/2018\/08\/visiter-cathedrale-de-chartres-scaled.jpg","width":2560,"height":1922},{"@type":"WebSite","@id":"https:\/\/www.smartbox.com\/fr\/blog\/#website","url":"https:\/\/www.smartbox.com\/fr\/blog\/","name":"France","description":"","publisher":{"@id":"https:\/\/www.smartbox.com\/fr\/blog\/#organization"},"potentialAction":[{"@type":"SearchAction","target":{"@type":"EntryPoint","urlTemplate":"https:\/\/www.smartbox.com\/fr\/blog\/?s={search_term_string}"},"query-input":{"@type":"PropertyValueSpecification","valueRequired":true,"valueName":"search_term_string"}}],"inLanguage":"fr-FR"},{"@type":"Organization","@id":"https:\/\/www.smartbox.com\/fr\/blog\/#organization","name":"Smartbox","url":"https:\/\/www.smartbox.com\/fr\/blog\/","logo":{"@type":"ImageObject","inLanguage":"fr-FR","@id":"https:\/\/www.smartbox.com\/fr\/blog\/#\/schema\/logo\/image\/","url":"https:\/\/digital.sbxtest.net\/fr\/blog\/wp-content\/uploads\/2022\/04\/LOGO-CH-FR-BLOG.svg","contentUrl":"https:\/\/digital.sbxtest.net\/fr\/blog\/wp-content\/uploads\/2022\/04\/LOGO-CH-FR-BLOG.svg","width":1,"height":1,"caption":"Smartbox"},"image":{"@id":"https:\/\/www.smartbox.com\/fr\/blog\/#\/schema\/logo\/image\/"}},{"@type":"Person","@id":"https:\/\/www.smartbox.com\/fr\/blog\/#\/schema\/person\/0def93adb00e53abc58b626f646950ac","name":"Pauline","image":{"@type":"ImageObject","inLanguage":"fr-FR","@id":"https:\/\/secure.gravatar.com\/avatar\/de247de632eb1e17a9350d47148b33d6ef1bc46bdb2bbb993587895eaa66d4b5?s=96&d=mm&r=g","url":"https:\/\/secure.gravatar.com\/avatar\/de247de632eb1e17a9350d47148b33d6ef1bc46bdb2bbb993587895eaa66d4b5?s=96&d=mm&r=g","contentUrl":"https:\/\/secure.gravatar.com\/avatar\/de247de632eb1e17a9350d47148b33d6ef1bc46bdb2bbb993587895eaa66d4b5?s=96&d=mm&r=g","caption":"Pauline"}}]}},"amp_enabled":true,"_links":{"self":[{"href":"https:\/\/www.smartbox.com\/fr\/blog\/wp-json\/wp\/v2\/posts\/7251","targetHints":{"allow":["GET"]}}],"collection":[{"href":"https:\/\/www.smartbox.com\/fr\/blog\/wp-json\/wp\/v2\/posts"}],"about":[{"href":"https:\/\/www.smartbox.com\/fr\/blog\/wp-json\/wp\/v2\/types\/post"}],"author":[{"embeddable":true,"href":"https:\/\/www.smartbox.com\/fr\/blog\/wp-json\/wp\/v2\/users\/21"}],"replies":[{"embeddable":true,"href":"https:\/\/www.smartbox.com\/fr\/blog\/wp-json\/wp\/v2\/comments?post=7251"}],"version-history":[{"count":3,"href":"https:\/\/www.smartbox.com\/fr\/blog\/wp-json\/wp\/v2\/posts\/7251\/revisions"}],"predecessor-version":[{"id":57300,"href":"https:\/\/www.smartbox.com\/fr\/blog\/wp-json\/wp\/v2\/posts\/7251\/revisions\/57300"}],"wp:featuredmedia":[{"embeddable":true,"href":"https:\/\/www.smartbox.com\/fr\/blog\/wp-json\/wp\/v2\/media\/7253"}],"wp:attachment":[{"href":"https:\/\/www.smartbox.com\/fr\/blog\/wp-json\/wp\/v2\/media?parent=7251"}],"wp:term":[{"taxonomy":"category","embeddable":true,"href":"https:\/\/www.smartbox.com\/fr\/blog\/wp-json\/wp\/v2\/categories?post=7251"},{"taxonomy":"post_tag","embeddable":true,"href":"https:\/\/www.smartbox.com\/fr\/blog\/wp-json\/wp\/v2\/tags?post=7251"}],"curies":[{"name":"wp","href":"https:\/\/api.w.org\/{rel}","templated":true}]}}