{"id":6725,"date":"2018-07-12T12:52:00","date_gmt":"2018-07-12T11:52:00","guid":{"rendered":"https:\/\/smartbox-blog.fbapphouse.com\/?p=6725"},"modified":"2023-07-26T13:35:23","modified_gmt":"2023-07-26T12:35:23","slug":"week-end-besancon-bons-plans","status":"publish","type":"post","link":"https:\/\/www.smartbox.com\/fr\/blog\/week-end-besancon-bons-plans\/","title":{"rendered":"Vacances \u00e0 Besan\u00e7on : les bons plans de Laure-Line, notre franc-comtoise d\u2019origine !"},"content":{"rendered":"<div style=\"text-align: justify;\">\n<h3><strong>Notre s\u00e9rie \u00ab\u00a0O\u00f9 partir cet \u00e9t\u00e9\u00a0\u00bb continue avec une destination 100% nature, terroir et histoire ! <\/strong><\/h3>\n<p>Apr\u00e8s <a href=\"https:\/\/www.smartbox.com\/fr\/blog\/weekend-a-barcelone-quoi-visiter\/\">notre article sur Barcelone<\/a>, nous avons d\u00e9cid\u00e9 de vous emmener du c\u00f4t\u00e9 de l\u2019Est de la France pour des vacances \u00e0 la fois reposantes, riches en d\u00e9couvertes et qui vont sans aucun doute faire fr\u00e9tiller vos papilles.<\/p>\n<p>A la pause d\u00e9jeuner, Laure-Line ne manque jamais une occasion de nous parler de sa Franche-Comt\u00e9 natale, du d\u00e9licieux fromage qui y est produit, du vin jaune si typique du Jura et des belles balades \u00e0 faire par chez elle. Alors on l\u2019a pris au mot et on a justement eu envie de savoir ce qu\u2019il y a de bien \u00e0 faire \u00ab\u00a0par chez elle\u00a0\u00bb.<\/p>\n<p>Et comme pour notre tour d\u2019Europe des villes o\u00f9 partir cet \u00e9t\u00e9 nous avons d\u00e9cid\u00e9 de vous emmener aux quatre coins du continent mais aussi de vous donner des conseils sur les belles destinations \u00e0 visiter en France, on fait un tour d\u2019horizon avec Laure-Line des meilleures choses \u00e0 faire \u00e0 Besan\u00e7on et en Franche-Comt\u00e9\u00a0!<\/p>\n<p><strong><a class=\"rel-pdt-btn\" href=\"https:\/\/www.smartbox.com\/fr\/bourgogne-franche-comte\/\" rel=\"noopener noreferrer\">Besan\u00e7on on arrive\u00a0!<\/a><\/strong><\/p>\n<h3><strong>Laure-Line nous dit tout sur les meilleurs coins \u00e0 visiter \u00e0 Besan\u00e7on\u00a0: <\/strong><\/h3>\n<p><strong>La citadelle de Besan\u00e7on\u00a0: <\/strong><\/p>\n<p>La citadelle de Besan\u00e7on c\u2019est l\u2019endroit dont Laure-Line nous a tout de suite parl\u00e9. C\u2019est vrai que lorsque l\u2019on a dans sa ville un tel \u00e9difice construit par un architecte aussi c\u00e9l\u00e8bre que Vauban ce serait dommage de ne pas en parler avec une pointe de fiert\u00e9 dans la voix !<\/p>\n<p>Mais pourquoi faut-il vraiment aller voir cette citadelle\u00a0? Tout simplement parce que ce chef d\u2019\u0153uvre de Vauban qui domine largement la ville avec ses 12 hectares de superficie et ses vues splendides sur Besan\u00e7on est un incontournable. Premier site culturel et touristique du Centre Est, c\u2019est l\u2019un des lieux inscrits au Patrimoine mondial de l\u2019UNESCO qu\u2019il ne vous faut surtout pas manquer si vous passez un week-end \u00e0 Besan\u00e7on.<\/p>\n<p><img loading=\"lazy\" decoding=\"async\" class=\"alignnone size-full wp-image-9718\" src=\"https:\/\/www.smartbox.com\/fr\/blog\/wp-content\/uploads\/sites\/6\/2018\/07\/sejour-besancon.png\" alt=\"S\u00e9jour \u00e0 Besan\u00e7on\" width=\"1863\" height=\"930\" srcset=\"https:\/\/www.smartbox.com\/fr\/blog\/wp-content\/uploads\/2018\/07\/sejour-besancon.png 1863w, https:\/\/www.smartbox.com\/fr\/blog\/wp-content\/uploads\/2018\/07\/sejour-besancon-300x150.png 300w, https:\/\/www.smartbox.com\/fr\/blog\/wp-content\/uploads\/2018\/07\/sejour-besancon-768x383.png 768w, https:\/\/www.smartbox.com\/fr\/blog\/wp-content\/uploads\/2018\/07\/sejour-besancon-1024x511.png 1024w\" sizes=\"auto, (max-width: 1863px) 100vw, 1863px\" \/><\/p>\n<p><strong>Le march\u00e9\u00a0Beaux-arts\u00a0: <\/strong><\/p>\n<p>C\u2019est bien connu, la Franche-Comt\u00e9 est un haut lieu de gastronomie. Les gourmands ne se trompent jamais en allant faire un tour du c\u00f4t\u00e9 de Besan\u00e7on car entre le Comt\u00e9, la saucisse de Morteau, l\u2019Absinthe, le Mont-d\u2019or ou encore le Morbier on peut dire que niveau gastronomie c\u2019est un vrai paradis fait de produits du coin !<\/p>\n<p>Du coup Laure-Line nous a conseill\u00e9 d\u2019aller au march\u00e9 Beaux-arts, un charmant march\u00e9 couvert ouvert du mardi au dimanche, pour faire le plein de victuailles locales, avec un autre conseil en prime\u00a0: acheter du Comt\u00e9 et une bouteille de vin jaune \u00e0 ramener apr\u00e8s ses vacances pour se rappeler combien la Franche-Comt\u00e9 est g\u00e9n\u00e9reuse envers ceux qui aiment les petits plaisirs de la vie.<\/p>\n<p><strong>La place de la R\u00e9volution\u00a0: <\/strong><\/p>\n<p>Apr\u00e8s vous \u00eatre balad\u00e9 dans la citadelle de Besan\u00e7on et avoir rempli votre sac \u00e0 dos de sp\u00e9cialit\u00e9s locales, vous m\u00e9riterez bien une petite pause. Alors direction la place de la R\u00e9volution qui se trouve \u00e0 quelques pas du march\u00e9 Beaux-Arts. Attablez-vous \u00e0 la table d\u2019une terrasse de caf\u00e9 ou d\u2019un restaurant et profitez de l\u2019atmosph\u00e8re agr\u00e9able de cette place en profitant de la qui\u00e9tude d\u2019un centre-ville pi\u00e9tonnier o\u00f9 nulle voiture viendra perturber votre d\u00e9gustation de vin du Jura et votre d\u00e9couverte des fromages de la r\u00e9gion.<\/p>\n<p>N\u2019est-ce pas id\u00e9al pour une pause gourmande entre deux visites\u00a0?<\/p>\n<p><img loading=\"lazy\" decoding=\"async\" class=\"alignnone size-full wp-image-9710\" src=\"https:\/\/www.smartbox.com\/fr\/blog\/wp-content\/uploads\/sites\/6\/2018\/07\/weekend-bourgogne-1.jpg\" alt=\"S\u00e9jour en Bourgogne\" width=\"5184\" height=\"3240\" srcset=\"https:\/\/www.smartbox.com\/fr\/blog\/wp-content\/uploads\/2018\/07\/weekend-bourgogne-1.jpg 5184w, https:\/\/www.smartbox.com\/fr\/blog\/wp-content\/uploads\/2018\/07\/weekend-bourgogne-1-300x188.jpg 300w, https:\/\/www.smartbox.com\/fr\/blog\/wp-content\/uploads\/2018\/07\/weekend-bourgogne-1-768x480.jpg 768w, https:\/\/www.smartbox.com\/fr\/blog\/wp-content\/uploads\/2018\/07\/weekend-bourgogne-1-1024x640.jpg 1024w\" sizes=\"auto, (max-width: 5184px) 100vw, 5184px\" \/><\/p>\n<p><strong>L\u2019horloge astronomique\u00a0:<\/strong><\/p>\n<p>L\u2019horloge astronomique se trouve dans la Cath\u00e9drale de Besan\u00e7on et d\u2019apr\u00e8s Laure-Line elle vaut vraiment le d\u00e9tour. Que vous soyez croyant(e) ou non, que vous ayez tendance \u00e0 n\u2019\u00eatre que tr\u00e8s rarement \u00e0 l\u2019heure ou non, rien qu\u2019avec les chiffres qui suivent vous allez certainement \u00eatre convaincu(e) vous aussi que c\u2019est un endroit \u00e0 ajouter \u00e0 votre liste des choses \u00e0 faire \u00e0 Besan\u00e7on.<\/p>\n<p>30 000 pi\u00e8ces, 11 mouvements diff\u00e9rents, 57 cadrans aux d\u00e9cors magnifiques, des animations, \u2026 C\u2019est une horloge qui impressionne tellement sa conception rel\u00e8ve du g\u00e9nie. Sur une seule et m\u00eame horloge (sacr\u00e9ment imposante) vous pouvez conna\u00eetre l\u2019heure et la date (bien \u00e9videmment\u00a0!) mais aussi le mouvement des plan\u00e8tes, les saisons, l\u2019heure des mar\u00e9es, les \u00e9clipses, \u2026<\/p>\n<p>Impressionnant n\u2019est-ce pas\u00a0?<\/p>\n<p><strong>Une balade le long du Doubs\u00a0: <\/strong><\/p>\n<p>Apr\u00e8s une bonne dose de culture et quelques sp\u00e9cialit\u00e9s culinaires de Franche-Comt\u00e9, il est temps de se d\u00e9gourdir un peu les jambes\u00a0! Et pour cela rien de tel qu\u2019une balade le long du Doubs, cette rivi\u00e8re qui traverse la ville et lui donne un charme particulier avec ses rivages bucoliques qui appellent \u00e0 la d\u00e9tente et aux balades en couple, entre amis ou en famille.<\/p>\n<p>Alors on chausse des chaussures confortables et on part vadrouiller sur les berges du Doubs pour une agr\u00e9able balade de 5 kilom\u00e8tres. Comme \u00e7a on profite et on fait en m\u00eame temps de la place pour profiter des bonnes sp\u00e9cialit\u00e9s culinaires franc-comtoises le soir\u00a0!<\/p>\n<p><img loading=\"lazy\" decoding=\"async\" class=\"alignnone size-full wp-image-9711\" src=\"https:\/\/www.smartbox.com\/fr\/blog\/wp-content\/uploads\/sites\/6\/2018\/07\/kayak-besancon-1.jpg\" alt=\"Kayak \u00e0 Besan\u00e7on\" width=\"5184\" height=\"3456\" srcset=\"https:\/\/www.smartbox.com\/fr\/blog\/wp-content\/uploads\/2018\/07\/kayak-besancon-1.jpg 5184w, https:\/\/www.smartbox.com\/fr\/blog\/wp-content\/uploads\/2018\/07\/kayak-besancon-1-300x200.jpg 300w, https:\/\/www.smartbox.com\/fr\/blog\/wp-content\/uploads\/2018\/07\/kayak-besancon-1-768x512.jpg 768w, https:\/\/www.smartbox.com\/fr\/blog\/wp-content\/uploads\/2018\/07\/kayak-besancon-1-1024x683.jpg 1024w\" sizes=\"auto, (max-width: 5184px) 100vw, 5184px\" \/><\/p>\n<p><strong>Une randonn\u00e9e en kayak sur le Doubs\u00a0: <\/strong><\/p>\n<p>Pour faire une balade plus insolite, une option fort sympathique s\u2019offre \u00e0 vous\u00a0: la location de kayaks pour profiter du Doubs diff\u00e9remment.<\/p>\n<p>C\u2019est une activit\u00e9 que Laure-Line nous recommande fortement car elle a de tr\u00e8s beaux souvenirs de sorties kayak entre amis ou en famille. Surtout qu\u2019en tant que visiteurs de passage c\u2019est toujours agr\u00e9able de d\u00e9couvrir un lieu d\u2019une mani\u00e8re un peu originale et de sortir des sentiers battus.<\/p>\n<p>Quelques \u00e9chauffements pour les bras, les lunettes de soleil sur le nez, une bonne dose de cr\u00e8me solaire et on est partis pour une randonn\u00e9e en kayak pour d\u00e9couvrir les alentours depuis notre embarcation !<\/p>\n<h3><strong>Autre visites \u00e0 faire en Bourgogne-Franche-Comt\u00e9, non loin de Besan\u00e7on\u00a0: <\/strong><\/h3>\n<p><strong>La Saline Royale d\u2019Arc-et-Senans\u00a0: <\/strong><\/p>\n<p>Autre lieu de cette liste \u00e0 \u00eatre inscrit au Patrimoine Mondial de l\u2019UNESCO, la Saline Royale d\u2019Arc-et-Senans est d\u00e9crite par Laure-Line comme \u00ab\u00a0superbe\u00a0\u00bb. C\u2019est dire si notre Bisontine nous conseille d\u2019aller la d\u00e9couvrir\u00a0!<\/p>\n<p>Il s\u2019agit d\u2019une manufacture royale datant du 18<sup>\u00e8me<\/sup> si\u00e8cle qui produisit du sel pendant pr\u00e8s de 115 ans. Si cette saline est aujourd\u2019hui largement reconnue dans la r\u00e9gion pour sa beaut\u00e9 c\u2019est parce que son architecture est absolument magnifique.<\/p>\n<p>En plus chaque \u00e9t\u00e9 la saline organise son \u00ab\u00a0Festival des jardins\u00a0\u00bb. Encore une raison de plus d\u2019aller d\u00e9couvrir ce lieu exceptionnel\u00a0!<\/p>\n<p><strong>Le lac Saint-Point\u00a0: <\/strong><\/p>\n<p>Pour ceux qui pr\u00e9f\u00e8rent les activit\u00e9s sportives en plein air \u00e0 la culture, Laure-Line nous a aussi parl\u00e9 du lac Saint-Point, un lac qui s\u2019impose par son immensit\u00e9 au milieu des montagnes de Franche-Comt\u00e9. Tellement immense qu\u2019il est le troisi\u00e8me plus grand lac naturel de France.<\/p>\n<p>Alors avec un tel terrain de jeu vous avez l\u2019embarras du choix au niveau des activit\u00e9s\u00a0: une petite baignade sur l\u2019une des plages am\u00e9nag\u00e9es, un tour du lac en v\u00e9lo pour profiter de ses 23 kilom\u00e8tres de chemins, une balade romantique en barque ou plut\u00f4t un tour en p\u00e9dalo avec toute la famille\u00a0?<\/p>\n<p>On vous l\u2019avait dit, il y a l\u2019embarras du choix, vous n\u2019allez certainement pas vous ennuyer.<\/p>\n<p>Bonne vacances \u00e0 tous\u00a0!<\/p>\n<blockquote><p><strong>A lire aussi :\u00a0 <a href=\"https:\/\/www.smartbox.com\/fr\/blog\/week-end-annecy-visites-activites-outdoor\/\">Un week-end \u00e0 Annecy entre visites, gastronomie et activit\u00e9s outdoor<\/a><\/strong><\/p><\/blockquote>\n<p>Un grand merci \u00e0 Laure-Line pour tous ses pr\u00e9cieux conseils\u00a0et pour le temps pass\u00e9 \u00e0 partager avec nous l\u2019amour qu\u2019elle porte \u00e0 sa r\u00e9gion et \u00e0 tous les beaux endroits qui s\u2019y trouvent\u00a0!<\/p>\n<p><em>L\u2019abus d\u2019alcool est dangereux pour la sant\u00e9, \u00e0 consommer avec mod\u00e9ration<br \/>\n<\/em><em>Cr\u00e9dit photo\u00a0: Laure-Line<\/em><\/p>\n<\/div>\n","protected":false},"excerpt":{"rendered":"<p>Notre s\u00e9rie \u00ab\u00a0O\u00f9 partir cet \u00e9t\u00e9\u00a0\u00bb continue avec une destination 100% nature, terroir et histoire ! Apr\u00e8s notre article sur Barcelone, nous avons d\u00e9cid\u00e9 de vous emmener du c\u00f4t\u00e9 de l\u2019Est de la France pour des vacances \u00e0 la fois reposantes, riches en d\u00e9couvertes et qui vont sans aucun doute faire fr\u00e9tiller vos papilles. A [&hellip;]<\/p>\n","protected":false},"author":21,"featured_media":12141,"comment_status":"closed","ping_status":"closed","sticky":false,"template":"","format":"standard","meta":{"_acf_changed":false,"footnotes":""},"categories":[48],"tags":[527,539,561,563,149],"class_list":["post-6725","post","type-post","status-publish","format-standard","has-post-thumbnail","hentry","category-voyages","tag-idees-de-voyage","tag-ete","tag-bourgogne-franche-comte","tag-ou-partir-cet-ete","tag-week-end-en-amoureux"],"acf":[],"yoast_head":"<!-- This site is optimized with the Yoast SEO Premium plugin v21.7 (Yoast SEO v27.4) - https:\/\/yoast.com\/product\/yoast-seo-premium-wordpress\/ -->\n<title>Week-end \u00e0 Besan\u00e7on : les bons plans de Laure-Line la franc-comtoise !<\/title>\n<meta name=\"description\" content=\"Pour notre s\u00e9rie d&#039;articles &quot;O\u00f9 partir en vacances cet \u00e9t\u00e9&quot; nous demandons \u00e0 nos coll\u00e8gues, venus des quatre coins de la France et de l&#039;Europe, les meilleurs endroits \u00e0 visiter dans leur ville natale. Ce coup-ci c&#039;est \u00e0 Laure-Line, notre coll\u00e8gue franc-comtoise, que nous avons demand\u00e9 quoi visiter \u00e0 Besan\u00e7on !\" \/>\n<meta name=\"robots\" content=\"index, follow, max-snippet:-1, max-image-preview:large, max-video-preview:-1\" \/>\n<link rel=\"canonical\" href=\"https:\/\/www.smartbox.com\/fr\/blog\/week-end-besancon-bons-plans\/\" \/>\n<meta property=\"og:locale\" content=\"fr_FR\" \/>\n<meta property=\"og:type\" content=\"article\" \/>\n<meta property=\"og:title\" content=\"Week-end \u00e0 Besan\u00e7on : les bons plans de Laure-Line la franc-comtoise !\" \/>\n<meta property=\"og:description\" content=\"Pour notre s\u00e9rie d&#039;articles &quot;O\u00f9 partir en vacances cet \u00e9t\u00e9&quot; nous demandons \u00e0 nos coll\u00e8gues, venus des quatre coins de la France et de l&#039;Europe, les meilleurs endroits \u00e0 visiter dans leur ville natale. Ce coup-ci c&#039;est \u00e0 Laure-Line, notre coll\u00e8gue franc-comtoise, que nous avons demand\u00e9 quoi visiter \u00e0 Besan\u00e7on !\" \/>\n<meta property=\"og:url\" content=\"https:\/\/www.smartbox.com\/fr\/blog\/week-end-besancon-bons-plans\/\" \/>\n<meta property=\"og:site_name\" content=\"France\" \/>\n<meta property=\"article:published_time\" content=\"2018-07-12T11:52:00+00:00\" \/>\n<meta property=\"article:modified_time\" content=\"2023-07-26T12:35:23+00:00\" \/>\n<meta property=\"og:image\" content=\"https:\/\/www.smartbox.com\/fr\/blog\/wp-content\/uploads\/2018\/07\/s\u00e9jour-besan\u00e7on-1-scaled.jpg\" \/>\n\t<meta property=\"og:image:width\" content=\"2560\" \/>\n\t<meta property=\"og:image:height\" content=\"1588\" \/>\n\t<meta property=\"og:image:type\" content=\"image\/jpeg\" \/>\n<meta name=\"author\" content=\"Pauline\" \/>\n<meta name=\"twitter:card\" content=\"summary_large_image\" \/>\n<meta name=\"twitter:label1\" content=\"\u00c9crit par\" \/>\n\t<meta name=\"twitter:data1\" content=\"Pauline\" \/>\n\t<meta name=\"twitter:label2\" content=\"Dur\u00e9e de lecture estim\u00e9e\" \/>\n\t<meta name=\"twitter:data2\" content=\"7 minutes\" \/>\n<script type=\"application\/ld+json\" class=\"yoast-schema-graph\">{\"@context\":\"https:\\\/\\\/schema.org\",\"@graph\":[{\"@type\":\"Article\",\"@id\":\"https:\\\/\\\/www.smartbox.com\\\/fr\\\/blog\\\/week-end-besancon-bons-plans\\\/#article\",\"isPartOf\":{\"@id\":\"https:\\\/\\\/www.smartbox.com\\\/fr\\\/blog\\\/week-end-besancon-bons-plans\\\/\"},\"author\":{\"name\":\"Pauline\",\"@id\":\"https:\\\/\\\/www.smartbox.com\\\/fr\\\/blog\\\/#\\\/schema\\\/person\\\/0def93adb00e53abc58b626f646950ac\"},\"headline\":\"Vacances \u00e0 Besan\u00e7on : les bons plans de Laure-Line, notre franc-comtoise d\u2019origine !\",\"datePublished\":\"2018-07-12T11:52:00+00:00\",\"dateModified\":\"2023-07-26T12:35:23+00:00\",\"mainEntityOfPage\":{\"@id\":\"https:\\\/\\\/www.smartbox.com\\\/fr\\\/blog\\\/week-end-besancon-bons-plans\\\/\"},\"wordCount\":1309,\"publisher\":{\"@id\":\"https:\\\/\\\/www.smartbox.com\\\/fr\\\/blog\\\/#organization\"},\"image\":{\"@id\":\"https:\\\/\\\/www.smartbox.com\\\/fr\\\/blog\\\/week-end-besancon-bons-plans\\\/#primaryimage\"},\"thumbnailUrl\":\"https:\\\/\\\/www.smartbox.com\\\/fr\\\/blog\\\/wp-content\\\/uploads\\\/2018\\\/07\\\/s\u00e9jour-besan\u00e7on-1-scaled.jpg\",\"keywords\":[\"Id\u00e9es de voyage\",\"\u00e9t\u00e9\",\"Bourgogne-Franche-Comt\u00e9\",\"O\u00f9 partir cet \u00e9t\u00e9\",\"Week-end en amoureux\"],\"articleSection\":[\"Voyages\"],\"inLanguage\":\"fr-FR\"},{\"@type\":\"WebPage\",\"@id\":\"https:\\\/\\\/www.smartbox.com\\\/fr\\\/blog\\\/week-end-besancon-bons-plans\\\/\",\"url\":\"https:\\\/\\\/www.smartbox.com\\\/fr\\\/blog\\\/week-end-besancon-bons-plans\\\/\",\"name\":\"Week-end \u00e0 Besan\u00e7on : les bons plans de Laure-Line la franc-comtoise !\",\"isPartOf\":{\"@id\":\"https:\\\/\\\/www.smartbox.com\\\/fr\\\/blog\\\/#website\"},\"primaryImageOfPage\":{\"@id\":\"https:\\\/\\\/www.smartbox.com\\\/fr\\\/blog\\\/week-end-besancon-bons-plans\\\/#primaryimage\"},\"image\":{\"@id\":\"https:\\\/\\\/www.smartbox.com\\\/fr\\\/blog\\\/week-end-besancon-bons-plans\\\/#primaryimage\"},\"thumbnailUrl\":\"https:\\\/\\\/www.smartbox.com\\\/fr\\\/blog\\\/wp-content\\\/uploads\\\/2018\\\/07\\\/s\u00e9jour-besan\u00e7on-1-scaled.jpg\",\"datePublished\":\"2018-07-12T11:52:00+00:00\",\"dateModified\":\"2023-07-26T12:35:23+00:00\",\"description\":\"Pour notre s\u00e9rie d'articles \\\"O\u00f9 partir en vacances cet \u00e9t\u00e9\\\" nous demandons \u00e0 nos coll\u00e8gues, venus des quatre coins de la France et de l'Europe, les meilleurs endroits \u00e0 visiter dans leur ville natale. Ce coup-ci c'est \u00e0 Laure-Line, notre coll\u00e8gue franc-comtoise, que nous avons demand\u00e9 quoi visiter \u00e0 Besan\u00e7on !\",\"inLanguage\":\"fr-FR\",\"potentialAction\":[{\"@type\":\"ReadAction\",\"target\":[\"https:\\\/\\\/www.smartbox.com\\\/fr\\\/blog\\\/week-end-besancon-bons-plans\\\/\"]}]},{\"@type\":\"ImageObject\",\"inLanguage\":\"fr-FR\",\"@id\":\"https:\\\/\\\/www.smartbox.com\\\/fr\\\/blog\\\/week-end-besancon-bons-plans\\\/#primaryimage\",\"url\":\"https:\\\/\\\/www.smartbox.com\\\/fr\\\/blog\\\/wp-content\\\/uploads\\\/2018\\\/07\\\/s\u00e9jour-besan\u00e7on-1-scaled.jpg\",\"contentUrl\":\"https:\\\/\\\/www.smartbox.com\\\/fr\\\/blog\\\/wp-content\\\/uploads\\\/2018\\\/07\\\/s\u00e9jour-besan\u00e7on-1-scaled.jpg\",\"width\":2560,\"height\":1588},{\"@type\":\"WebSite\",\"@id\":\"https:\\\/\\\/www.smartbox.com\\\/fr\\\/blog\\\/#website\",\"url\":\"https:\\\/\\\/www.smartbox.com\\\/fr\\\/blog\\\/\",\"name\":\"France\",\"description\":\"\",\"publisher\":{\"@id\":\"https:\\\/\\\/www.smartbox.com\\\/fr\\\/blog\\\/#organization\"},\"potentialAction\":[{\"@type\":\"SearchAction\",\"target\":{\"@type\":\"EntryPoint\",\"urlTemplate\":\"https:\\\/\\\/www.smartbox.com\\\/fr\\\/blog\\\/?s={search_term_string}\"},\"query-input\":{\"@type\":\"PropertyValueSpecification\",\"valueRequired\":true,\"valueName\":\"search_term_string\"}}],\"inLanguage\":\"fr-FR\"},{\"@type\":\"Organization\",\"@id\":\"https:\\\/\\\/www.smartbox.com\\\/fr\\\/blog\\\/#organization\",\"name\":\"Smartbox\",\"url\":\"https:\\\/\\\/www.smartbox.com\\\/fr\\\/blog\\\/\",\"logo\":{\"@type\":\"ImageObject\",\"inLanguage\":\"fr-FR\",\"@id\":\"https:\\\/\\\/www.smartbox.com\\\/fr\\\/blog\\\/#\\\/schema\\\/logo\\\/image\\\/\",\"url\":\"https:\\\/\\\/digital.sbxtest.net\\\/fr\\\/blog\\\/wp-content\\\/uploads\\\/2022\\\/04\\\/LOGO-CH-FR-BLOG.svg\",\"contentUrl\":\"https:\\\/\\\/digital.sbxtest.net\\\/fr\\\/blog\\\/wp-content\\\/uploads\\\/2022\\\/04\\\/LOGO-CH-FR-BLOG.svg\",\"width\":1,\"height\":1,\"caption\":\"Smartbox\"},\"image\":{\"@id\":\"https:\\\/\\\/www.smartbox.com\\\/fr\\\/blog\\\/#\\\/schema\\\/logo\\\/image\\\/\"}},{\"@type\":\"Person\",\"@id\":\"https:\\\/\\\/www.smartbox.com\\\/fr\\\/blog\\\/#\\\/schema\\\/person\\\/0def93adb00e53abc58b626f646950ac\",\"name\":\"Pauline\",\"image\":{\"@type\":\"ImageObject\",\"inLanguage\":\"fr-FR\",\"@id\":\"https:\\\/\\\/secure.gravatar.com\\\/avatar\\\/de247de632eb1e17a9350d47148b33d6ef1bc46bdb2bbb993587895eaa66d4b5?s=96&d=mm&r=g\",\"url\":\"https:\\\/\\\/secure.gravatar.com\\\/avatar\\\/de247de632eb1e17a9350d47148b33d6ef1bc46bdb2bbb993587895eaa66d4b5?s=96&d=mm&r=g\",\"contentUrl\":\"https:\\\/\\\/secure.gravatar.com\\\/avatar\\\/de247de632eb1e17a9350d47148b33d6ef1bc46bdb2bbb993587895eaa66d4b5?s=96&d=mm&r=g\",\"caption\":\"Pauline\"}}]}<\/script>\n<!-- \/ Yoast SEO Premium plugin. -->","yoast_head_json":{"title":"Week-end \u00e0 Besan\u00e7on : les bons plans de Laure-Line la franc-comtoise !","description":"Pour notre s\u00e9rie d'articles \"O\u00f9 partir en vacances cet \u00e9t\u00e9\" nous demandons \u00e0 nos coll\u00e8gues, venus des quatre coins de la France et de l'Europe, les meilleurs endroits \u00e0 visiter dans leur ville natale. Ce coup-ci c'est \u00e0 Laure-Line, notre coll\u00e8gue franc-comtoise, que nous avons demand\u00e9 quoi visiter \u00e0 Besan\u00e7on !","robots":{"index":"index","follow":"follow","max-snippet":"max-snippet:-1","max-image-preview":"max-image-preview:large","max-video-preview":"max-video-preview:-1"},"canonical":"https:\/\/www.smartbox.com\/fr\/blog\/week-end-besancon-bons-plans\/","og_locale":"fr_FR","og_type":"article","og_title":"Week-end \u00e0 Besan\u00e7on : les bons plans de Laure-Line la franc-comtoise !","og_description":"Pour notre s\u00e9rie d'articles \"O\u00f9 partir en vacances cet \u00e9t\u00e9\" nous demandons \u00e0 nos coll\u00e8gues, venus des quatre coins de la France et de l'Europe, les meilleurs endroits \u00e0 visiter dans leur ville natale. Ce coup-ci c'est \u00e0 Laure-Line, notre coll\u00e8gue franc-comtoise, que nous avons demand\u00e9 quoi visiter \u00e0 Besan\u00e7on !","og_url":"https:\/\/www.smartbox.com\/fr\/blog\/week-end-besancon-bons-plans\/","og_site_name":"France","article_published_time":"2018-07-12T11:52:00+00:00","article_modified_time":"2023-07-26T12:35:23+00:00","og_image":[{"width":2560,"height":1588,"url":"https:\/\/www.smartbox.com\/fr\/blog\/wp-content\/uploads\/2018\/07\/s\u00e9jour-besan\u00e7on-1-scaled.jpg","type":"image\/jpeg"}],"author":"Pauline","twitter_card":"summary_large_image","twitter_misc":{"\u00c9crit par":"Pauline","Dur\u00e9e de lecture estim\u00e9e":"7 minutes"},"schema":{"@context":"https:\/\/schema.org","@graph":[{"@type":"Article","@id":"https:\/\/www.smartbox.com\/fr\/blog\/week-end-besancon-bons-plans\/#article","isPartOf":{"@id":"https:\/\/www.smartbox.com\/fr\/blog\/week-end-besancon-bons-plans\/"},"author":{"name":"Pauline","@id":"https:\/\/www.smartbox.com\/fr\/blog\/#\/schema\/person\/0def93adb00e53abc58b626f646950ac"},"headline":"Vacances \u00e0 Besan\u00e7on : les bons plans de Laure-Line, notre franc-comtoise d\u2019origine !","datePublished":"2018-07-12T11:52:00+00:00","dateModified":"2023-07-26T12:35:23+00:00","mainEntityOfPage":{"@id":"https:\/\/www.smartbox.com\/fr\/blog\/week-end-besancon-bons-plans\/"},"wordCount":1309,"publisher":{"@id":"https:\/\/www.smartbox.com\/fr\/blog\/#organization"},"image":{"@id":"https:\/\/www.smartbox.com\/fr\/blog\/week-end-besancon-bons-plans\/#primaryimage"},"thumbnailUrl":"https:\/\/www.smartbox.com\/fr\/blog\/wp-content\/uploads\/2018\/07\/s\u00e9jour-besan\u00e7on-1-scaled.jpg","keywords":["Id\u00e9es de voyage","\u00e9t\u00e9","Bourgogne-Franche-Comt\u00e9","O\u00f9 partir cet \u00e9t\u00e9","Week-end en amoureux"],"articleSection":["Voyages"],"inLanguage":"fr-FR"},{"@type":"WebPage","@id":"https:\/\/www.smartbox.com\/fr\/blog\/week-end-besancon-bons-plans\/","url":"https:\/\/www.smartbox.com\/fr\/blog\/week-end-besancon-bons-plans\/","name":"Week-end \u00e0 Besan\u00e7on : les bons plans de Laure-Line la franc-comtoise !","isPartOf":{"@id":"https:\/\/www.smartbox.com\/fr\/blog\/#website"},"primaryImageOfPage":{"@id":"https:\/\/www.smartbox.com\/fr\/blog\/week-end-besancon-bons-plans\/#primaryimage"},"image":{"@id":"https:\/\/www.smartbox.com\/fr\/blog\/week-end-besancon-bons-plans\/#primaryimage"},"thumbnailUrl":"https:\/\/www.smartbox.com\/fr\/blog\/wp-content\/uploads\/2018\/07\/s\u00e9jour-besan\u00e7on-1-scaled.jpg","datePublished":"2018-07-12T11:52:00+00:00","dateModified":"2023-07-26T12:35:23+00:00","description":"Pour notre s\u00e9rie d'articles \"O\u00f9 partir en vacances cet \u00e9t\u00e9\" nous demandons \u00e0 nos coll\u00e8gues, venus des quatre coins de la France et de l'Europe, les meilleurs endroits \u00e0 visiter dans leur ville natale. Ce coup-ci c'est \u00e0 Laure-Line, notre coll\u00e8gue franc-comtoise, que nous avons demand\u00e9 quoi visiter \u00e0 Besan\u00e7on !","inLanguage":"fr-FR","potentialAction":[{"@type":"ReadAction","target":["https:\/\/www.smartbox.com\/fr\/blog\/week-end-besancon-bons-plans\/"]}]},{"@type":"ImageObject","inLanguage":"fr-FR","@id":"https:\/\/www.smartbox.com\/fr\/blog\/week-end-besancon-bons-plans\/#primaryimage","url":"https:\/\/www.smartbox.com\/fr\/blog\/wp-content\/uploads\/2018\/07\/s\u00e9jour-besan\u00e7on-1-scaled.jpg","contentUrl":"https:\/\/www.smartbox.com\/fr\/blog\/wp-content\/uploads\/2018\/07\/s\u00e9jour-besan\u00e7on-1-scaled.jpg","width":2560,"height":1588},{"@type":"WebSite","@id":"https:\/\/www.smartbox.com\/fr\/blog\/#website","url":"https:\/\/www.smartbox.com\/fr\/blog\/","name":"France","description":"","publisher":{"@id":"https:\/\/www.smartbox.com\/fr\/blog\/#organization"},"potentialAction":[{"@type":"SearchAction","target":{"@type":"EntryPoint","urlTemplate":"https:\/\/www.smartbox.com\/fr\/blog\/?s={search_term_string}"},"query-input":{"@type":"PropertyValueSpecification","valueRequired":true,"valueName":"search_term_string"}}],"inLanguage":"fr-FR"},{"@type":"Organization","@id":"https:\/\/www.smartbox.com\/fr\/blog\/#organization","name":"Smartbox","url":"https:\/\/www.smartbox.com\/fr\/blog\/","logo":{"@type":"ImageObject","inLanguage":"fr-FR","@id":"https:\/\/www.smartbox.com\/fr\/blog\/#\/schema\/logo\/image\/","url":"https:\/\/digital.sbxtest.net\/fr\/blog\/wp-content\/uploads\/2022\/04\/LOGO-CH-FR-BLOG.svg","contentUrl":"https:\/\/digital.sbxtest.net\/fr\/blog\/wp-content\/uploads\/2022\/04\/LOGO-CH-FR-BLOG.svg","width":1,"height":1,"caption":"Smartbox"},"image":{"@id":"https:\/\/www.smartbox.com\/fr\/blog\/#\/schema\/logo\/image\/"}},{"@type":"Person","@id":"https:\/\/www.smartbox.com\/fr\/blog\/#\/schema\/person\/0def93adb00e53abc58b626f646950ac","name":"Pauline","image":{"@type":"ImageObject","inLanguage":"fr-FR","@id":"https:\/\/secure.gravatar.com\/avatar\/de247de632eb1e17a9350d47148b33d6ef1bc46bdb2bbb993587895eaa66d4b5?s=96&d=mm&r=g","url":"https:\/\/secure.gravatar.com\/avatar\/de247de632eb1e17a9350d47148b33d6ef1bc46bdb2bbb993587895eaa66d4b5?s=96&d=mm&r=g","contentUrl":"https:\/\/secure.gravatar.com\/avatar\/de247de632eb1e17a9350d47148b33d6ef1bc46bdb2bbb993587895eaa66d4b5?s=96&d=mm&r=g","caption":"Pauline"}}]}},"amp_enabled":true,"_links":{"self":[{"href":"https:\/\/www.smartbox.com\/fr\/blog\/wp-json\/wp\/v2\/posts\/6725","targetHints":{"allow":["GET"]}}],"collection":[{"href":"https:\/\/www.smartbox.com\/fr\/blog\/wp-json\/wp\/v2\/posts"}],"about":[{"href":"https:\/\/www.smartbox.com\/fr\/blog\/wp-json\/wp\/v2\/types\/post"}],"author":[{"embeddable":true,"href":"https:\/\/www.smartbox.com\/fr\/blog\/wp-json\/wp\/v2\/users\/21"}],"replies":[{"embeddable":true,"href":"https:\/\/www.smartbox.com\/fr\/blog\/wp-json\/wp\/v2\/comments?post=6725"}],"version-history":[{"count":3,"href":"https:\/\/www.smartbox.com\/fr\/blog\/wp-json\/wp\/v2\/posts\/6725\/revisions"}],"predecessor-version":[{"id":57283,"href":"https:\/\/www.smartbox.com\/fr\/blog\/wp-json\/wp\/v2\/posts\/6725\/revisions\/57283"}],"wp:featuredmedia":[{"embeddable":true,"href":"https:\/\/www.smartbox.com\/fr\/blog\/wp-json\/wp\/v2\/media\/12141"}],"wp:attachment":[{"href":"https:\/\/www.smartbox.com\/fr\/blog\/wp-json\/wp\/v2\/media?parent=6725"}],"wp:term":[{"taxonomy":"category","embeddable":true,"href":"https:\/\/www.smartbox.com\/fr\/blog\/wp-json\/wp\/v2\/categories?post=6725"},{"taxonomy":"post_tag","embeddable":true,"href":"https:\/\/www.smartbox.com\/fr\/blog\/wp-json\/wp\/v2\/tags?post=6725"}],"curies":[{"name":"wp","href":"https:\/\/api.w.org\/{rel}","templated":true}]}}