{"id":59277,"date":"2026-02-04T10:14:00","date_gmt":"2026-02-04T10:14:00","guid":{"rendered":"https:\/\/www.smartbox.com\/fr\/blog\/?p=59277"},"modified":"2026-02-19T14:47:56","modified_gmt":"2026-02-19T14:47:56","slug":"ou-partir-en-vacances-en-fevrier","status":"publish","type":"post","link":"https:\/\/www.smartbox.com\/fr\/blog\/ou-partir-en-vacances-en-fevrier\/","title":{"rendered":"O\u00f9 partir aux vacances de f\u00e9vrier ?"},"content":{"rendered":"\n<p><em>Id\u00e9es de destinations parfaites selon vos envies de vacances d\u2019hiver<\/em><\/p>\n\n\n\n<p>Les vacances de f\u00e9vrier sont l\u2019occasion id\u00e9ale pour s\u2019\u00e9vader avant le printemps : ski, carnaval, soleil doux ou d\u00e9couvertes culturelles\u2026 Il y en a pour tous les go\u00fbts ! Voici une s\u00e9lection de <strong><a href=\"https:\/\/www.smartbox.com\/fr\/sejours-en-france\/\">destinations en France<\/a> et en Europe pour vos vacances de f\u00e9vrier<\/strong>. <\/p>\n\n\n\n<h2 class=\"wp-block-heading has-medium-font-size\" id=\"h-1-la-montagne-skier-et-profiter-de-l-hiver-blanc\"><strong>1. La montagne : skier et profiter de l\u2019hiver blanc<\/strong><\/h2>\n\n\n\n<h3 class=\"wp-block-heading\" id=\"h-les-alpes-francaises\">\ud83c\udfd4\ufe0f <strong>Les Alpes fran\u00e7aises<\/strong><\/h3>\n\n\n\n<p>Les stations de ski des Alpes restent une valeur s\u00fbre en f\u00e9vrier : neige abondante, panorama spectaculaire et domaines immenses pour tous niveaux. Que vous aimiez les pistes sportives ou les balades en raquettes, vous trouverez votre bonheur \u00e0 Val d\u2019Is\u00e8re, Tignes, Courchevel ou encore Les 3 Vall\u00e9es. <\/p>\n\n\n<div class=\"wp-block-image\">\n<figure class=\"aligncenter size-large\"><img loading=\"lazy\" decoding=\"async\" width=\"1024\" height=\"683\" src=\"https:\/\/www.smartbox.com\/fr\/blog\/wp-content\/uploads\/2025\/12\/destination-vacances-fevrier-1024x683.jpg\" alt=\"\" class=\"wp-image-59278\" srcset=\"https:\/\/www.smartbox.com\/fr\/blog\/wp-content\/uploads\/2025\/12\/destination-vacances-fevrier-1024x683.jpg 1024w, https:\/\/www.smartbox.com\/fr\/blog\/wp-content\/uploads\/2025\/12\/destination-vacances-fevrier-300x200.jpg 300w, https:\/\/www.smartbox.com\/fr\/blog\/wp-content\/uploads\/2025\/12\/destination-vacances-fevrier-768x512.jpg 768w, https:\/\/www.smartbox.com\/fr\/blog\/wp-content\/uploads\/2025\/12\/destination-vacances-fevrier-1536x1024.jpg 1536w, https:\/\/www.smartbox.com\/fr\/blog\/wp-content\/uploads\/2025\/12\/destination-vacances-fevrier-2048x1366.jpg 2048w\" sizes=\"auto, (max-width: 1024px) 100vw, 1024px\" \/><figcaption class=\"wp-element-caption\"><sup>\u00a9 FabrikaSimf \/ Via Shutterstock<\/sup><\/figcaption><\/figure>\n<\/div>\n\n\n<h3 class=\"wp-block-heading\" id=\"h-annecy-et-ses-alentours\">\u2744\ufe0f <strong>Annecy et ses alentours<\/strong><\/h3>\n\n\n\n<p>Pour un s\u00e9jour qui combine neige et charme d\u2019une vieille ville, Annecy est une superbe base. Entre ski \u00e0 La Clusaz ou Le Grand Bornand et promenades au bord du lac gel\u00e9, c\u2019est une alternative plus douce \u00e0 une semaine purement ski ! <\/p>\n\n\n\n<div class=\"wp-block-buttons is-content-justification-center is-layout-flex wp-container-core-buttons-is-layout-16018d1d wp-block-buttons-is-layout-flex\">\n<div class=\"wp-block-button\"><a class=\"wp-block-button__link has-white-color has-luminous-vivid-orange-background-color has-text-color has-background has-link-color wp-element-button\" href=\"https:\/\/www.smartbox.com\/fr\/auvergne-rhone-alpes\/activites-annecy\/\">Activit\u00e9s \u00e0 Annecy<\/a><\/div>\n<\/div>\n\n\n\n<div style=\"height:10px\" aria-hidden=\"true\" class=\"wp-block-spacer\"><\/div>\n\n\n\n<h2 class=\"wp-block-heading has-medium-font-size\" id=\"h-2-les-villes-francaises-pleines-de-charme-et-moins-froides\"><strong>2. Les villes fran\u00e7aises pleines de charme (et moins froides)<\/strong><\/h2>\n\n\n\n<h3 class=\"wp-block-heading\" id=\"h-menton-cote-d-azur\">\ud83c\udf1e <strong>Menton \u2013 C\u00f4te d\u2019Azur<\/strong><\/h3>\n\n\n\n<p>Sur la c\u00f4te m\u00e9diterran\u00e9enne, Menton b\u00e9n\u00e9ficie d\u2019un climat plus doux en f\u00e9vrier. C\u2019est aussi l\u00e0 que se d\u00e9roule la c\u00e9l\u00e8bre <a href=\"https:\/\/www.fete-du-citron.com\/\" target=\"_blank\" rel=\"noreferrer noopener\">F\u00eate du Citron<\/a>, un carnaval unique avec des sculptures g\u00e9antes d\u2019agrumes, des parades et des animations festives. <\/p>\n\n\n<div class=\"wp-block-image\">\n<figure class=\"aligncenter size-large\"><img loading=\"lazy\" decoding=\"async\" width=\"1024\" height=\"755\" src=\"https:\/\/www.smartbox.com\/fr\/blog\/wp-content\/uploads\/2025\/12\/evenement-fevrier-1024x755.jpg\" alt=\"\" class=\"wp-image-59279\" srcset=\"https:\/\/www.smartbox.com\/fr\/blog\/wp-content\/uploads\/2025\/12\/evenement-fevrier-1024x755.jpg 1024w, https:\/\/www.smartbox.com\/fr\/blog\/wp-content\/uploads\/2025\/12\/evenement-fevrier-300x221.jpg 300w, https:\/\/www.smartbox.com\/fr\/blog\/wp-content\/uploads\/2025\/12\/evenement-fevrier-768x566.jpg 768w, https:\/\/www.smartbox.com\/fr\/blog\/wp-content\/uploads\/2025\/12\/evenement-fevrier-1536x1133.jpg 1536w, https:\/\/www.smartbox.com\/fr\/blog\/wp-content\/uploads\/2025\/12\/evenement-fevrier-2048x1511.jpg 2048w\" sizes=\"auto, (max-width: 1024px) 100vw, 1024px\" \/><figcaption class=\"wp-element-caption\"><sup>\u00a9 Michele Vacchiano \/ Via Shutterstock<\/sup><\/figcaption><\/figure>\n<\/div>\n\n\n<h3 class=\"wp-block-heading\" id=\"h-nice-et-son-carnaval\">\ud83c\udfad <strong>Nice et son Carnaval<\/strong><\/h3>\n\n\n\n<p>Proche de Menton, Nice vit au rythme de son Carnaval chaque f\u00e9vrier : d\u00e9fil\u00e9s color\u00e9s, bataille de fleurs et ambiance festive sur la Promenade des Anglais. C\u2019est un rendez-vous immanquable pour celles et ceux qui aiment les \u00e9v\u00e9nements culturels et les grandes f\u00eates. <\/p>\n\n\n\n<div class=\"wp-block-buttons is-content-justification-center is-layout-flex wp-container-core-buttons-is-layout-16018d1d wp-block-buttons-is-layout-flex\">\n<div class=\"wp-block-button\"><a class=\"wp-block-button__link has-white-color has-luminous-vivid-orange-background-color has-text-color has-background has-link-color wp-element-button\" href=\"https:\/\/www.smartbox.com\/fr\/sejour\/week-end-nice\/\">Week-end \u00e0 Nice<\/a><\/div>\n<\/div>\n\n\n\n<div style=\"height:10px\" aria-hidden=\"true\" class=\"wp-block-spacer\"><\/div>\n\n\n\n<h3 class=\"wp-block-heading\" id=\"h-lyon\">\ud83c\udfd9\ufe0f <strong>Lyon<\/strong><\/h3>\n\n\n\n<p>Pour un s\u00e9jour culturel en ville, Lyon est une excellente id\u00e9e si vous recherchez o\u00f9 partir en f\u00e9vrier, d&rsquo;autant plus si vous aimez la gastronomie ! Mus\u00e9es, quartiers historiques et sp\u00e9cialit\u00e9s culinaires savoureuses vous attendent&#8230;  <\/p>\n\n\n\n<div class=\"wp-block-buttons is-content-justification-center is-layout-flex wp-container-core-buttons-is-layout-16018d1d wp-block-buttons-is-layout-flex\">\n<div class=\"wp-block-button\"><a class=\"wp-block-button__link has-white-color has-luminous-vivid-orange-background-color has-text-color has-background has-link-color wp-element-button\" href=\"https:\/\/www.smartbox.com\/fr\/sejour\/week-end-lyon\/\">Week-end \u00e0 Lyon<\/a><\/div>\n<\/div>\n\n\n\n<div style=\"height:10px\" aria-hidden=\"true\" class=\"wp-block-spacer\"><\/div>\n\n\n\n<h3 class=\"wp-block-heading\" id=\"h-strasbourg\">\ud83d\udef6 <strong>Strasbourg<\/strong><\/h3>\n\n\n\n<p>Strasbourg charme par son architecture m\u00e9di\u00e9vale et ses quartiers pittoresques. Tout comme Lyon, elle n&rsquo;est pas en reste pour sa gastronomie riche et d\u00e9licieuse ! Parfait pour un week-end romantique ou culturel en f\u00e9vrier. <\/p>\n\n\n\n<div class=\"wp-block-buttons is-content-justification-center is-layout-flex wp-container-core-buttons-is-layout-16018d1d wp-block-buttons-is-layout-flex\">\n<div class=\"wp-block-button\"><a class=\"wp-block-button__link has-white-color has-luminous-vivid-orange-background-color has-text-color has-background has-link-color wp-element-button\" href=\"https:\/\/www.smartbox.com\/fr\/sejour\/week-end-strasbourg\/\">Week-end \u00e0 Strasbourg<\/a><\/div>\n<\/div>\n\n\n\n<div style=\"height:20px\" aria-hidden=\"true\" class=\"wp-block-spacer\"><\/div>\n\n\n\n<h2 class=\"wp-block-heading has-medium-font-size\" id=\"h-3-escapades-europeennes-originales\"><strong>3. Escapades europ\u00e9ennes originales<\/strong><\/h2>\n\n\n\n<p>Si vous pr\u00e9f\u00e9rez un court vol vers l\u2019\u00e9tranger, la p\u00e9riode de f\u00e9vrier offre aussi de belles opportunit\u00e9s :<\/p>\n\n\n\n<h3 class=\"wp-block-heading\" id=\"h-venise-italie\"><strong>Venise (Italie)<\/strong><\/h3>\n\n\n\n<p>En f\u00e9vrier, Venise s\u2019illumine avec le <strong>Carnaval de Venise<\/strong> : costumes somptueux, masques v\u00e9nitiens et ambiance myst\u00e9rieuse dans les ruelles brumeuses. C&rsquo;est sans aucun doute, une tr\u00e8s belle destination pour les vacances de f\u00e9vrier !<\/p>\n\n\n\n<h3 class=\"wp-block-heading\" id=\"h-reykjavik-islande\"><strong>Reykjavik (Islande)<\/strong><\/h3>\n\n\n\n<p>Pour une aventure hivernale atypique, l\u2019Islande est une destination spectaculaire : aurores bor\u00e9ales, cascades gel\u00e9es et bains dans des sources chaudes naturelles&#8230; On peut difficilement faire plus d\u00e9paysant ! <\/p>\n\n\n\n<div class=\"wp-block-cover\" style=\"min-height:300px;aspect-ratio:unset;\"><img loading=\"lazy\" decoding=\"async\" width=\"1024\" height=\"683\" class=\"wp-block-cover__image-background wp-image-59281 size-large\" alt=\"\" src=\"https:\/\/www.smartbox.com\/fr\/blog\/wp-content\/uploads\/2025\/12\/sejour-aurore-boreale-1024x683.jpg\" style=\"object-position:64% 30%\" data-object-fit=\"cover\" data-object-position=\"64% 30%\" srcset=\"https:\/\/www.smartbox.com\/fr\/blog\/wp-content\/uploads\/2025\/12\/sejour-aurore-boreale-1024x683.jpg 1024w, https:\/\/www.smartbox.com\/fr\/blog\/wp-content\/uploads\/2025\/12\/sejour-aurore-boreale-300x200.jpg 300w, https:\/\/www.smartbox.com\/fr\/blog\/wp-content\/uploads\/2025\/12\/sejour-aurore-boreale-768x512.jpg 768w, https:\/\/www.smartbox.com\/fr\/blog\/wp-content\/uploads\/2025\/12\/sejour-aurore-boreale-1536x1024.jpg 1536w, https:\/\/www.smartbox.com\/fr\/blog\/wp-content\/uploads\/2025\/12\/sejour-aurore-boreale-2048x1366.jpg 2048w\" sizes=\"auto, (max-width: 1024px) 100vw, 1024px\" \/><span aria-hidden=\"true\" class=\"wp-block-cover__background has-background-dim-0 has-background-dim\" style=\"background-color:#2d4a3e\"><\/span><div class=\"wp-block-cover__inner-container is-layout-constrained wp-block-cover-is-layout-constrained\">\n<div class=\"wp-block-buttons is-content-justification-center is-layout-flex wp-container-core-buttons-is-layout-16018d1d wp-block-buttons-is-layout-flex\">\n<div class=\"wp-block-button\"><a class=\"wp-block-button__link has-white-color has-luminous-vivid-orange-background-color has-text-color has-background has-link-color wp-element-button\" href=\"https:\/\/www.smartbox.com\/fr\/sejour\/voyage-aurore-boreale\/\">Voyage Aurore Bor\u00e9ale<\/a><\/div>\n<\/div>\n<\/div><\/div>\n\n\n\n<p><sup>\u00a9 Krzysiek Cegielka \/ Via Shutterstock<\/sup><\/p>\n\n\n\n<h3 class=\"wp-block-heading\" id=\"h-madere-ou-les-canaries\"><strong>Mad\u00e8re ou les Canaries<\/strong><\/h3>\n\n\n\n<p>Envie de douceur ? Les \u00eeles de Mad\u00e8re ou des Canaries (Tenerife, Lanzarote) offrent en f\u00e9vrier un climat plus cl\u00e9ment, id\u00e9al pour randonner, se balader ou simplement profiter du soleil loin du froid. Voil\u00e0 qui est tentant n&rsquo;est-ce pas ? <\/p>\n\n\n\n<p class=\"has-background\" style=\"background-color:#f7f7f7f7\">A d\u00e9couvrir aussi : <a href=\"https:\/\/www.smartbox.com\/fr\/blog\/ou-partir-pour-la-st-valentin\/\">O\u00f9 partir pour la Saint-Valentin ?<\/a><\/p>\n\n\n\n<h2 class=\"wp-block-heading has-medium-font-size\" id=\"h-4-activites-incontournables-selon-vos-envies\"><strong>4. Activit\u00e9s incontournables selon vos envies<\/strong><\/h2>\n\n\n\n<h3 class=\"wp-block-heading\" id=\"h-vacances-sportives\">\ud83c\udfbf <strong>Vacances sportives<\/strong><\/h3>\n\n\n\n<ul class=\"wp-block-list\">\n<li>Ski et snowboard dans les Alpes ou les Pyr\u00e9n\u00e9es<\/li>\n\n\n\n<li>Randonn\u00e9es en raquettes ou balades en motoneige<\/li>\n<\/ul>\n\n\n\n<h3 class=\"wp-block-heading\" id=\"h-festivals-et-evenements\">\ud83c\udf89 <strong>Festivals et \u00e9v\u00e9nements<\/strong> <\/h3>\n\n\n\n<ul class=\"wp-block-list\">\n<li>Carnaval de Nice<\/li>\n\n\n\n<li>F\u00eate du Citron \u00e0 Menton<\/li>\n<\/ul>\n\n\n\n<h3 class=\"wp-block-heading\">\ud83d\udecb\ufe0f <strong>S\u00e9jours d\u00e9tente ou culture<\/strong><\/h3>\n\n\n\n<ul class=\"wp-block-list\">\n<li>Week-end gastronomique \u00e0 Lyon <\/li>\n\n\n\n<li>Balades historiques \u00e0 Strasbourg ou Annecy<\/li>\n<\/ul>\n\n\n\n<div class=\"wp-block-buttons is-content-justification-center is-layout-flex wp-container-core-buttons-is-layout-16018d1d wp-block-buttons-is-layout-flex\">\n<div class=\"wp-block-button\"><a class=\"wp-block-button__link has-white-color has-luminous-vivid-orange-background-color has-text-color has-background has-link-color wp-element-button\" href=\"https:\/\/www.smartbox.com\/fr\/nos-smartbox\/sejour\/\">Encore + d&rsquo;id\u00e9es de s\u00e9jours<\/a><\/div>\n<\/div>\n","protected":false},"excerpt":{"rendered":"<p>Id\u00e9es de destinations parfaites selon vos envies de vacances d\u2019hiver Les vacances de f\u00e9vrier sont l\u2019occasion id\u00e9ale pour s\u2019\u00e9vader avant le printemps : ski, carnaval, soleil doux ou d\u00e9couvertes culturelles\u2026 Il y en a pour tous les go\u00fbts ! Voici une s\u00e9lection de destinations en France et en Europe pour vos vacances de f\u00e9vrier. 1. [&hellip;]<\/p>\n","protected":false},"author":21,"featured_media":59278,"comment_status":"open","ping_status":"open","sticky":false,"template":"","format":"standard","meta":{"_acf_changed":false,"footnotes":""},"categories":[48],"tags":[],"class_list":["post-59277","post","type-post","status-publish","format-standard","has-post-thumbnail","hentry","category-voyages"],"acf":[],"yoast_head":"<!-- This site is optimized with the Yoast SEO Premium plugin v21.7 (Yoast SEO v27.4) - https:\/\/yoast.com\/product\/yoast-seo-premium-wordpress\/ -->\n<title>O\u00f9 partir en f\u00e9vrier ? Destinations vacances de f\u00e9vrier | Smartbox le Mag<\/title>\n<meta name=\"description\" content=\"Vous recherchez une destinations o\u00f9 partir en vacances en f\u00e9vrier ? Laissez-nous vous inspirer pour vos vacances en France ou en Europe !\" \/>\n<meta name=\"robots\" content=\"index, follow, max-snippet:-1, max-image-preview:large, max-video-preview:-1\" \/>\n<link rel=\"canonical\" href=\"https:\/\/www.smartbox.com\/fr\/blog\/ou-partir-en-vacances-en-fevrier\/\" \/>\n<meta property=\"og:locale\" content=\"fr_FR\" \/>\n<meta property=\"og:type\" content=\"article\" \/>\n<meta property=\"og:title\" content=\"O\u00f9 partir en f\u00e9vrier ? Destinations vacances de f\u00e9vrier | Smartbox le Mag\" \/>\n<meta property=\"og:description\" content=\"Vous recherchez une destinations o\u00f9 partir en vacances en f\u00e9vrier ? Laissez-nous vous inspirer pour vos vacances en France ou en Europe !\" \/>\n<meta property=\"og:url\" content=\"https:\/\/www.smartbox.com\/fr\/blog\/ou-partir-en-vacances-en-fevrier\/\" \/>\n<meta property=\"og:site_name\" content=\"France\" \/>\n<meta property=\"article:published_time\" content=\"2026-02-04T10:14:00+00:00\" \/>\n<meta property=\"article:modified_time\" content=\"2026-02-19T14:47:56+00:00\" \/>\n<meta property=\"og:image\" content=\"https:\/\/www.smartbox.com\/fr\/blog\/wp-content\/uploads\/2025\/12\/destination-vacances-fevrier.jpg\" \/>\n\t<meta property=\"og:image:width\" content=\"2500\" \/>\n\t<meta property=\"og:image:height\" content=\"1667\" \/>\n\t<meta property=\"og:image:type\" content=\"image\/jpeg\" \/>\n<meta name=\"author\" content=\"Pauline\" \/>\n<meta name=\"twitter:card\" content=\"summary_large_image\" \/>\n<meta name=\"twitter:label1\" content=\"\u00c9crit par\" \/>\n\t<meta name=\"twitter:data1\" content=\"Pauline\" \/>\n\t<meta name=\"twitter:label2\" content=\"Dur\u00e9e de lecture estim\u00e9e\" \/>\n\t<meta name=\"twitter:data2\" content=\"4 minutes\" \/>\n<script type=\"application\/ld+json\" class=\"yoast-schema-graph\">{\"@context\":\"https:\\\/\\\/schema.org\",\"@graph\":[{\"@type\":\"Article\",\"@id\":\"https:\\\/\\\/www.smartbox.com\\\/fr\\\/blog\\\/ou-partir-en-vacances-en-fevrier\\\/#article\",\"isPartOf\":{\"@id\":\"https:\\\/\\\/www.smartbox.com\\\/fr\\\/blog\\\/ou-partir-en-vacances-en-fevrier\\\/\"},\"author\":{\"name\":\"Pauline\",\"@id\":\"https:\\\/\\\/www.smartbox.com\\\/fr\\\/blog\\\/#\\\/schema\\\/person\\\/0def93adb00e53abc58b626f646950ac\"},\"headline\":\"O\u00f9 partir aux vacances de f\u00e9vrier ?\",\"datePublished\":\"2026-02-04T10:14:00+00:00\",\"dateModified\":\"2026-02-19T14:47:56+00:00\",\"mainEntityOfPage\":{\"@id\":\"https:\\\/\\\/www.smartbox.com\\\/fr\\\/blog\\\/ou-partir-en-vacances-en-fevrier\\\/\"},\"wordCount\":617,\"commentCount\":0,\"publisher\":{\"@id\":\"https:\\\/\\\/www.smartbox.com\\\/fr\\\/blog\\\/#organization\"},\"image\":{\"@id\":\"https:\\\/\\\/www.smartbox.com\\\/fr\\\/blog\\\/ou-partir-en-vacances-en-fevrier\\\/#primaryimage\"},\"thumbnailUrl\":\"https:\\\/\\\/www.smartbox.com\\\/fr\\\/blog\\\/wp-content\\\/uploads\\\/2025\\\/12\\\/destination-vacances-fevrier.jpg\",\"articleSection\":[\"Voyages\"],\"inLanguage\":\"fr-FR\",\"potentialAction\":[{\"@type\":\"CommentAction\",\"name\":\"Comment\",\"target\":[\"https:\\\/\\\/www.smartbox.com\\\/fr\\\/blog\\\/ou-partir-en-vacances-en-fevrier\\\/#respond\"]}]},{\"@type\":\"WebPage\",\"@id\":\"https:\\\/\\\/www.smartbox.com\\\/fr\\\/blog\\\/ou-partir-en-vacances-en-fevrier\\\/\",\"url\":\"https:\\\/\\\/www.smartbox.com\\\/fr\\\/blog\\\/ou-partir-en-vacances-en-fevrier\\\/\",\"name\":\"O\u00f9 partir en f\u00e9vrier ? Destinations vacances de f\u00e9vrier | Smartbox le Mag\",\"isPartOf\":{\"@id\":\"https:\\\/\\\/www.smartbox.com\\\/fr\\\/blog\\\/#website\"},\"primaryImageOfPage\":{\"@id\":\"https:\\\/\\\/www.smartbox.com\\\/fr\\\/blog\\\/ou-partir-en-vacances-en-fevrier\\\/#primaryimage\"},\"image\":{\"@id\":\"https:\\\/\\\/www.smartbox.com\\\/fr\\\/blog\\\/ou-partir-en-vacances-en-fevrier\\\/#primaryimage\"},\"thumbnailUrl\":\"https:\\\/\\\/www.smartbox.com\\\/fr\\\/blog\\\/wp-content\\\/uploads\\\/2025\\\/12\\\/destination-vacances-fevrier.jpg\",\"datePublished\":\"2026-02-04T10:14:00+00:00\",\"dateModified\":\"2026-02-19T14:47:56+00:00\",\"description\":\"Vous recherchez une destinations o\u00f9 partir en vacances en f\u00e9vrier ? Laissez-nous vous inspirer pour vos vacances en France ou en Europe !\",\"inLanguage\":\"fr-FR\",\"potentialAction\":[{\"@type\":\"ReadAction\",\"target\":[\"https:\\\/\\\/www.smartbox.com\\\/fr\\\/blog\\\/ou-partir-en-vacances-en-fevrier\\\/\"]}]},{\"@type\":\"ImageObject\",\"inLanguage\":\"fr-FR\",\"@id\":\"https:\\\/\\\/www.smartbox.com\\\/fr\\\/blog\\\/ou-partir-en-vacances-en-fevrier\\\/#primaryimage\",\"url\":\"https:\\\/\\\/www.smartbox.com\\\/fr\\\/blog\\\/wp-content\\\/uploads\\\/2025\\\/12\\\/destination-vacances-fevrier.jpg\",\"contentUrl\":\"https:\\\/\\\/www.smartbox.com\\\/fr\\\/blog\\\/wp-content\\\/uploads\\\/2025\\\/12\\\/destination-vacances-fevrier.jpg\",\"width\":2500,\"height\":1667},{\"@type\":\"WebSite\",\"@id\":\"https:\\\/\\\/www.smartbox.com\\\/fr\\\/blog\\\/#website\",\"url\":\"https:\\\/\\\/www.smartbox.com\\\/fr\\\/blog\\\/\",\"name\":\"France\",\"description\":\"\",\"publisher\":{\"@id\":\"https:\\\/\\\/www.smartbox.com\\\/fr\\\/blog\\\/#organization\"},\"potentialAction\":[{\"@type\":\"SearchAction\",\"target\":{\"@type\":\"EntryPoint\",\"urlTemplate\":\"https:\\\/\\\/www.smartbox.com\\\/fr\\\/blog\\\/?s={search_term_string}\"},\"query-input\":{\"@type\":\"PropertyValueSpecification\",\"valueRequired\":true,\"valueName\":\"search_term_string\"}}],\"inLanguage\":\"fr-FR\"},{\"@type\":\"Organization\",\"@id\":\"https:\\\/\\\/www.smartbox.com\\\/fr\\\/blog\\\/#organization\",\"name\":\"Smartbox\",\"url\":\"https:\\\/\\\/www.smartbox.com\\\/fr\\\/blog\\\/\",\"logo\":{\"@type\":\"ImageObject\",\"inLanguage\":\"fr-FR\",\"@id\":\"https:\\\/\\\/www.smartbox.com\\\/fr\\\/blog\\\/#\\\/schema\\\/logo\\\/image\\\/\",\"url\":\"https:\\\/\\\/digital.sbxtest.net\\\/fr\\\/blog\\\/wp-content\\\/uploads\\\/2022\\\/04\\\/LOGO-CH-FR-BLOG.svg\",\"contentUrl\":\"https:\\\/\\\/digital.sbxtest.net\\\/fr\\\/blog\\\/wp-content\\\/uploads\\\/2022\\\/04\\\/LOGO-CH-FR-BLOG.svg\",\"width\":1,\"height\":1,\"caption\":\"Smartbox\"},\"image\":{\"@id\":\"https:\\\/\\\/www.smartbox.com\\\/fr\\\/blog\\\/#\\\/schema\\\/logo\\\/image\\\/\"}},{\"@type\":\"Person\",\"@id\":\"https:\\\/\\\/www.smartbox.com\\\/fr\\\/blog\\\/#\\\/schema\\\/person\\\/0def93adb00e53abc58b626f646950ac\",\"name\":\"Pauline\",\"image\":{\"@type\":\"ImageObject\",\"inLanguage\":\"fr-FR\",\"@id\":\"https:\\\/\\\/secure.gravatar.com\\\/avatar\\\/de247de632eb1e17a9350d47148b33d6ef1bc46bdb2bbb993587895eaa66d4b5?s=96&d=mm&r=g\",\"url\":\"https:\\\/\\\/secure.gravatar.com\\\/avatar\\\/de247de632eb1e17a9350d47148b33d6ef1bc46bdb2bbb993587895eaa66d4b5?s=96&d=mm&r=g\",\"contentUrl\":\"https:\\\/\\\/secure.gravatar.com\\\/avatar\\\/de247de632eb1e17a9350d47148b33d6ef1bc46bdb2bbb993587895eaa66d4b5?s=96&d=mm&r=g\",\"caption\":\"Pauline\"}}]}<\/script>\n<!-- \/ Yoast SEO Premium plugin. -->","yoast_head_json":{"title":"O\u00f9 partir en f\u00e9vrier ? Destinations vacances de f\u00e9vrier | Smartbox le Mag","description":"Vous recherchez une destinations o\u00f9 partir en vacances en f\u00e9vrier ? Laissez-nous vous inspirer pour vos vacances en France ou en Europe !","robots":{"index":"index","follow":"follow","max-snippet":"max-snippet:-1","max-image-preview":"max-image-preview:large","max-video-preview":"max-video-preview:-1"},"canonical":"https:\/\/www.smartbox.com\/fr\/blog\/ou-partir-en-vacances-en-fevrier\/","og_locale":"fr_FR","og_type":"article","og_title":"O\u00f9 partir en f\u00e9vrier ? Destinations vacances de f\u00e9vrier | Smartbox le Mag","og_description":"Vous recherchez une destinations o\u00f9 partir en vacances en f\u00e9vrier ? Laissez-nous vous inspirer pour vos vacances en France ou en Europe !","og_url":"https:\/\/www.smartbox.com\/fr\/blog\/ou-partir-en-vacances-en-fevrier\/","og_site_name":"France","article_published_time":"2026-02-04T10:14:00+00:00","article_modified_time":"2026-02-19T14:47:56+00:00","og_image":[{"width":2500,"height":1667,"url":"https:\/\/www.smartbox.com\/fr\/blog\/wp-content\/uploads\/2025\/12\/destination-vacances-fevrier.jpg","type":"image\/jpeg"}],"author":"Pauline","twitter_card":"summary_large_image","twitter_misc":{"\u00c9crit par":"Pauline","Dur\u00e9e de lecture estim\u00e9e":"4 minutes"},"schema":{"@context":"https:\/\/schema.org","@graph":[{"@type":"Article","@id":"https:\/\/www.smartbox.com\/fr\/blog\/ou-partir-en-vacances-en-fevrier\/#article","isPartOf":{"@id":"https:\/\/www.smartbox.com\/fr\/blog\/ou-partir-en-vacances-en-fevrier\/"},"author":{"name":"Pauline","@id":"https:\/\/www.smartbox.com\/fr\/blog\/#\/schema\/person\/0def93adb00e53abc58b626f646950ac"},"headline":"O\u00f9 partir aux vacances de f\u00e9vrier ?","datePublished":"2026-02-04T10:14:00+00:00","dateModified":"2026-02-19T14:47:56+00:00","mainEntityOfPage":{"@id":"https:\/\/www.smartbox.com\/fr\/blog\/ou-partir-en-vacances-en-fevrier\/"},"wordCount":617,"commentCount":0,"publisher":{"@id":"https:\/\/www.smartbox.com\/fr\/blog\/#organization"},"image":{"@id":"https:\/\/www.smartbox.com\/fr\/blog\/ou-partir-en-vacances-en-fevrier\/#primaryimage"},"thumbnailUrl":"https:\/\/www.smartbox.com\/fr\/blog\/wp-content\/uploads\/2025\/12\/destination-vacances-fevrier.jpg","articleSection":["Voyages"],"inLanguage":"fr-FR","potentialAction":[{"@type":"CommentAction","name":"Comment","target":["https:\/\/www.smartbox.com\/fr\/blog\/ou-partir-en-vacances-en-fevrier\/#respond"]}]},{"@type":"WebPage","@id":"https:\/\/www.smartbox.com\/fr\/blog\/ou-partir-en-vacances-en-fevrier\/","url":"https:\/\/www.smartbox.com\/fr\/blog\/ou-partir-en-vacances-en-fevrier\/","name":"O\u00f9 partir en f\u00e9vrier ? Destinations vacances de f\u00e9vrier | Smartbox le Mag","isPartOf":{"@id":"https:\/\/www.smartbox.com\/fr\/blog\/#website"},"primaryImageOfPage":{"@id":"https:\/\/www.smartbox.com\/fr\/blog\/ou-partir-en-vacances-en-fevrier\/#primaryimage"},"image":{"@id":"https:\/\/www.smartbox.com\/fr\/blog\/ou-partir-en-vacances-en-fevrier\/#primaryimage"},"thumbnailUrl":"https:\/\/www.smartbox.com\/fr\/blog\/wp-content\/uploads\/2025\/12\/destination-vacances-fevrier.jpg","datePublished":"2026-02-04T10:14:00+00:00","dateModified":"2026-02-19T14:47:56+00:00","description":"Vous recherchez une destinations o\u00f9 partir en vacances en f\u00e9vrier ? Laissez-nous vous inspirer pour vos vacances en France ou en Europe !","inLanguage":"fr-FR","potentialAction":[{"@type":"ReadAction","target":["https:\/\/www.smartbox.com\/fr\/blog\/ou-partir-en-vacances-en-fevrier\/"]}]},{"@type":"ImageObject","inLanguage":"fr-FR","@id":"https:\/\/www.smartbox.com\/fr\/blog\/ou-partir-en-vacances-en-fevrier\/#primaryimage","url":"https:\/\/www.smartbox.com\/fr\/blog\/wp-content\/uploads\/2025\/12\/destination-vacances-fevrier.jpg","contentUrl":"https:\/\/www.smartbox.com\/fr\/blog\/wp-content\/uploads\/2025\/12\/destination-vacances-fevrier.jpg","width":2500,"height":1667},{"@type":"WebSite","@id":"https:\/\/www.smartbox.com\/fr\/blog\/#website","url":"https:\/\/www.smartbox.com\/fr\/blog\/","name":"France","description":"","publisher":{"@id":"https:\/\/www.smartbox.com\/fr\/blog\/#organization"},"potentialAction":[{"@type":"SearchAction","target":{"@type":"EntryPoint","urlTemplate":"https:\/\/www.smartbox.com\/fr\/blog\/?s={search_term_string}"},"query-input":{"@type":"PropertyValueSpecification","valueRequired":true,"valueName":"search_term_string"}}],"inLanguage":"fr-FR"},{"@type":"Organization","@id":"https:\/\/www.smartbox.com\/fr\/blog\/#organization","name":"Smartbox","url":"https:\/\/www.smartbox.com\/fr\/blog\/","logo":{"@type":"ImageObject","inLanguage":"fr-FR","@id":"https:\/\/www.smartbox.com\/fr\/blog\/#\/schema\/logo\/image\/","url":"https:\/\/digital.sbxtest.net\/fr\/blog\/wp-content\/uploads\/2022\/04\/LOGO-CH-FR-BLOG.svg","contentUrl":"https:\/\/digital.sbxtest.net\/fr\/blog\/wp-content\/uploads\/2022\/04\/LOGO-CH-FR-BLOG.svg","width":1,"height":1,"caption":"Smartbox"},"image":{"@id":"https:\/\/www.smartbox.com\/fr\/blog\/#\/schema\/logo\/image\/"}},{"@type":"Person","@id":"https:\/\/www.smartbox.com\/fr\/blog\/#\/schema\/person\/0def93adb00e53abc58b626f646950ac","name":"Pauline","image":{"@type":"ImageObject","inLanguage":"fr-FR","@id":"https:\/\/secure.gravatar.com\/avatar\/de247de632eb1e17a9350d47148b33d6ef1bc46bdb2bbb993587895eaa66d4b5?s=96&d=mm&r=g","url":"https:\/\/secure.gravatar.com\/avatar\/de247de632eb1e17a9350d47148b33d6ef1bc46bdb2bbb993587895eaa66d4b5?s=96&d=mm&r=g","contentUrl":"https:\/\/secure.gravatar.com\/avatar\/de247de632eb1e17a9350d47148b33d6ef1bc46bdb2bbb993587895eaa66d4b5?s=96&d=mm&r=g","caption":"Pauline"}}]}},"amp_enabled":true,"_links":{"self":[{"href":"https:\/\/www.smartbox.com\/fr\/blog\/wp-json\/wp\/v2\/posts\/59277","targetHints":{"allow":["GET"]}}],"collection":[{"href":"https:\/\/www.smartbox.com\/fr\/blog\/wp-json\/wp\/v2\/posts"}],"about":[{"href":"https:\/\/www.smartbox.com\/fr\/blog\/wp-json\/wp\/v2\/types\/post"}],"author":[{"embeddable":true,"href":"https:\/\/www.smartbox.com\/fr\/blog\/wp-json\/wp\/v2\/users\/21"}],"replies":[{"embeddable":true,"href":"https:\/\/www.smartbox.com\/fr\/blog\/wp-json\/wp\/v2\/comments?post=59277"}],"version-history":[{"count":3,"href":"https:\/\/www.smartbox.com\/fr\/blog\/wp-json\/wp\/v2\/posts\/59277\/revisions"}],"predecessor-version":[{"id":59286,"href":"https:\/\/www.smartbox.com\/fr\/blog\/wp-json\/wp\/v2\/posts\/59277\/revisions\/59286"}],"wp:featuredmedia":[{"embeddable":true,"href":"https:\/\/www.smartbox.com\/fr\/blog\/wp-json\/wp\/v2\/media\/59278"}],"wp:attachment":[{"href":"https:\/\/www.smartbox.com\/fr\/blog\/wp-json\/wp\/v2\/media?parent=59277"}],"wp:term":[{"taxonomy":"category","embeddable":true,"href":"https:\/\/www.smartbox.com\/fr\/blog\/wp-json\/wp\/v2\/categories?post=59277"},{"taxonomy":"post_tag","embeddable":true,"href":"https:\/\/www.smartbox.com\/fr\/blog\/wp-json\/wp\/v2\/tags?post=59277"}],"curies":[{"name":"wp","href":"https:\/\/api.w.org\/{rel}","templated":true}]}}