{"id":54492,"date":"2022-04-21T09:59:35","date_gmt":"2022-04-21T08:59:35","guid":{"rendered":"https:\/\/www.smartbox.com\/fr\/blog\/?p=54492"},"modified":"2025-01-02T15:18:40","modified_gmt":"2025-01-02T15:18:40","slug":"ou-partir-en-juillet-en-france","status":"publish","type":"post","link":"https:\/\/www.smartbox.com\/fr\/blog\/ou-partir-en-juillet-en-france\/","title":{"rendered":"O\u00f9 partir en juillet en France ?"},"content":{"rendered":"\n<p>Bient\u00f4t les grandes vacances d\u2019\u00e9t\u00e9 ! La p\u00e9riode tant attendue pour <strong>partir en vacances<\/strong> et profiter <a href=\"https:\/\/www.smartbox.com\/fr\/activites-en-famille\/\">d&rsquo;activit\u00e9s en famille<\/a>. Mais vous, vous \u00eates plut\u00f4t juilletiste ou ao\u00fbtien&nbsp;?<\/p>\n\n\n\n<p>Si vous n\u2019avez pas encore tranch\u00e9 la question, Smartbox vous propose ici de <strong>privil\u00e9gier le mois de juillet<\/strong>. Le d\u00e9but de <a href=\"https:\/\/www.smartbox.com\/fr\/blog\/ou-partir-en-vacances-en-juin\/\">l\u2019\u00e9t\u00e9<\/a> est en effet id\u00e9al pour les voyageurs qui ont envie de passer des <strong>vacances au calme<\/strong> et d\u2019\u00e9viter les foules du mois d\u2019ao\u00fbt.<\/p>\n\n\n\n<p>Alors <strong>o\u00f9 partir en juillet en France&nbsp;?<\/strong><\/p>\n\n\n\n<p><strong><a class=\"rel-pdt-btn\" href=\"https:\/\/www.smartbox.com\/fr\/sejours-en-france\/\" rel=\"noopener noreferrer\">Voyages en France<\/a><\/strong><\/p>\n\n\n\n<h2 class=\"wp-block-heading\" id=\"h-top-4-des-destinations-ou-partir-en-vacances-en-juillet\" style=\"font-size:22px\">Top 4 des destinations o\u00f9 partir en vacances en juillet :<\/h2>\n\n\n\n<h3 class=\"wp-block-heading has-medium-font-size\" id=\"h-partir-en-juillet-en-corse\">Partir en juillet en Corse<\/h3>\n\n\n\n<p>D\u00e9couvrez la <a href=\"https:\/\/www.smartbox.com\/fr\/blog\/partir-en-corse-hors-saison\/\">Corse<\/a> au mois de juillet&nbsp;! Avec des temp\u00e9ratures atteignant facilement les 30\u00b0C et des paysages \u00e0 couper de souffle, l\u2019\u00eele de Beaut\u00e9 est une destination qui vous d\u00e9paysera. <\/p>\n\n\n\n<p>Smartbox vous propose de partir \u00e0 Calvi, une ville vibrante scind\u00e9e en deux parties. Sur sa partie haute&nbsp;: une cit\u00e9 m\u00e9di\u00e9vale et une citadelle d\u2019int\u00e9r\u00eat historique. Sur sa partie basse&nbsp;: le bord de mer et les commerces.<\/p>\n\n\n\n<div class=\"wp-block-buttons is-content-justification-center is-layout-flex wp-container-core-buttons-is-layout-16018d1d wp-block-buttons-is-layout-flex\">\n<div class=\"wp-block-button\"><a class=\"wp-block-button__link has-white-color has-luminous-vivid-orange-background-color has-text-color has-background has-link-color wp-element-button\" href=\"https:\/\/www.smartbox.com\/fr\/sejour\/hotel-4-et-5-etoiles\/hotel-luxe-corse\/\">H\u00f4tels de luxe en Corse<\/a><\/div>\n<\/div>\n\n\n\n<div style=\"height:20px\" aria-hidden=\"true\" class=\"wp-block-spacer\"><\/div>\n\n\n\n<p>L\u2019H\u00f4tel Le Saint-Erasme vous ouvrira grand ses portes le temps d&rsquo;une escapade en amoureux. Vous pourrez ainsi profiter de deux nuits dans une chambre double sup\u00e9rieure avec balcon et vue sur la mer, puis d\u00e9guster des petits-d\u00e9jeuners corses. Avec sa piscine suspendue entre terre et mer, cet \u00e9tablissement 3* ravira les \u00e2mes en qu\u00eate d\u2019\u00e9vasion et de relaxation.<\/p>\n\n\n\n<figure class=\"wp-block-image size-large\"><img loading=\"lazy\" decoding=\"async\" width=\"1024\" height=\"768\" src=\"https:\/\/www.smartbox.com\/fr\/blog\/wp-content\/uploads\/2022\/04\/piscine-de-hotel-le-saint-erasme-1024x768.jpg\" alt=\"Piscine de l\u2019H\u00f4tel Le Saint-Erasme\" class=\"wp-image-54598\" srcset=\"https:\/\/www.smartbox.com\/fr\/blog\/wp-content\/uploads\/2022\/04\/piscine-de-hotel-le-saint-erasme-1024x768.jpg 1024w, https:\/\/www.smartbox.com\/fr\/blog\/wp-content\/uploads\/2022\/04\/piscine-de-hotel-le-saint-erasme-300x225.jpg 300w, https:\/\/www.smartbox.com\/fr\/blog\/wp-content\/uploads\/2022\/04\/piscine-de-hotel-le-saint-erasme-768x576.jpg 768w, https:\/\/www.smartbox.com\/fr\/blog\/wp-content\/uploads\/2022\/04\/piscine-de-hotel-le-saint-erasme.jpg 1200w\" sizes=\"auto, (max-width: 1024px) 100vw, 1024px\" \/><figcaption class=\"wp-element-caption\"><sup>\u00a9 H\u00f4tel Le Saint-Erasme <\/sup><\/figcaption><\/figure>\n\n\n\n<h3 class=\"wp-block-heading\" id=\"h-week-end-sur-l-ile-de-re\"><strong>Week-end sur l\u2019\u00cele de R\u00e9<\/strong><\/h3>\n\n\n\n<p>Penchons-nous \u00e0 pr\u00e9sent sur les destinations o\u00f9 partir en famille&nbsp;! L\u2019\u00eele de R\u00e9 est l&rsquo;endroit id\u00e9al pour un couple avec des enfants. <\/p>\n\n\n\n<p>B\u00e9n\u00e9ficiant d\u2019un emplacement privil\u00e9gi\u00e9, le Camping Les P\u00e9rouses vous accueillera entre plages de sable fin, marais et for\u00eats. Venez passer deux nuits en mobile home ou en chalet. Le bonus&nbsp;? Vous pourrez profiter d\u2019une promenade en mer de 3h avec un tour guid\u00e9 de Fort Boyard. Vous b\u00e9n\u00e9ficierez \u00e9galement d\u2019une location de v\u00e9los pendant 1h afin de visiter le c\u00e9l\u00e8bre phare des baleines et les marais salants. Des sorties qui \u00e9merveilleront les petits comme les grands&nbsp;!<\/p>\n\n\n\n<figure class=\"wp-block-image size-large\"><img loading=\"lazy\" decoding=\"async\" width=\"1024\" height=\"768\" src=\"https:\/\/www.smartbox.com\/fr\/blog\/wp-content\/uploads\/2022\/04\/phare-des-baleines-1024x768.jpg\" alt=\"Phare des baleines\" class=\"wp-image-54596\" srcset=\"https:\/\/www.smartbox.com\/fr\/blog\/wp-content\/uploads\/2022\/04\/phare-des-baleines-1024x768.jpg 1024w, https:\/\/www.smartbox.com\/fr\/blog\/wp-content\/uploads\/2022\/04\/phare-des-baleines-300x225.jpg 300w, https:\/\/www.smartbox.com\/fr\/blog\/wp-content\/uploads\/2022\/04\/phare-des-baleines-768x576.jpg 768w, https:\/\/www.smartbox.com\/fr\/blog\/wp-content\/uploads\/2022\/04\/phare-des-baleines.jpg 1200w\" sizes=\"auto, (max-width: 1024px) 100vw, 1024px\" \/><figcaption class=\"wp-element-caption\"><sup>\u00a9 Eo naya \/ Via Shutterstock<\/sup><\/figcaption><\/figure>\n\n\n\n<h3 class=\"wp-block-heading\" id=\"h-partir-en-juillet-a-nice\"><strong>Partir en juillet \u00e0 Nice<\/strong><\/h3>\n\n\n\n<p>Une autre destination id\u00e9ale pour des vacances de juillet en famille est Nice. Dans la capitale azur\u00e9enne, l\u2019air marin est source de fra\u00eecheur et de libert\u00e9 ! Laissez-vous charmer par les ruelles color\u00e9es du vieux Nice, la promenade des Anglais, le mus\u00e9e Mass\u00e9na et la cuisine m\u00e9diterran\u00e9enne. Au menu&nbsp;: socca, pissaladi\u00e8re, salade ni\u00e7oise, pan bagnat et beignet.<\/p>\n\n\n\n<div class=\"wp-block-buttons is-content-justification-center is-layout-flex wp-container-core-buttons-is-layout-16018d1d wp-block-buttons-is-layout-flex\">\n<div class=\"wp-block-button\"><a class=\"wp-block-button__link has-white-color has-luminous-vivid-orange-background-color has-text-color has-background has-link-color wp-element-button\" href=\"https:\/\/www.smartbox.com\/fr\/sejour\/week-end-nice\/\">Week-end \u00e0 Nice<\/a><\/div>\n<\/div>\n\n\n\n<div style=\"height:20px\" aria-hidden=\"true\" class=\"wp-block-spacer\"><\/div>\n\n\n\n<p>L\u2019\u00e9tablissement 4* Adagio Nice Centre attend votre tribu pour une escapade de deux nuits au sein d\u2019un appartement. Vous serez ainsi situ\u00e9s \u00e0 seulement deux pas des plages et du centre-ville, entre mer azur et collines \u00e9meraude.<\/p>\n\n\n\n<figure class=\"wp-block-image size-large\"><img loading=\"lazy\" decoding=\"async\" width=\"1024\" height=\"768\" src=\"https:\/\/www.smartbox.com\/fr\/blog\/wp-content\/uploads\/2022\/04\/piscine-adagio-nice-centre-1024x768.jpg\" alt=\"Piscine de l'Adagio Nice Centre\" class=\"wp-image-54597\" srcset=\"https:\/\/www.smartbox.com\/fr\/blog\/wp-content\/uploads\/2022\/04\/piscine-adagio-nice-centre-1024x768.jpg 1024w, https:\/\/www.smartbox.com\/fr\/blog\/wp-content\/uploads\/2022\/04\/piscine-adagio-nice-centre-300x225.jpg 300w, https:\/\/www.smartbox.com\/fr\/blog\/wp-content\/uploads\/2022\/04\/piscine-adagio-nice-centre-768x576.jpg 768w, https:\/\/www.smartbox.com\/fr\/blog\/wp-content\/uploads\/2022\/04\/piscine-adagio-nice-centre.jpg 1200w\" sizes=\"auto, (max-width: 1024px) 100vw, 1024px\" \/><figcaption class=\"wp-element-caption\"><sup>\u00a9 Adagio Nice Centre <\/sup><\/figcaption><\/figure>\n\n\n\n<h3 class=\"wp-block-heading\" id=\"h-voyager-a-la-montagne\"><strong><a href=\"https:\/\/www.smartbox.com\/fr\/nos-smartbox\/sejour\/vacances-montagne\/\">Voyager \u00e0 la montagne<\/a><\/strong><\/h3>\n\n\n\n<p>Notre dernier arr\u00eat pour partir en juillet est la Savoie. Cette destination vous permettra de gravir des montagnes et de longer des lacs aux eaux cristallines, loin des foules. Le paradis sur terre pour les randonneurs&nbsp;!<\/p>\n\n\n\n<p>Le Parc National de la Vanoise s&rsquo;\u00e9vertue \u00e0 prot\u00e9ger les richesses biologiques d\u2019un patrimoine alpin rare, o\u00f9 chamois et marmottes se rencontrent. Aux portes de ce joyau savoyard, le Camping Le Reclus vous accueillera dans une vaste for\u00eat de pins. Venez passer deux nuits en famille dans une yourte authentique \u00e0 900 m\u00e8tres d&rsquo;altitude. Les petits comme les grands seront enchant\u00e9s par cet h\u00e9bergement original, fruit d&rsquo;un savoir-faire mill\u00e9naire de tradition mongole. Vos vacances de juillet s\u2019annoncent inoubliables&nbsp;!<\/p>\n\n\n\n<figure class=\"wp-block-image size-large\"><img loading=\"lazy\" decoding=\"async\" width=\"1024\" height=\"768\" src=\"https:\/\/www.smartbox.com\/fr\/blog\/wp-content\/uploads\/2022\/04\/yourte-en-savoie-1024x768.jpg\" alt=\"Yourte en Savoie\" class=\"wp-image-54599\" srcset=\"https:\/\/www.smartbox.com\/fr\/blog\/wp-content\/uploads\/2022\/04\/yourte-en-savoie-1024x768.jpg 1024w, https:\/\/www.smartbox.com\/fr\/blog\/wp-content\/uploads\/2022\/04\/yourte-en-savoie-300x225.jpg 300w, https:\/\/www.smartbox.com\/fr\/blog\/wp-content\/uploads\/2022\/04\/yourte-en-savoie-768x576.jpg 768w, https:\/\/www.smartbox.com\/fr\/blog\/wp-content\/uploads\/2022\/04\/yourte-en-savoie.jpg 1200w\" sizes=\"auto, (max-width: 1024px) 100vw, 1024px\" \/><figcaption class=\"wp-element-caption\"><sup>\u00a9 Camping Le Reclus <\/sup><\/figcaption><\/figure>\n\n\n<div class=\"single-article\">\n  <div class=\"single-article__image\">\n    <img loading=\"lazy\" decoding=\"async\" width=\"220\" height=\"200\" src=\"https:\/\/www.smartbox.com\/fr\/blog\/wp-content\/uploads\/2020\/05\/ou-partir-en-septembre-220x200.jpg\" class=\"attachment-am2_thumbnail size-am2_thumbnail wp-post-image\" alt=\"O\u00f9 partir en septembre en France\" \/>  <\/div>\n  <div class=\"single-article__content\"> \n    <span class=\"single-article__top-title\">Pour un petit week-end en France ou de plus longues vacances au mois de septembre, on vous a fait une s\u00e9lection de destinations qui sont parfaites quand l\u2019\u00e9t\u00e9 tire sa r\u00e9v\u00e9rence et que l\u2019automne pointe le bout de son nez !<\/span>\n    <a href=\"https:\/\/www.smartbox.com\/fr\/blog\/ou-partir-en-septembre-en-france\/\" class=\"single-article__title-link\">\n    <h5 class=\"single-article__title\">Voyage en France &#8211; O\u00f9 partir en septembre ?<\/h5>\n    <\/a>\n    <a href=\"https:\/\/www.smartbox.com\/fr\/blog\/ou-partir-en-septembre-en-france\/\" class=\"single-article__link\">Lire plus <svg class=\"svg-icon svg-arrow--arrow-right-new\"><use xlink:href=\"https:\/\/www.smartbox.com\/fr\/blog\/wp-content\/themes\/smartbox-blog\/_\/inc\/images\/symbol\/svg\/sprite.symbol.svg#arrow--arrow-right-new\"><\/use><\/svg><\/a>\n  <\/div>\n<\/div>\n","protected":false},"excerpt":{"rendered":"<p>Bient\u00f4t les grandes vacances d\u2019\u00e9t\u00e9 ! La p\u00e9riode tant attendue pour partir en vacances et profiter d&rsquo;activit\u00e9s en famille. Mais vous, vous \u00eates plut\u00f4t juilletiste ou ao\u00fbtien&nbsp;? Si vous n\u2019avez pas encore tranch\u00e9 la question, Smartbox vous propose ici de privil\u00e9gier le mois de juillet. Le d\u00e9but de l\u2019\u00e9t\u00e9 est en effet id\u00e9al pour les [&hellip;]<\/p>\n","protected":false},"author":41,"featured_media":54595,"comment_status":"open","ping_status":"open","sticky":false,"template":"","format":"standard","meta":{"_acf_changed":false,"footnotes":""},"categories":[48],"tags":[527,4363],"class_list":["post-54492","post","type-post","status-publish","format-standard","has-post-thumbnail","hentry","category-voyages","tag-idees-de-voyage","tag-vacances-dete"],"acf":[],"yoast_head":"<!-- This site is optimized with the Yoast SEO Premium plugin v21.7 (Yoast SEO v27.4) - https:\/\/yoast.com\/product\/yoast-seo-premium-wordpress\/ -->\n<title>O\u00f9 partir en juillet en France ? \u01c0 Smartbox Blog<\/title>\n<meta name=\"description\" content=\"Bient\u00f4t les grandes vacances d\u2019\u00e9t\u00e9 ! Voici notre top 4 des destinations o\u00f9 partir en vacances en juillet, en couple ou en famille.\" \/>\n<meta name=\"robots\" content=\"index, follow, max-snippet:-1, max-image-preview:large, max-video-preview:-1\" \/>\n<link rel=\"canonical\" href=\"https:\/\/www.smartbox.com\/fr\/blog\/ou-partir-en-juillet-en-france\/\" \/>\n<meta property=\"og:locale\" content=\"fr_FR\" \/>\n<meta property=\"og:type\" content=\"article\" \/>\n<meta property=\"og:title\" content=\"O\u00f9 partir en juillet en France ? \u01c0 Smartbox Blog\" \/>\n<meta property=\"og:description\" content=\"Bient\u00f4t les grandes vacances d\u2019\u00e9t\u00e9 ! Voici notre top 4 des destinations o\u00f9 partir en vacances en juillet, en couple ou en famille.\" \/>\n<meta property=\"og:url\" content=\"https:\/\/www.smartbox.com\/fr\/blog\/ou-partir-en-juillet-en-france\/\" \/>\n<meta property=\"og:site_name\" content=\"France\" \/>\n<meta property=\"article:published_time\" content=\"2022-04-21T08:59:35+00:00\" \/>\n<meta property=\"article:modified_time\" content=\"2025-01-02T15:18:40+00:00\" \/>\n<meta property=\"og:image\" content=\"https:\/\/www.smartbox.com\/fr\/blog\/wp-content\/uploads\/2022\/04\/famille-en-vacances-sur-une-plage.jpg\" \/>\n\t<meta property=\"og:image:width\" content=\"1200\" \/>\n\t<meta property=\"og:image:height\" content=\"900\" \/>\n\t<meta property=\"og:image:type\" content=\"image\/jpeg\" \/>\n<meta name=\"author\" content=\"Charline Fernandez\" \/>\n<meta name=\"twitter:card\" content=\"summary_large_image\" \/>\n<meta name=\"twitter:label1\" content=\"\u00c9crit par\" \/>\n\t<meta name=\"twitter:data1\" content=\"Charline Fernandez\" \/>\n\t<meta name=\"twitter:label2\" content=\"Dur\u00e9e de lecture estim\u00e9e\" \/>\n\t<meta name=\"twitter:data2\" content=\"4 minutes\" \/>\n<script type=\"application\/ld+json\" class=\"yoast-schema-graph\">{\"@context\":\"https:\\\/\\\/schema.org\",\"@graph\":[{\"@type\":\"Article\",\"@id\":\"https:\\\/\\\/www.smartbox.com\\\/fr\\\/blog\\\/ou-partir-en-juillet-en-france\\\/#article\",\"isPartOf\":{\"@id\":\"https:\\\/\\\/www.smartbox.com\\\/fr\\\/blog\\\/ou-partir-en-juillet-en-france\\\/\"},\"author\":{\"name\":\"Charline Fernandez\",\"@id\":\"https:\\\/\\\/www.smartbox.com\\\/fr\\\/blog\\\/#\\\/schema\\\/person\\\/11ed8a266c20672aafd9e9aabd7b483b\"},\"headline\":\"O\u00f9 partir en juillet en France ?\",\"datePublished\":\"2022-04-21T08:59:35+00:00\",\"dateModified\":\"2025-01-02T15:18:40+00:00\",\"mainEntityOfPage\":{\"@id\":\"https:\\\/\\\/www.smartbox.com\\\/fr\\\/blog\\\/ou-partir-en-juillet-en-france\\\/\"},\"wordCount\":639,\"commentCount\":0,\"publisher\":{\"@id\":\"https:\\\/\\\/www.smartbox.com\\\/fr\\\/blog\\\/#organization\"},\"image\":{\"@id\":\"https:\\\/\\\/www.smartbox.com\\\/fr\\\/blog\\\/ou-partir-en-juillet-en-france\\\/#primaryimage\"},\"thumbnailUrl\":\"https:\\\/\\\/www.smartbox.com\\\/fr\\\/blog\\\/wp-content\\\/uploads\\\/2022\\\/04\\\/famille-en-vacances-sur-une-plage.jpg\",\"keywords\":[\"Id\u00e9es de voyage\",\"vacances d&#039;\u00e9t\u00e9\"],\"articleSection\":[\"Voyages\"],\"inLanguage\":\"fr-FR\",\"potentialAction\":[{\"@type\":\"CommentAction\",\"name\":\"Comment\",\"target\":[\"https:\\\/\\\/www.smartbox.com\\\/fr\\\/blog\\\/ou-partir-en-juillet-en-france\\\/#respond\"]}]},{\"@type\":\"WebPage\",\"@id\":\"https:\\\/\\\/www.smartbox.com\\\/fr\\\/blog\\\/ou-partir-en-juillet-en-france\\\/\",\"url\":\"https:\\\/\\\/www.smartbox.com\\\/fr\\\/blog\\\/ou-partir-en-juillet-en-france\\\/\",\"name\":\"O\u00f9 partir en juillet en France ? \u01c0 Smartbox Blog\",\"isPartOf\":{\"@id\":\"https:\\\/\\\/www.smartbox.com\\\/fr\\\/blog\\\/#website\"},\"primaryImageOfPage\":{\"@id\":\"https:\\\/\\\/www.smartbox.com\\\/fr\\\/blog\\\/ou-partir-en-juillet-en-france\\\/#primaryimage\"},\"image\":{\"@id\":\"https:\\\/\\\/www.smartbox.com\\\/fr\\\/blog\\\/ou-partir-en-juillet-en-france\\\/#primaryimage\"},\"thumbnailUrl\":\"https:\\\/\\\/www.smartbox.com\\\/fr\\\/blog\\\/wp-content\\\/uploads\\\/2022\\\/04\\\/famille-en-vacances-sur-une-plage.jpg\",\"datePublished\":\"2022-04-21T08:59:35+00:00\",\"dateModified\":\"2025-01-02T15:18:40+00:00\",\"description\":\"Bient\u00f4t les grandes vacances d\u2019\u00e9t\u00e9 ! Voici notre top 4 des destinations o\u00f9 partir en vacances en juillet, en couple ou en famille.\",\"inLanguage\":\"fr-FR\",\"potentialAction\":[{\"@type\":\"ReadAction\",\"target\":[\"https:\\\/\\\/www.smartbox.com\\\/fr\\\/blog\\\/ou-partir-en-juillet-en-france\\\/\"]}]},{\"@type\":\"ImageObject\",\"inLanguage\":\"fr-FR\",\"@id\":\"https:\\\/\\\/www.smartbox.com\\\/fr\\\/blog\\\/ou-partir-en-juillet-en-france\\\/#primaryimage\",\"url\":\"https:\\\/\\\/www.smartbox.com\\\/fr\\\/blog\\\/wp-content\\\/uploads\\\/2022\\\/04\\\/famille-en-vacances-sur-une-plage.jpg\",\"contentUrl\":\"https:\\\/\\\/www.smartbox.com\\\/fr\\\/blog\\\/wp-content\\\/uploads\\\/2022\\\/04\\\/famille-en-vacances-sur-une-plage.jpg\",\"width\":1200,\"height\":900,\"caption\":\"\u00a9 BlueOrange Studio \\\/ Via Shutterstock\"},{\"@type\":\"WebSite\",\"@id\":\"https:\\\/\\\/www.smartbox.com\\\/fr\\\/blog\\\/#website\",\"url\":\"https:\\\/\\\/www.smartbox.com\\\/fr\\\/blog\\\/\",\"name\":\"France\",\"description\":\"\",\"publisher\":{\"@id\":\"https:\\\/\\\/www.smartbox.com\\\/fr\\\/blog\\\/#organization\"},\"potentialAction\":[{\"@type\":\"SearchAction\",\"target\":{\"@type\":\"EntryPoint\",\"urlTemplate\":\"https:\\\/\\\/www.smartbox.com\\\/fr\\\/blog\\\/?s={search_term_string}\"},\"query-input\":{\"@type\":\"PropertyValueSpecification\",\"valueRequired\":true,\"valueName\":\"search_term_string\"}}],\"inLanguage\":\"fr-FR\"},{\"@type\":\"Organization\",\"@id\":\"https:\\\/\\\/www.smartbox.com\\\/fr\\\/blog\\\/#organization\",\"name\":\"Smartbox\",\"url\":\"https:\\\/\\\/www.smartbox.com\\\/fr\\\/blog\\\/\",\"logo\":{\"@type\":\"ImageObject\",\"inLanguage\":\"fr-FR\",\"@id\":\"https:\\\/\\\/www.smartbox.com\\\/fr\\\/blog\\\/#\\\/schema\\\/logo\\\/image\\\/\",\"url\":\"https:\\\/\\\/digital.sbxtest.net\\\/fr\\\/blog\\\/wp-content\\\/uploads\\\/2022\\\/04\\\/LOGO-CH-FR-BLOG.svg\",\"contentUrl\":\"https:\\\/\\\/digital.sbxtest.net\\\/fr\\\/blog\\\/wp-content\\\/uploads\\\/2022\\\/04\\\/LOGO-CH-FR-BLOG.svg\",\"width\":1,\"height\":1,\"caption\":\"Smartbox\"},\"image\":{\"@id\":\"https:\\\/\\\/www.smartbox.com\\\/fr\\\/blog\\\/#\\\/schema\\\/logo\\\/image\\\/\"}},{\"@type\":\"Person\",\"@id\":\"https:\\\/\\\/www.smartbox.com\\\/fr\\\/blog\\\/#\\\/schema\\\/person\\\/11ed8a266c20672aafd9e9aabd7b483b\",\"name\":\"Charline Fernandez\",\"image\":{\"@type\":\"ImageObject\",\"inLanguage\":\"fr-FR\",\"@id\":\"https:\\\/\\\/secure.gravatar.com\\\/avatar\\\/43fa600b2e1f76db87b20d2e6d64381529aaf9c7fff43ec923742f018c8f1b46?s=96&d=mm&r=g\",\"url\":\"https:\\\/\\\/secure.gravatar.com\\\/avatar\\\/43fa600b2e1f76db87b20d2e6d64381529aaf9c7fff43ec923742f018c8f1b46?s=96&d=mm&r=g\",\"contentUrl\":\"https:\\\/\\\/secure.gravatar.com\\\/avatar\\\/43fa600b2e1f76db87b20d2e6d64381529aaf9c7fff43ec923742f018c8f1b46?s=96&d=mm&r=g\",\"caption\":\"Charline Fernandez\"}}]}<\/script>\n<!-- \/ Yoast SEO Premium plugin. -->","yoast_head_json":{"title":"O\u00f9 partir en juillet en France ? \u01c0 Smartbox Blog","description":"Bient\u00f4t les grandes vacances d\u2019\u00e9t\u00e9 ! Voici notre top 4 des destinations o\u00f9 partir en vacances en juillet, en couple ou en famille.","robots":{"index":"index","follow":"follow","max-snippet":"max-snippet:-1","max-image-preview":"max-image-preview:large","max-video-preview":"max-video-preview:-1"},"canonical":"https:\/\/www.smartbox.com\/fr\/blog\/ou-partir-en-juillet-en-france\/","og_locale":"fr_FR","og_type":"article","og_title":"O\u00f9 partir en juillet en France ? \u01c0 Smartbox Blog","og_description":"Bient\u00f4t les grandes vacances d\u2019\u00e9t\u00e9 ! Voici notre top 4 des destinations o\u00f9 partir en vacances en juillet, en couple ou en famille.","og_url":"https:\/\/www.smartbox.com\/fr\/blog\/ou-partir-en-juillet-en-france\/","og_site_name":"France","article_published_time":"2022-04-21T08:59:35+00:00","article_modified_time":"2025-01-02T15:18:40+00:00","og_image":[{"width":1200,"height":900,"url":"https:\/\/www.smartbox.com\/fr\/blog\/wp-content\/uploads\/2022\/04\/famille-en-vacances-sur-une-plage.jpg","type":"image\/jpeg"}],"author":"Charline Fernandez","twitter_card":"summary_large_image","twitter_misc":{"\u00c9crit par":"Charline Fernandez","Dur\u00e9e de lecture estim\u00e9e":"4 minutes"},"schema":{"@context":"https:\/\/schema.org","@graph":[{"@type":"Article","@id":"https:\/\/www.smartbox.com\/fr\/blog\/ou-partir-en-juillet-en-france\/#article","isPartOf":{"@id":"https:\/\/www.smartbox.com\/fr\/blog\/ou-partir-en-juillet-en-france\/"},"author":{"name":"Charline Fernandez","@id":"https:\/\/www.smartbox.com\/fr\/blog\/#\/schema\/person\/11ed8a266c20672aafd9e9aabd7b483b"},"headline":"O\u00f9 partir en juillet en France ?","datePublished":"2022-04-21T08:59:35+00:00","dateModified":"2025-01-02T15:18:40+00:00","mainEntityOfPage":{"@id":"https:\/\/www.smartbox.com\/fr\/blog\/ou-partir-en-juillet-en-france\/"},"wordCount":639,"commentCount":0,"publisher":{"@id":"https:\/\/www.smartbox.com\/fr\/blog\/#organization"},"image":{"@id":"https:\/\/www.smartbox.com\/fr\/blog\/ou-partir-en-juillet-en-france\/#primaryimage"},"thumbnailUrl":"https:\/\/www.smartbox.com\/fr\/blog\/wp-content\/uploads\/2022\/04\/famille-en-vacances-sur-une-plage.jpg","keywords":["Id\u00e9es de voyage","vacances d&#039;\u00e9t\u00e9"],"articleSection":["Voyages"],"inLanguage":"fr-FR","potentialAction":[{"@type":"CommentAction","name":"Comment","target":["https:\/\/www.smartbox.com\/fr\/blog\/ou-partir-en-juillet-en-france\/#respond"]}]},{"@type":"WebPage","@id":"https:\/\/www.smartbox.com\/fr\/blog\/ou-partir-en-juillet-en-france\/","url":"https:\/\/www.smartbox.com\/fr\/blog\/ou-partir-en-juillet-en-france\/","name":"O\u00f9 partir en juillet en France ? \u01c0 Smartbox Blog","isPartOf":{"@id":"https:\/\/www.smartbox.com\/fr\/blog\/#website"},"primaryImageOfPage":{"@id":"https:\/\/www.smartbox.com\/fr\/blog\/ou-partir-en-juillet-en-france\/#primaryimage"},"image":{"@id":"https:\/\/www.smartbox.com\/fr\/blog\/ou-partir-en-juillet-en-france\/#primaryimage"},"thumbnailUrl":"https:\/\/www.smartbox.com\/fr\/blog\/wp-content\/uploads\/2022\/04\/famille-en-vacances-sur-une-plage.jpg","datePublished":"2022-04-21T08:59:35+00:00","dateModified":"2025-01-02T15:18:40+00:00","description":"Bient\u00f4t les grandes vacances d\u2019\u00e9t\u00e9 ! Voici notre top 4 des destinations o\u00f9 partir en vacances en juillet, en couple ou en famille.","inLanguage":"fr-FR","potentialAction":[{"@type":"ReadAction","target":["https:\/\/www.smartbox.com\/fr\/blog\/ou-partir-en-juillet-en-france\/"]}]},{"@type":"ImageObject","inLanguage":"fr-FR","@id":"https:\/\/www.smartbox.com\/fr\/blog\/ou-partir-en-juillet-en-france\/#primaryimage","url":"https:\/\/www.smartbox.com\/fr\/blog\/wp-content\/uploads\/2022\/04\/famille-en-vacances-sur-une-plage.jpg","contentUrl":"https:\/\/www.smartbox.com\/fr\/blog\/wp-content\/uploads\/2022\/04\/famille-en-vacances-sur-une-plage.jpg","width":1200,"height":900,"caption":"\u00a9 BlueOrange Studio \/ Via Shutterstock"},{"@type":"WebSite","@id":"https:\/\/www.smartbox.com\/fr\/blog\/#website","url":"https:\/\/www.smartbox.com\/fr\/blog\/","name":"France","description":"","publisher":{"@id":"https:\/\/www.smartbox.com\/fr\/blog\/#organization"},"potentialAction":[{"@type":"SearchAction","target":{"@type":"EntryPoint","urlTemplate":"https:\/\/www.smartbox.com\/fr\/blog\/?s={search_term_string}"},"query-input":{"@type":"PropertyValueSpecification","valueRequired":true,"valueName":"search_term_string"}}],"inLanguage":"fr-FR"},{"@type":"Organization","@id":"https:\/\/www.smartbox.com\/fr\/blog\/#organization","name":"Smartbox","url":"https:\/\/www.smartbox.com\/fr\/blog\/","logo":{"@type":"ImageObject","inLanguage":"fr-FR","@id":"https:\/\/www.smartbox.com\/fr\/blog\/#\/schema\/logo\/image\/","url":"https:\/\/digital.sbxtest.net\/fr\/blog\/wp-content\/uploads\/2022\/04\/LOGO-CH-FR-BLOG.svg","contentUrl":"https:\/\/digital.sbxtest.net\/fr\/blog\/wp-content\/uploads\/2022\/04\/LOGO-CH-FR-BLOG.svg","width":1,"height":1,"caption":"Smartbox"},"image":{"@id":"https:\/\/www.smartbox.com\/fr\/blog\/#\/schema\/logo\/image\/"}},{"@type":"Person","@id":"https:\/\/www.smartbox.com\/fr\/blog\/#\/schema\/person\/11ed8a266c20672aafd9e9aabd7b483b","name":"Charline Fernandez","image":{"@type":"ImageObject","inLanguage":"fr-FR","@id":"https:\/\/secure.gravatar.com\/avatar\/43fa600b2e1f76db87b20d2e6d64381529aaf9c7fff43ec923742f018c8f1b46?s=96&d=mm&r=g","url":"https:\/\/secure.gravatar.com\/avatar\/43fa600b2e1f76db87b20d2e6d64381529aaf9c7fff43ec923742f018c8f1b46?s=96&d=mm&r=g","contentUrl":"https:\/\/secure.gravatar.com\/avatar\/43fa600b2e1f76db87b20d2e6d64381529aaf9c7fff43ec923742f018c8f1b46?s=96&d=mm&r=g","caption":"Charline Fernandez"}}]}},"amp_enabled":true,"_links":{"self":[{"href":"https:\/\/www.smartbox.com\/fr\/blog\/wp-json\/wp\/v2\/posts\/54492","targetHints":{"allow":["GET"]}}],"collection":[{"href":"https:\/\/www.smartbox.com\/fr\/blog\/wp-json\/wp\/v2\/posts"}],"about":[{"href":"https:\/\/www.smartbox.com\/fr\/blog\/wp-json\/wp\/v2\/types\/post"}],"author":[{"embeddable":true,"href":"https:\/\/www.smartbox.com\/fr\/blog\/wp-json\/wp\/v2\/users\/41"}],"replies":[{"embeddable":true,"href":"https:\/\/www.smartbox.com\/fr\/blog\/wp-json\/wp\/v2\/comments?post=54492"}],"version-history":[{"count":3,"href":"https:\/\/www.smartbox.com\/fr\/blog\/wp-json\/wp\/v2\/posts\/54492\/revisions"}],"predecessor-version":[{"id":58368,"href":"https:\/\/www.smartbox.com\/fr\/blog\/wp-json\/wp\/v2\/posts\/54492\/revisions\/58368"}],"wp:featuredmedia":[{"embeddable":true,"href":"https:\/\/www.smartbox.com\/fr\/blog\/wp-json\/wp\/v2\/media\/54595"}],"wp:attachment":[{"href":"https:\/\/www.smartbox.com\/fr\/blog\/wp-json\/wp\/v2\/media?parent=54492"}],"wp:term":[{"taxonomy":"category","embeddable":true,"href":"https:\/\/www.smartbox.com\/fr\/blog\/wp-json\/wp\/v2\/categories?post=54492"},{"taxonomy":"post_tag","embeddable":true,"href":"https:\/\/www.smartbox.com\/fr\/blog\/wp-json\/wp\/v2\/tags?post=54492"}],"curies":[{"name":"wp","href":"https:\/\/api.w.org\/{rel}","templated":true}]}}