{"id":54349,"date":"2022-04-25T17:07:16","date_gmt":"2022-04-25T16:07:16","guid":{"rendered":"https:\/\/www.smartbox.com\/fr\/blog\/?p=54349"},"modified":"2025-04-01T10:11:15","modified_gmt":"2025-04-01T09:11:15","slug":"meilleures-randonnees-en-montagne-en-ete","status":"publish","type":"post","link":"https:\/\/www.smartbox.com\/fr\/blog\/meilleures-randonnees-en-montagne-en-ete\/","title":{"rendered":"Les meilleures randonn\u00e9es en montagne \u00e0 faire en \u00e9t\u00e9"},"content":{"rendered":"\n<p>Les beaux jours reviennent, et avec eux, une envie de vous balader pour prendre de grands bols d\u2019air frais et partir \u00e0 l&rsquo;aventure. Vous \u00eates sensible \u00e0 la beaut\u00e9 de la nature et n\u2019h\u00e9sitez pas \u00e0 enfiler vos chaussures de marche pour vous lancer sur les chemins. Dans cet article, nous vous donnons <strong>10 id\u00e9es sur les meilleures <a href=\"https:\/\/www.smartbox.com\/fr\/blog\/randonnees-en-france-a-faire-en-automne\/\">randonn\u00e9es<\/a> en montagne \u00e0 faire en \u00e9t\u00e9.<\/strong><\/p>\n\n\n\n<p>Nous avons la chance en France de b\u00e9n\u00e9ficier de plusieurs cha\u00eenes de montagnes qui offrent des <strong>paysages spectaculaires<\/strong>. Alors profitez-en pour prendre votre b\u00e2ton et partir en excursion dans les <strong>Alpes<\/strong> ou les <strong>Pyr\u00e9n\u00e9es<\/strong>. Sentiment d\u2019\u00e9vasion garanti&nbsp;!<\/p>\n\n\n\n<div class=\"wp-block-buttons is-content-justification-center is-layout-flex wp-container-core-buttons-is-layout-16018d1d wp-block-buttons-is-layout-flex\">\n<div class=\"wp-block-button\"><a class=\"wp-block-button__link has-white-color has-luminous-vivid-orange-background-color has-text-color has-background wp-element-button\" href=\"https:\/\/www.smartbox.com\/fr\/sport-et-aventure\/terrestres\/\">Toutes nos aventures terrestres<\/a><\/div>\n<\/div>\n\n\n\n<div style=\"height:30px\" aria-hidden=\"true\" class=\"wp-block-spacer\"><\/div>\n\n\n<div class=\"wp-block-image\">\n<figure class=\"aligncenter size-large\"><img loading=\"lazy\" decoding=\"async\" width=\"1024\" height=\"768\" src=\"https:\/\/www.smartbox.com\/fr\/blog\/wp-content\/uploads\/2022\/04\/randonneurs-dans-le-massif-du-mont-blanc-par-beau-temps-1024x768.jpg\" alt=\"Randonneurs dans le massif du Mont Blanc par beau temps\" class=\"wp-image-54592\" srcset=\"https:\/\/www.smartbox.com\/fr\/blog\/wp-content\/uploads\/2022\/04\/randonneurs-dans-le-massif-du-mont-blanc-par-beau-temps-1024x768.jpg 1024w, https:\/\/www.smartbox.com\/fr\/blog\/wp-content\/uploads\/2022\/04\/randonneurs-dans-le-massif-du-mont-blanc-par-beau-temps-300x225.jpg 300w, https:\/\/www.smartbox.com\/fr\/blog\/wp-content\/uploads\/2022\/04\/randonneurs-dans-le-massif-du-mont-blanc-par-beau-temps-768x576.jpg 768w, https:\/\/www.smartbox.com\/fr\/blog\/wp-content\/uploads\/2022\/04\/randonneurs-dans-le-massif-du-mont-blanc-par-beau-temps.jpg 1200w\" sizes=\"auto, (max-width: 1024px) 100vw, 1024px\" \/><figcaption class=\"wp-element-caption\"><sup>\u00a9 Vaclav Volrab \/ Via Shutterstock<\/sup><\/figcaption><\/figure>\n<\/div>\n\n\n<h2 class=\"wp-block-heading\" id=\"h-idees-de-randonnees-dans-les-alpes-nbsp\" style=\"font-size:22px\"><mark style=\"background-color:rgba(0, 0, 0, 0)\" class=\"has-inline-color has-luminous-vivid-orange-color\">Id\u00e9es de randonn\u00e9es dans les Alpes&nbsp;:<\/mark><\/h2>\n\n\n\n<p>Les Alpes offrent un choix infini de types de randonn\u00e9es en montagne \u00e0 faire en \u00e9t\u00e9. Voici quelques id\u00e9es de promenades qui vous laisseront des images inoubliables en m\u00e9moire !<\/p>\n\n\n\n<h3 class=\"wp-block-heading has-medium-font-size\"><mark style=\"background-color:rgba(0, 0, 0, 0)\" class=\"has-inline-color has-luminous-vivid-orange-color\">1- Randonn\u00e9e \u00e9co-responsable au Glacier des Bossons<\/mark><\/h3>\n\n\n\n<p>Partez \u00e0 l\u2019aventure lors d\u2019une randonn\u00e9e vers le Glacier des Bossons, non loin de Chamonix. Si vous souhaiter faire appel \u00e0 un guide pour vous expliquer l\u2019environnement qui vous entoure, alors <a href=\"https:\/\/www.smartbox.com\/fr\/nos-smartbox\/sport-aventure\/randonnee-pour-2-au-glacier-des-bossons-avec-accompagnateur-1390270.html\">Philippe Deville<\/a> est votre homme&nbsp;!<\/p>\n\n\n\n<p>Lors de cette inoubliable promenade au grand air, vous serez sensibilis\u00e9s \u00e0 la probl\u00e9matique du r\u00e9chauffement climatique. Votre accompagnateur vous fera partager tout son savoir pour vous faire profiter de cette nature \u00e0 la sublime beaut\u00e9.<\/p>\n\n\n\n<p>Tout est pr\u00e9vu ici pour vivre une journ\u00e9e magique dans les Alpes sur l\u2019impressionnant massif du Mont-Blanc !<\/p>\n\n\n\n<h3 class=\"wp-block-heading has-medium-font-size\"><mark style=\"background-color:rgba(0, 0, 0, 0)\" class=\"has-inline-color has-luminous-vivid-orange-color\">2- Massif du Giffre, face au Mont-Blanc&nbsp;<\/mark><\/h3>\n\n\n\n<p>Si une randonn\u00e9e \u00e0 la d\u00e9couverte de la g\u00e9ologie vous tente, partez avec <strong>Randogeo<\/strong>. G\u00e9ologue et accompagnateur en montagne, \u00c9tienne vous propose une exp\u00e9rience unique face au Mont-Blanc.<\/p>\n\n\n\n<p>Vous comprendrez comment a \u00e9volu\u00e9 la terre au cours des temps, pour mieux saisir les enjeux environnementaux de notre \u00e9poque ! Suivez-le lors d&rsquo;une marche adapt\u00e9e \u00e0 votre niveau physique, \u00e0 la recherche de fossiles datant de plus de 100 millions d&rsquo;ann\u00e9es.<\/p>\n\n\n\n<p>La randonn\u00e9e se d\u00e9roulera dans le <strong>d\u00e9sert de Plat\u00e9<\/strong> \u00e0 l\u2019aspect quasi-lunaire, ou dans les environs selon la m\u00e9t\u00e9o. Ici, le calme domine, perturb\u00e9 seulement par les bouquetins&nbsp;!<\/p>\n\n\n\n<figure class=\"wp-block-image size-large\"><img loading=\"lazy\" decoding=\"async\" width=\"1024\" height=\"768\" src=\"https:\/\/www.smartbox.com\/fr\/blog\/wp-content\/uploads\/2022\/04\/randonneur-face-au-mont-blanc-en-ete-1024x768.jpg\" alt=\"Randonneur face au Mont Blanc en \u00e9t\u00e9\" class=\"wp-image-54591\" srcset=\"https:\/\/www.smartbox.com\/fr\/blog\/wp-content\/uploads\/2022\/04\/randonneur-face-au-mont-blanc-en-ete-1024x768.jpg 1024w, https:\/\/www.smartbox.com\/fr\/blog\/wp-content\/uploads\/2022\/04\/randonneur-face-au-mont-blanc-en-ete-300x225.jpg 300w, https:\/\/www.smartbox.com\/fr\/blog\/wp-content\/uploads\/2022\/04\/randonneur-face-au-mont-blanc-en-ete-768x576.jpg 768w, https:\/\/www.smartbox.com\/fr\/blog\/wp-content\/uploads\/2022\/04\/randonneur-face-au-mont-blanc-en-ete.jpg 1200w\" sizes=\"auto, (max-width: 1024px) 100vw, 1024px\" \/><figcaption class=\"wp-element-caption\"><sup>\u00a9 Roberto Caucino \/ Via Shutterstock<\/sup><\/figcaption><\/figure>\n\n\n\n<h3 class=\"wp-block-heading has-medium-font-size\"><mark style=\"background-color:rgba(0, 0, 0, 0)\" class=\"has-inline-color has-luminous-vivid-orange-color\">3- \u00c0 la d\u00e9couverte de la Vall\u00e9e de la Tarentaise et du Massif de la Vanoise&nbsp;<\/mark><\/h3>\n\n\n\n<p>Partez \u00e0 la d\u00e9couverte des Alpes avec l\u2019\u00c9cole de la Montagne et prenez une grande bouff\u00e9e d\u2019air pur&nbsp;! Carole Gros vous accueille dans son \u00e9cole pour vous faire partager sa passion.<\/p>\n\n\n\n<p>Encadr\u00e9 par un accompagnateur qui conna\u00eet les sentiers comme sa poche, vous d\u00e9couvrirez les richesses naturelles, les traditions et l&rsquo;histoire de cette r\u00e9gion pr\u00e9serv\u00e9e. Pour en apprendre davantage sur une ressource naturelle locale, optez pour le th\u00e8me de <strong>l\u2019Histoire du sel en Savoie<\/strong>.<\/p>\n\n\n<div class=\"wp-block-image\">\n<figure class=\"aligncenter size-large\"><img loading=\"lazy\" decoding=\"async\" width=\"1024\" height=\"768\" src=\"https:\/\/www.smartbox.com\/fr\/blog\/wp-content\/uploads\/2022\/04\/deux-randonneurs-sur-un-chemin-de-montagne-dans-les-alpes-1024x768.jpg\" alt=\"Deux randonneurs sur un chemin de montagne dans les Alpes\" class=\"wp-image-54588\" srcset=\"https:\/\/www.smartbox.com\/fr\/blog\/wp-content\/uploads\/2022\/04\/deux-randonneurs-sur-un-chemin-de-montagne-dans-les-alpes-1024x768.jpg 1024w, https:\/\/www.smartbox.com\/fr\/blog\/wp-content\/uploads\/2022\/04\/deux-randonneurs-sur-un-chemin-de-montagne-dans-les-alpes-300x225.jpg 300w, https:\/\/www.smartbox.com\/fr\/blog\/wp-content\/uploads\/2022\/04\/deux-randonneurs-sur-un-chemin-de-montagne-dans-les-alpes-768x576.jpg 768w, https:\/\/www.smartbox.com\/fr\/blog\/wp-content\/uploads\/2022\/04\/deux-randonneurs-sur-un-chemin-de-montagne-dans-les-alpes.jpg 1200w\" sizes=\"auto, (max-width: 1024px) 100vw, 1024px\" \/><figcaption class=\"wp-element-caption\"><sup>\u00a9 Carole Gros &#8211; \u00c9cole de la Montagne<\/sup><\/figcaption><\/figure>\n<\/div>\n\n\n<h2 class=\"wp-block-heading\" style=\"font-size:22px\"><mark style=\"background-color:rgba(0, 0, 0, 0)\" class=\"has-inline-color has-luminous-vivid-orange-color\">Randonn\u00e9es \u00e0 Annecy en \u00e9t\u00e9&nbsp;:<\/mark><\/h2>\n\n\n\n<h3 class=\"wp-block-heading has-medium-font-size\"><mark style=\"background-color:rgba(0, 0, 0, 0)\" class=\"has-inline-color has-luminous-vivid-orange-color\">4- Le Massif des Bauges<\/mark><\/h3>\n\n\n\n<p>Si vous passez par <strong>Annecy<\/strong>, profitez-en pour partir en randonn\u00e9e juste au-dessus. <strong>Le Massif des Bauges<\/strong>, class\u00e9 au patrimoine mondial de l\u2019Unesco, vous offrira un spectacle naturel \u00e9poustouflant. Culminant \u00e0 un peu plus de 2 200 m\u00e8tres d\u2019altitude, il vous attend pour des excursions en moyenne montagne.<\/p>\n\n\n\n<p>Partez par exemple pour <strong>La Croix du Nivolet<\/strong> depuis Le Sire pour une randonn\u00e9e de 6 km et contempler \u00e0 votre guise le massif de l\u2019\u00c9pine, la Chartreuse et Chamb\u00e9ry.<\/p>\n\n\n\n<p>Sinon, en route pour <strong>les sommets du Petit et du Grand Taillefer<\/strong>, conseill\u00e9s aux randonneurs les plus aguerris. Une fois \u00e0 2 857 m\u00e8tres d\u2019altitude, vous aurez une vue splendide sur le <strong>Mont Blanc<\/strong>, les \u00c9crins et les Aiguilles d\u2019Arves \u00e0 l\u2019est. Les sommets du Vercors et du D\u00e9voluy \u00e0 l\u2019ouest.<\/p>\n\n\n\n<p>Enfin, empruntez <strong>le chemin des cr\u00eates pr\u00e8s de Saint-Jorioz<\/strong> pour une balade familiale d\u2019une journ\u00e9e en for\u00eat. Tout au long de cette boucle de 19 km, vous pourrez admirer le lac d\u2019Annecy depuis les cr\u00eates du Semnoz.<\/p>\n\n\n<div class=\"wp-block-image\">\n<figure class=\"aligncenter size-large\"><img loading=\"lazy\" decoding=\"async\" width=\"1024\" height=\"768\" src=\"https:\/\/www.smartbox.com\/fr\/blog\/wp-content\/uploads\/2022\/04\/deux-marcheurs-en-montagne-1024x768.jpg\" alt=\"Deux marcheurs en montagne\" class=\"wp-image-54639\" srcset=\"https:\/\/www.smartbox.com\/fr\/blog\/wp-content\/uploads\/2022\/04\/deux-marcheurs-en-montagne-1024x768.jpg 1024w, https:\/\/www.smartbox.com\/fr\/blog\/wp-content\/uploads\/2022\/04\/deux-marcheurs-en-montagne-300x225.jpg 300w, https:\/\/www.smartbox.com\/fr\/blog\/wp-content\/uploads\/2022\/04\/deux-marcheurs-en-montagne-768x576.jpg 768w, https:\/\/www.smartbox.com\/fr\/blog\/wp-content\/uploads\/2022\/04\/deux-marcheurs-en-montagne.jpg 1200w\" sizes=\"auto, (max-width: 1024px) 100vw, 1024px\" \/><figcaption class=\"wp-element-caption\"><sup>\u00a9 Breslavtsev Oleg \/ Via Shutterstock<\/sup><\/figcaption><\/figure>\n<\/div>\n\n\n<h3 class=\"wp-block-heading has-medium-font-size\"><mark style=\"background-color:rgba(0, 0, 0, 0)\" class=\"has-inline-color has-luminous-vivid-orange-color\">5- Massif de la Chartreuse<\/mark><\/h3>\n\n\n\n<p>Autre destination enchanteresse pour des randonn\u00e9es en montagne l\u2019\u00e9t\u00e9 <strong>pr\u00e8s d\u2019Annecy<\/strong>&nbsp;: le massif de la Chartreuse. Consid\u00e9r\u00e9 comme l\u2019un des plus beaux de la cha\u00eene alpine, le massif abrite une faune et une flore remarquables.<\/p>\n\n\n\n<p>Voici quelques exemples de randonn\u00e9es qui vont vous \u00e9merveiller.<\/p>\n\n\n\n<p><strong>Le mont Rachais depuis le col de Vence<\/strong> est une randonn\u00e9e de 8,7 km plut\u00f4t facile pour toute la famille. Vous monterez tout en douceur pour atteindre la cr\u00eate du mont Rachais, sans difficult\u00e9 particuli\u00e8re.<\/p>\n\n\n\n<p><strong>La Boucle de la Dent de Crolles<\/strong> vous emm\u00e8ne \u00e0 travers p\u00e2turages et falaises, pour \u00e0 l\u2019arriv\u00e9e, avoir une vue imprenable sur le Mont Blanc. Une randonn\u00e9e de 7 km conseill\u00e9e pour les randonneurs exp\u00e9riment\u00e9s&nbsp;!<\/p>\n\n\n\n<p><strong>Le sentier du col de Porte \u00e0 Chamechaude<\/strong> d\u00e9marre dans la for\u00eat et arrive rapidement sur d\u2019\u00e9troites falaises. Si vous \u00eates sujet au vertige, il faudra peut-\u00eatre passer votre chemin&nbsp;! Mais la r\u00e9compense au sommet vaut le coup&nbsp;: une vue \u00e0 couper le souffle sur le Mont Aiguille et le massif du Vercors&nbsp;!<\/p>\n\n\n\n<p>Enfin, l\u2019itin\u00e9raire du <strong>Grand Som<\/strong>&nbsp;commence par une promenade bucolique au milieu d\u2019une for\u00eat et se poursuit sur un sentier escarp\u00e9. Randonn\u00e9e de 15 km jusqu\u2019au sommet avec de magnifiques pentes verdoyantes \u00e0 vos pieds&nbsp;!<\/p>\n\n\n<div class=\"wp-block-image\">\n<figure class=\"aligncenter size-large is-resized\"><img loading=\"lazy\" decoding=\"async\" width=\"1024\" height=\"768\" src=\"https:\/\/www.smartbox.com\/fr\/blog\/wp-content\/uploads\/2022\/04\/un-randonneur-face-au-lac-d-annecy-au-coucher-du-soleil-1024x768.jpg\" alt=\"Un randonneur face au lac d\u2019Annecy au coucher du soleil\" class=\"wp-image-54594\" style=\"width:840px;height:630px\" srcset=\"https:\/\/www.smartbox.com\/fr\/blog\/wp-content\/uploads\/2022\/04\/un-randonneur-face-au-lac-d-annecy-au-coucher-du-soleil-1024x768.jpg 1024w, https:\/\/www.smartbox.com\/fr\/blog\/wp-content\/uploads\/2022\/04\/un-randonneur-face-au-lac-d-annecy-au-coucher-du-soleil-300x225.jpg 300w, https:\/\/www.smartbox.com\/fr\/blog\/wp-content\/uploads\/2022\/04\/un-randonneur-face-au-lac-d-annecy-au-coucher-du-soleil-768x576.jpg 768w, https:\/\/www.smartbox.com\/fr\/blog\/wp-content\/uploads\/2022\/04\/un-randonneur-face-au-lac-d-annecy-au-coucher-du-soleil.jpg 1200w\" sizes=\"auto, (max-width: 1024px) 100vw, 1024px\" \/><figcaption class=\"wp-element-caption\"><sup>\u00a9 Song_about_summer \/ Via Shutterstock<\/sup><\/figcaption><\/figure>\n<\/div>\n\n\n<h3 class=\"wp-block-heading has-medium-font-size\"><mark style=\"background-color:rgba(0, 0, 0, 0)\" class=\"has-inline-color has-luminous-vivid-orange-color\">6- Randonn\u00e9es \u00e9questres<\/mark><\/h3>\n\n\n\n<p>En Provence-Alpes-C\u00f4te d&rsquo;Azur, pr\u00e8s de Gap, Les Sabots de V\u00e9nus vous proposent une promenade \u00e0 cheval \u00e0 travers les magnifiques paysages de montagne. Du haut de votre monture, vous tomberez amoureux de cette nature pr\u00e9serv\u00e9e, sauvage et authentique. Un moment de d\u00e9tente privil\u00e9gi\u00e9 vous ouvre les bras lors de cette balade inoubliable !<\/p>\n\n\n<div class=\"wp-block-image\">\n<figure class=\"aligncenter size-large\"><img loading=\"lazy\" decoding=\"async\" width=\"1024\" height=\"768\" src=\"https:\/\/www.smartbox.com\/fr\/blog\/wp-content\/uploads\/2022\/04\/jeune-femme-sur-un-cheval-marron-devant-des-arbres-1024x768.jpg\" alt=\"Jeune femme sur un cheval marron devant des arbres\" class=\"wp-image-54590\" srcset=\"https:\/\/www.smartbox.com\/fr\/blog\/wp-content\/uploads\/2022\/04\/jeune-femme-sur-un-cheval-marron-devant-des-arbres-1024x768.jpg 1024w, https:\/\/www.smartbox.com\/fr\/blog\/wp-content\/uploads\/2022\/04\/jeune-femme-sur-un-cheval-marron-devant-des-arbres-300x225.jpg 300w, https:\/\/www.smartbox.com\/fr\/blog\/wp-content\/uploads\/2022\/04\/jeune-femme-sur-un-cheval-marron-devant-des-arbres-768x576.jpg 768w, https:\/\/www.smartbox.com\/fr\/blog\/wp-content\/uploads\/2022\/04\/jeune-femme-sur-un-cheval-marron-devant-des-arbres.jpg 1200w\" sizes=\"auto, (max-width: 1024px) 100vw, 1024px\" \/><figcaption class=\"wp-element-caption\"><sup>\u00a9 Elvira Kuleshova \/ Via Shutterstock<\/sup><\/figcaption><\/figure>\n<\/div>\n\n\n<p>Les Alpes sont un \u00e9crin aux tr\u00e9sors naturels \u00e9blouissants. Voyez maintenant les meilleures randonn\u00e9es en montagne \u00e0 faire en \u00e9t\u00e9, dans les <strong>Pyr\u00e9n\u00e9es<\/strong>&nbsp;!<\/p>\n\n\n\n<p><strong>\u00c0 lire aussi&nbsp;:<\/strong><\/p>\n\n\n<div class=\"single-article\">\n  <div class=\"single-article__image\">\n    <img loading=\"lazy\" decoding=\"async\" width=\"220\" height=\"200\" src=\"https:\/\/www.smartbox.com\/fr\/blog\/wp-content\/uploads\/2020\/01\/cadeau-Randonnee-220x200.jpg\" class=\"attachment-am2_thumbnail size-am2_thumbnail wp-post-image\" alt=\"Cadeau randonn\u00e9e\" \/>  <\/div>\n  <div class=\"single-article__content\"> \n    <span class=\"single-article__top-title\">Id\u00e9es de cadeau originales pour les randonneurs<\/span>\n    <a href=\"https:\/\/www.smartbox.com\/fr\/blog\/idee-cadeau-randonnee\/\" class=\"single-article__title-link\">\n    <h5 class=\"single-article__title\">Besoin d\u2019un cadeau pour randonneur ? Voici de belles id\u00e9es cadeaux de randonn\u00e9e !<\/h5>\n    <\/a>\n    <a href=\"https:\/\/www.smartbox.com\/fr\/blog\/idee-cadeau-randonnee\/\" class=\"single-article__link\">Lire plus <svg class=\"svg-icon svg-arrow--arrow-right-new\"><use xlink:href=\"https:\/\/www.smartbox.com\/fr\/blog\/wp-content\/themes\/smartbox-blog\/_\/inc\/images\/symbol\/svg\/sprite.symbol.svg#arrow--arrow-right-new\"><\/use><\/svg><\/a>\n  <\/div>\n<\/div>\n\n\n\n<h2 class=\"wp-block-heading\" style=\"font-size:22px\"><mark style=\"background-color:rgba(0, 0, 0, 0)\" class=\"has-inline-color has-luminous-vivid-orange-color\">Id\u00e9es de randonn\u00e9es dans les Pyr\u00e9n\u00e9es&nbsp;:<\/mark><\/h2>\n\n\n\n<p>D\u00e9couvrez d\u2019autres balades au milieu de paysages enchanteurs&nbsp;: voici des id\u00e9es de <strong>randonn\u00e9es dans les Pyr\u00e9n\u00e9es en \u00e9t\u00e9<\/strong>. D\u00e9paysement et \u00e9merveillement garantis&nbsp;!<\/p>\n\n\n\n<h3 class=\"wp-block-heading has-medium-font-size\"><mark style=\"background-color:rgba(0, 0, 0, 0)\" class=\"has-inline-color has-luminous-vivid-orange-color\">7- Le Pic du Midi d\u2019Ossau<\/mark><\/h3>\n\n\n\n<p>Le pic du Midi d\u2019Ossau est l\u2019une des plus c\u00e9l\u00e8bres randonn\u00e9es des Pyr\u00e9n\u00e9es. Empruntez le GR10 pour ce parcours de 21 kilom\u00e8tres de long. Vous devrez pr\u00e9voir plusieurs jours et \u00eatre suffisamment entra\u00een\u00e9 pour venir \u00e0 bout de ce tron\u00e7on&nbsp;! Le d\u00e9nivel\u00e9 \u00e9tant assez important, il est essentiel d\u2019\u00eatre bien \u00e9quip\u00e9 pour se lancer dans ce p\u00e9riple. Les <strong>nombreux lacs et les for\u00eats<\/strong> qui bordent le chemin, ainsi que <strong>les pics<\/strong> vous offriront de sublimes paysages \u00e0 admirer. Reposez-vous aux refuge d\u2019Ayous ou de Pombie. Les plus aventureux pourront faire des bivouacs \u00e0 proximit\u00e9 des refuges&nbsp;!<\/p>\n\n\n\n<figure class=\"wp-block-image size-large\"><img loading=\"lazy\" decoding=\"async\" width=\"1024\" height=\"768\" src=\"https:\/\/www.smartbox.com\/fr\/blog\/wp-content\/uploads\/2022\/04\/deux-randonneuses-sur-le-chemin-du-pic-du-midi-ossau-dans-les-pyrenees-1024x768.jpg\" alt=\"Deux randonneuses sur le chemin du Pic du Midi Ossau dans les Pyr\u00e9n\u00e9es\" class=\"wp-image-54589\" srcset=\"https:\/\/www.smartbox.com\/fr\/blog\/wp-content\/uploads\/2022\/04\/deux-randonneuses-sur-le-chemin-du-pic-du-midi-ossau-dans-les-pyrenees-1024x768.jpg 1024w, https:\/\/www.smartbox.com\/fr\/blog\/wp-content\/uploads\/2022\/04\/deux-randonneuses-sur-le-chemin-du-pic-du-midi-ossau-dans-les-pyrenees-300x225.jpg 300w, https:\/\/www.smartbox.com\/fr\/blog\/wp-content\/uploads\/2022\/04\/deux-randonneuses-sur-le-chemin-du-pic-du-midi-ossau-dans-les-pyrenees-768x576.jpg 768w, https:\/\/www.smartbox.com\/fr\/blog\/wp-content\/uploads\/2022\/04\/deux-randonneuses-sur-le-chemin-du-pic-du-midi-ossau-dans-les-pyrenees.jpg 1200w\" sizes=\"auto, (max-width: 1024px) 100vw, 1024px\" \/><figcaption class=\"wp-element-caption\"><sup>\u00a9 PHILIPIMAGE \/ Via Shutterstock<\/sup><\/figcaption><\/figure>\n\n\n\n<h3 class=\"wp-block-heading has-medium-font-size\"><mark style=\"background-color:rgba(0, 0, 0, 0)\" class=\"has-inline-color has-luminous-vivid-orange-color\">8- Le Cirque de Gavarnie<\/mark><\/h3>\n\n\n\n<p>Situ\u00e9 \u00e0 1 400 m\u00e8tres d\u2019altitude, <strong>\u00e0 la fronti\u00e8re avec l\u2019Espagne<\/strong>, le cirque de Gavarnie offre aux randonneurs un paysage \u00e9poustouflant. Avec 432 m\u00e8tres de chute, la grande cascade de Gavarnie est la plus grande d\u2019Europe. La nature et le calme sont au rendez-vous.<\/p>\n\n\n\n<p>\u00c0 partir du village de Gavarnie, il existe diff\u00e9rents sentiers de randonn\u00e9e pour les d\u00e9butants et les marcheurs confirm\u00e9s. Vous pouvez passer par la rive droite de la Gave de Gavarnie et suivre le sentier sur une <strong>distance de 8 km<\/strong>&nbsp;: 3 heures de marche accessible \u00e0 tous.<\/p>\n\n\n\n<h3 class=\"wp-block-heading has-medium-font-size\"><mark style=\"background-color:rgba(0, 0, 0, 0)\" class=\"has-inline-color has-luminous-vivid-orange-color\">9- Randonn\u00e9es \u00e0 la d\u00e9couverte des lacs&nbsp;des Pyr\u00e9n\u00e9es<\/mark><\/h3>\n\n\n\n<p>Si vous \u00eates dans le secteur de <strong>Bagn\u00e8res-de-Bigorre<\/strong>, partez en excursion p\u00e9destre \u00e0 la d\u00e9couverte des lacs.<\/p>\n\n\n\n<p>Pour le <strong>lac d\u2019Arrou<\/strong>, vous marcherez dans l\u2019environnement sauvage de la Hourquette d\u2019Ancizan. Au milieu des troupeaux de vaches et de chevaux en libert\u00e9, vous vous dirigerez doucement vers ce magnifique plan d\u2019eau.<\/p>\n\n\n\n<p>Le <strong>lac d\u2019Aygue- Rouye<\/strong>, nich\u00e9 au sein de pelouses accueillantes, ou celui de <strong>Montarrouye<\/strong> vous attendent pour des paysages extraordinaires. Enfin, d\u00e9couvrez les eaux turquoise du <strong>lac de Peyrelade<\/strong> et son cirque glaciaire&nbsp;!<\/p>\n\n\n\n<figure class=\"wp-block-image size-large\"><img loading=\"lazy\" decoding=\"async\" width=\"1024\" height=\"768\" src=\"https:\/\/www.smartbox.com\/fr\/blog\/wp-content\/uploads\/2022\/04\/randonneurs-pres-dun-lac-des-pyrenees-en-ete-1024x768.jpg\" alt=\"Randonneurs pr\u00e8s d\u2019un lac des Pyr\u00e9n\u00e9es en \u00e9t\u00e9\" class=\"wp-image-54593\" srcset=\"https:\/\/www.smartbox.com\/fr\/blog\/wp-content\/uploads\/2022\/04\/randonneurs-pres-dun-lac-des-pyrenees-en-ete-1024x768.jpg 1024w, https:\/\/www.smartbox.com\/fr\/blog\/wp-content\/uploads\/2022\/04\/randonneurs-pres-dun-lac-des-pyrenees-en-ete-300x225.jpg 300w, https:\/\/www.smartbox.com\/fr\/blog\/wp-content\/uploads\/2022\/04\/randonneurs-pres-dun-lac-des-pyrenees-en-ete-768x576.jpg 768w, https:\/\/www.smartbox.com\/fr\/blog\/wp-content\/uploads\/2022\/04\/randonneurs-pres-dun-lac-des-pyrenees-en-ete.jpg 1200w\" sizes=\"auto, (max-width: 1024px) 100vw, 1024px\" \/><figcaption class=\"wp-element-caption\"><sup>\u00a9 Vaclav Volrab \/ Via Shutterstock<\/sup><\/figcaption><\/figure>\n\n\n\n<h3 class=\"wp-block-heading has-medium-font-size\"><mark style=\"background-color:rgba(0, 0, 0, 0)\" class=\"has-inline-color has-luminous-vivid-orange-color\">10- R\u00e9serve naturelle du N\u00e9ouvielle&nbsp;: balades au milieu des for\u00eats<\/mark><\/h3>\n\n\n\n<p>Les Pyr\u00e9n\u00e9es regorgent de for\u00eat de pins, dont la plus haute d\u2019Europe&nbsp;! Partez en randonn\u00e9e en montagne l\u2019\u00e9t\u00e9 dans la <strong>r\u00e9serve naturelle nationale du N\u00e9ouvielle<\/strong>. Immersion garantie au c\u0153ur de la nature&nbsp;!<\/p>\n\n\n\n<p>Cette for\u00eat riche en faune et en flore est accessible \u00e0 partir de la <strong>station de Saint-Lary<\/strong>. Le parcours du Pic de N\u00e9ouvielle offre un panorama exceptionnel sur les sommets des Pyr\u00e9n\u00e9es et les lacs de Cap de Long, Aubert et Aumar.<\/p>\n\n\n\n<p><strong>\u00c0 d\u00e9couvrir \u00e9galement&nbsp;:<\/strong><\/p>\n\n\n<div class=\"single-article\">\n  <div class=\"single-article__image\">\n    <img loading=\"lazy\" decoding=\"async\" width=\"220\" height=\"200\" src=\"https:\/\/www.smartbox.com\/fr\/blog\/wp-content\/uploads\/2019\/05\/randonn\u00e9e-Marseille-220x200.jpg\" class=\"attachment-am2_thumbnail size-am2_thumbnail wp-post-image\" alt=\"randonn\u00e9e Marseille\" \/>  <\/div>\n  <div class=\"single-article__content\"> \n    <span class=\"single-article__top-title\">Les meilleures id\u00e9es de randonn\u00e9es autour de Marseille<\/span>\n    <a href=\"https:\/\/www.smartbox.com\/fr\/blog\/randonnees-a-marseille-et-alentours\/\" class=\"single-article__title-link\">\n    <h5 class=\"single-article__title\">Les plus belles randonn\u00e9es \u00e0 Marseille et aux alentours<\/h5>\n    <\/a>\n    <a href=\"https:\/\/www.smartbox.com\/fr\/blog\/randonnees-a-marseille-et-alentours\/\" class=\"single-article__link\">Lire plus <svg class=\"svg-icon svg-arrow--arrow-right-new\"><use xlink:href=\"https:\/\/www.smartbox.com\/fr\/blog\/wp-content\/themes\/smartbox-blog\/_\/inc\/images\/symbol\/svg\/sprite.symbol.svg#arrow--arrow-right-new\"><\/use><\/svg><\/a>\n  <\/div>\n<\/div>\n","protected":false},"excerpt":{"rendered":"<p>Les beaux jours reviennent, et avec eux, une envie de vous balader pour prendre de grands bols d\u2019air frais et partir \u00e0 l&rsquo;aventure. Vous \u00eates sensible \u00e0 la beaut\u00e9 de la nature et n\u2019h\u00e9sitez pas \u00e0 enfiler vos chaussures de marche pour vous lancer sur les chemins. Dans cet article, nous vous donnons 10 id\u00e9es [&hellip;]<\/p>\n","protected":false},"author":21,"featured_media":54592,"comment_status":"open","ping_status":"open","sticky":false,"template":"","format":"standard","meta":{"_acf_changed":false,"footnotes":""},"categories":[65],"tags":[],"class_list":["post-54349","post","type-post","status-publish","format-standard","has-post-thumbnail","hentry","category-aventure"],"acf":[],"yoast_head":"<!-- This site is optimized with the Yoast SEO Premium plugin v21.7 (Yoast SEO v27.4) - https:\/\/yoast.com\/product\/yoast-seo-premium-wordpress\/ -->\n<title>Les meilleures randonn\u00e9es en montagne \u00e0 faire en \u00e9t\u00e9 | Smartbox Blog<\/title>\n<meta name=\"description\" content=\"Vous r\u00eavez de partir sur les chemins pour respirer un air pur : d\u00e9couvrez notre s\u00e9lection des meilleures randonn\u00e9es en montagne \u00e0 faire en \u00e9t\u00e9 !\" \/>\n<meta name=\"robots\" content=\"index, follow, max-snippet:-1, max-image-preview:large, max-video-preview:-1\" \/>\n<link rel=\"canonical\" href=\"https:\/\/www.smartbox.com\/fr\/blog\/meilleures-randonnees-en-montagne-en-ete\/\" \/>\n<meta property=\"og:locale\" content=\"fr_FR\" \/>\n<meta property=\"og:type\" content=\"article\" \/>\n<meta property=\"og:title\" content=\"Les meilleures randonn\u00e9es en montagne \u00e0 faire en \u00e9t\u00e9 | Smartbox Blog\" \/>\n<meta property=\"og:description\" content=\"Vous r\u00eavez de partir sur les chemins pour respirer un air pur : d\u00e9couvrez notre s\u00e9lection des meilleures randonn\u00e9es en montagne \u00e0 faire en \u00e9t\u00e9 !\" \/>\n<meta property=\"og:url\" content=\"https:\/\/www.smartbox.com\/fr\/blog\/meilleures-randonnees-en-montagne-en-ete\/\" \/>\n<meta property=\"og:site_name\" content=\"France\" \/>\n<meta property=\"article:published_time\" content=\"2022-04-25T16:07:16+00:00\" \/>\n<meta property=\"article:modified_time\" content=\"2025-04-01T09:11:15+00:00\" \/>\n<meta property=\"og:image\" content=\"https:\/\/www.smartbox.com\/fr\/blog\/wp-content\/uploads\/2022\/04\/randonneurs-dans-le-massif-du-mont-blanc-par-beau-temps.jpg\" \/>\n\t<meta property=\"og:image:width\" content=\"1200\" \/>\n\t<meta property=\"og:image:height\" content=\"900\" \/>\n\t<meta property=\"og:image:type\" content=\"image\/jpeg\" \/>\n<meta name=\"author\" content=\"Pauline\" \/>\n<meta name=\"twitter:card\" content=\"summary_large_image\" \/>\n<meta name=\"twitter:label1\" content=\"\u00c9crit par\" \/>\n\t<meta name=\"twitter:data1\" content=\"Pauline\" \/>\n\t<meta name=\"twitter:label2\" content=\"Dur\u00e9e de lecture estim\u00e9e\" \/>\n\t<meta name=\"twitter:data2\" content=\"9 minutes\" \/>\n<script type=\"application\/ld+json\" class=\"yoast-schema-graph\">{\"@context\":\"https:\\\/\\\/schema.org\",\"@graph\":[{\"@type\":\"Article\",\"@id\":\"https:\\\/\\\/www.smartbox.com\\\/fr\\\/blog\\\/meilleures-randonnees-en-montagne-en-ete\\\/#article\",\"isPartOf\":{\"@id\":\"https:\\\/\\\/www.smartbox.com\\\/fr\\\/blog\\\/meilleures-randonnees-en-montagne-en-ete\\\/\"},\"author\":{\"name\":\"Pauline\",\"@id\":\"https:\\\/\\\/www.smartbox.com\\\/fr\\\/blog\\\/#\\\/schema\\\/person\\\/0def93adb00e53abc58b626f646950ac\"},\"headline\":\"Les meilleures randonn\u00e9es en montagne \u00e0 faire en \u00e9t\u00e9\",\"datePublished\":\"2022-04-25T16:07:16+00:00\",\"dateModified\":\"2025-04-01T09:11:15+00:00\",\"mainEntityOfPage\":{\"@id\":\"https:\\\/\\\/www.smartbox.com\\\/fr\\\/blog\\\/meilleures-randonnees-en-montagne-en-ete\\\/\"},\"wordCount\":1502,\"commentCount\":0,\"publisher\":{\"@id\":\"https:\\\/\\\/www.smartbox.com\\\/fr\\\/blog\\\/#organization\"},\"image\":{\"@id\":\"https:\\\/\\\/www.smartbox.com\\\/fr\\\/blog\\\/meilleures-randonnees-en-montagne-en-ete\\\/#primaryimage\"},\"thumbnailUrl\":\"https:\\\/\\\/www.smartbox.com\\\/fr\\\/blog\\\/wp-content\\\/uploads\\\/2022\\\/04\\\/randonneurs-dans-le-massif-du-mont-blanc-par-beau-temps.jpg\",\"articleSection\":[\"Aventure\"],\"inLanguage\":\"fr-FR\",\"potentialAction\":[{\"@type\":\"CommentAction\",\"name\":\"Comment\",\"target\":[\"https:\\\/\\\/www.smartbox.com\\\/fr\\\/blog\\\/meilleures-randonnees-en-montagne-en-ete\\\/#respond\"]}]},{\"@type\":\"WebPage\",\"@id\":\"https:\\\/\\\/www.smartbox.com\\\/fr\\\/blog\\\/meilleures-randonnees-en-montagne-en-ete\\\/\",\"url\":\"https:\\\/\\\/www.smartbox.com\\\/fr\\\/blog\\\/meilleures-randonnees-en-montagne-en-ete\\\/\",\"name\":\"Les meilleures randonn\u00e9es en montagne \u00e0 faire en \u00e9t\u00e9 | Smartbox Blog\",\"isPartOf\":{\"@id\":\"https:\\\/\\\/www.smartbox.com\\\/fr\\\/blog\\\/#website\"},\"primaryImageOfPage\":{\"@id\":\"https:\\\/\\\/www.smartbox.com\\\/fr\\\/blog\\\/meilleures-randonnees-en-montagne-en-ete\\\/#primaryimage\"},\"image\":{\"@id\":\"https:\\\/\\\/www.smartbox.com\\\/fr\\\/blog\\\/meilleures-randonnees-en-montagne-en-ete\\\/#primaryimage\"},\"thumbnailUrl\":\"https:\\\/\\\/www.smartbox.com\\\/fr\\\/blog\\\/wp-content\\\/uploads\\\/2022\\\/04\\\/randonneurs-dans-le-massif-du-mont-blanc-par-beau-temps.jpg\",\"datePublished\":\"2022-04-25T16:07:16+00:00\",\"dateModified\":\"2025-04-01T09:11:15+00:00\",\"description\":\"Vous r\u00eavez de partir sur les chemins pour respirer un air pur : d\u00e9couvrez notre s\u00e9lection des meilleures randonn\u00e9es en montagne \u00e0 faire en \u00e9t\u00e9 !\",\"inLanguage\":\"fr-FR\",\"potentialAction\":[{\"@type\":\"ReadAction\",\"target\":[\"https:\\\/\\\/www.smartbox.com\\\/fr\\\/blog\\\/meilleures-randonnees-en-montagne-en-ete\\\/\"]}]},{\"@type\":\"ImageObject\",\"inLanguage\":\"fr-FR\",\"@id\":\"https:\\\/\\\/www.smartbox.com\\\/fr\\\/blog\\\/meilleures-randonnees-en-montagne-en-ete\\\/#primaryimage\",\"url\":\"https:\\\/\\\/www.smartbox.com\\\/fr\\\/blog\\\/wp-content\\\/uploads\\\/2022\\\/04\\\/randonneurs-dans-le-massif-du-mont-blanc-par-beau-temps.jpg\",\"contentUrl\":\"https:\\\/\\\/www.smartbox.com\\\/fr\\\/blog\\\/wp-content\\\/uploads\\\/2022\\\/04\\\/randonneurs-dans-le-massif-du-mont-blanc-par-beau-temps.jpg\",\"width\":1200,\"height\":900,\"caption\":\"Idyllic landscape with Mont Blanc mountain range in sunny day. Hikers on trip in the Nature Reserve Aiguilles Rouges, French Alps, France, Europe.\"},{\"@type\":\"WebSite\",\"@id\":\"https:\\\/\\\/www.smartbox.com\\\/fr\\\/blog\\\/#website\",\"url\":\"https:\\\/\\\/www.smartbox.com\\\/fr\\\/blog\\\/\",\"name\":\"France\",\"description\":\"\",\"publisher\":{\"@id\":\"https:\\\/\\\/www.smartbox.com\\\/fr\\\/blog\\\/#organization\"},\"potentialAction\":[{\"@type\":\"SearchAction\",\"target\":{\"@type\":\"EntryPoint\",\"urlTemplate\":\"https:\\\/\\\/www.smartbox.com\\\/fr\\\/blog\\\/?s={search_term_string}\"},\"query-input\":{\"@type\":\"PropertyValueSpecification\",\"valueRequired\":true,\"valueName\":\"search_term_string\"}}],\"inLanguage\":\"fr-FR\"},{\"@type\":\"Organization\",\"@id\":\"https:\\\/\\\/www.smartbox.com\\\/fr\\\/blog\\\/#organization\",\"name\":\"Smartbox\",\"url\":\"https:\\\/\\\/www.smartbox.com\\\/fr\\\/blog\\\/\",\"logo\":{\"@type\":\"ImageObject\",\"inLanguage\":\"fr-FR\",\"@id\":\"https:\\\/\\\/www.smartbox.com\\\/fr\\\/blog\\\/#\\\/schema\\\/logo\\\/image\\\/\",\"url\":\"https:\\\/\\\/digital.sbxtest.net\\\/fr\\\/blog\\\/wp-content\\\/uploads\\\/2022\\\/04\\\/LOGO-CH-FR-BLOG.svg\",\"contentUrl\":\"https:\\\/\\\/digital.sbxtest.net\\\/fr\\\/blog\\\/wp-content\\\/uploads\\\/2022\\\/04\\\/LOGO-CH-FR-BLOG.svg\",\"width\":1,\"height\":1,\"caption\":\"Smartbox\"},\"image\":{\"@id\":\"https:\\\/\\\/www.smartbox.com\\\/fr\\\/blog\\\/#\\\/schema\\\/logo\\\/image\\\/\"}},{\"@type\":\"Person\",\"@id\":\"https:\\\/\\\/www.smartbox.com\\\/fr\\\/blog\\\/#\\\/schema\\\/person\\\/0def93adb00e53abc58b626f646950ac\",\"name\":\"Pauline\",\"image\":{\"@type\":\"ImageObject\",\"inLanguage\":\"fr-FR\",\"@id\":\"https:\\\/\\\/secure.gravatar.com\\\/avatar\\\/de247de632eb1e17a9350d47148b33d6ef1bc46bdb2bbb993587895eaa66d4b5?s=96&d=mm&r=g\",\"url\":\"https:\\\/\\\/secure.gravatar.com\\\/avatar\\\/de247de632eb1e17a9350d47148b33d6ef1bc46bdb2bbb993587895eaa66d4b5?s=96&d=mm&r=g\",\"contentUrl\":\"https:\\\/\\\/secure.gravatar.com\\\/avatar\\\/de247de632eb1e17a9350d47148b33d6ef1bc46bdb2bbb993587895eaa66d4b5?s=96&d=mm&r=g\",\"caption\":\"Pauline\"}}]}<\/script>\n<!-- \/ Yoast SEO Premium plugin. -->","yoast_head_json":{"title":"Les meilleures randonn\u00e9es en montagne \u00e0 faire en \u00e9t\u00e9 | Smartbox Blog","description":"Vous r\u00eavez de partir sur les chemins pour respirer un air pur : d\u00e9couvrez notre s\u00e9lection des meilleures randonn\u00e9es en montagne \u00e0 faire en \u00e9t\u00e9 !","robots":{"index":"index","follow":"follow","max-snippet":"max-snippet:-1","max-image-preview":"max-image-preview:large","max-video-preview":"max-video-preview:-1"},"canonical":"https:\/\/www.smartbox.com\/fr\/blog\/meilleures-randonnees-en-montagne-en-ete\/","og_locale":"fr_FR","og_type":"article","og_title":"Les meilleures randonn\u00e9es en montagne \u00e0 faire en \u00e9t\u00e9 | Smartbox Blog","og_description":"Vous r\u00eavez de partir sur les chemins pour respirer un air pur : d\u00e9couvrez notre s\u00e9lection des meilleures randonn\u00e9es en montagne \u00e0 faire en \u00e9t\u00e9 !","og_url":"https:\/\/www.smartbox.com\/fr\/blog\/meilleures-randonnees-en-montagne-en-ete\/","og_site_name":"France","article_published_time":"2022-04-25T16:07:16+00:00","article_modified_time":"2025-04-01T09:11:15+00:00","og_image":[{"width":1200,"height":900,"url":"https:\/\/www.smartbox.com\/fr\/blog\/wp-content\/uploads\/2022\/04\/randonneurs-dans-le-massif-du-mont-blanc-par-beau-temps.jpg","type":"image\/jpeg"}],"author":"Pauline","twitter_card":"summary_large_image","twitter_misc":{"\u00c9crit par":"Pauline","Dur\u00e9e de lecture estim\u00e9e":"9 minutes"},"schema":{"@context":"https:\/\/schema.org","@graph":[{"@type":"Article","@id":"https:\/\/www.smartbox.com\/fr\/blog\/meilleures-randonnees-en-montagne-en-ete\/#article","isPartOf":{"@id":"https:\/\/www.smartbox.com\/fr\/blog\/meilleures-randonnees-en-montagne-en-ete\/"},"author":{"name":"Pauline","@id":"https:\/\/www.smartbox.com\/fr\/blog\/#\/schema\/person\/0def93adb00e53abc58b626f646950ac"},"headline":"Les meilleures randonn\u00e9es en montagne \u00e0 faire en \u00e9t\u00e9","datePublished":"2022-04-25T16:07:16+00:00","dateModified":"2025-04-01T09:11:15+00:00","mainEntityOfPage":{"@id":"https:\/\/www.smartbox.com\/fr\/blog\/meilleures-randonnees-en-montagne-en-ete\/"},"wordCount":1502,"commentCount":0,"publisher":{"@id":"https:\/\/www.smartbox.com\/fr\/blog\/#organization"},"image":{"@id":"https:\/\/www.smartbox.com\/fr\/blog\/meilleures-randonnees-en-montagne-en-ete\/#primaryimage"},"thumbnailUrl":"https:\/\/www.smartbox.com\/fr\/blog\/wp-content\/uploads\/2022\/04\/randonneurs-dans-le-massif-du-mont-blanc-par-beau-temps.jpg","articleSection":["Aventure"],"inLanguage":"fr-FR","potentialAction":[{"@type":"CommentAction","name":"Comment","target":["https:\/\/www.smartbox.com\/fr\/blog\/meilleures-randonnees-en-montagne-en-ete\/#respond"]}]},{"@type":"WebPage","@id":"https:\/\/www.smartbox.com\/fr\/blog\/meilleures-randonnees-en-montagne-en-ete\/","url":"https:\/\/www.smartbox.com\/fr\/blog\/meilleures-randonnees-en-montagne-en-ete\/","name":"Les meilleures randonn\u00e9es en montagne \u00e0 faire en \u00e9t\u00e9 | Smartbox Blog","isPartOf":{"@id":"https:\/\/www.smartbox.com\/fr\/blog\/#website"},"primaryImageOfPage":{"@id":"https:\/\/www.smartbox.com\/fr\/blog\/meilleures-randonnees-en-montagne-en-ete\/#primaryimage"},"image":{"@id":"https:\/\/www.smartbox.com\/fr\/blog\/meilleures-randonnees-en-montagne-en-ete\/#primaryimage"},"thumbnailUrl":"https:\/\/www.smartbox.com\/fr\/blog\/wp-content\/uploads\/2022\/04\/randonneurs-dans-le-massif-du-mont-blanc-par-beau-temps.jpg","datePublished":"2022-04-25T16:07:16+00:00","dateModified":"2025-04-01T09:11:15+00:00","description":"Vous r\u00eavez de partir sur les chemins pour respirer un air pur : d\u00e9couvrez notre s\u00e9lection des meilleures randonn\u00e9es en montagne \u00e0 faire en \u00e9t\u00e9 !","inLanguage":"fr-FR","potentialAction":[{"@type":"ReadAction","target":["https:\/\/www.smartbox.com\/fr\/blog\/meilleures-randonnees-en-montagne-en-ete\/"]}]},{"@type":"ImageObject","inLanguage":"fr-FR","@id":"https:\/\/www.smartbox.com\/fr\/blog\/meilleures-randonnees-en-montagne-en-ete\/#primaryimage","url":"https:\/\/www.smartbox.com\/fr\/blog\/wp-content\/uploads\/2022\/04\/randonneurs-dans-le-massif-du-mont-blanc-par-beau-temps.jpg","contentUrl":"https:\/\/www.smartbox.com\/fr\/blog\/wp-content\/uploads\/2022\/04\/randonneurs-dans-le-massif-du-mont-blanc-par-beau-temps.jpg","width":1200,"height":900,"caption":"Idyllic landscape with Mont Blanc mountain range in sunny day. Hikers on trip in the Nature Reserve Aiguilles Rouges, French Alps, France, Europe."},{"@type":"WebSite","@id":"https:\/\/www.smartbox.com\/fr\/blog\/#website","url":"https:\/\/www.smartbox.com\/fr\/blog\/","name":"France","description":"","publisher":{"@id":"https:\/\/www.smartbox.com\/fr\/blog\/#organization"},"potentialAction":[{"@type":"SearchAction","target":{"@type":"EntryPoint","urlTemplate":"https:\/\/www.smartbox.com\/fr\/blog\/?s={search_term_string}"},"query-input":{"@type":"PropertyValueSpecification","valueRequired":true,"valueName":"search_term_string"}}],"inLanguage":"fr-FR"},{"@type":"Organization","@id":"https:\/\/www.smartbox.com\/fr\/blog\/#organization","name":"Smartbox","url":"https:\/\/www.smartbox.com\/fr\/blog\/","logo":{"@type":"ImageObject","inLanguage":"fr-FR","@id":"https:\/\/www.smartbox.com\/fr\/blog\/#\/schema\/logo\/image\/","url":"https:\/\/digital.sbxtest.net\/fr\/blog\/wp-content\/uploads\/2022\/04\/LOGO-CH-FR-BLOG.svg","contentUrl":"https:\/\/digital.sbxtest.net\/fr\/blog\/wp-content\/uploads\/2022\/04\/LOGO-CH-FR-BLOG.svg","width":1,"height":1,"caption":"Smartbox"},"image":{"@id":"https:\/\/www.smartbox.com\/fr\/blog\/#\/schema\/logo\/image\/"}},{"@type":"Person","@id":"https:\/\/www.smartbox.com\/fr\/blog\/#\/schema\/person\/0def93adb00e53abc58b626f646950ac","name":"Pauline","image":{"@type":"ImageObject","inLanguage":"fr-FR","@id":"https:\/\/secure.gravatar.com\/avatar\/de247de632eb1e17a9350d47148b33d6ef1bc46bdb2bbb993587895eaa66d4b5?s=96&d=mm&r=g","url":"https:\/\/secure.gravatar.com\/avatar\/de247de632eb1e17a9350d47148b33d6ef1bc46bdb2bbb993587895eaa66d4b5?s=96&d=mm&r=g","contentUrl":"https:\/\/secure.gravatar.com\/avatar\/de247de632eb1e17a9350d47148b33d6ef1bc46bdb2bbb993587895eaa66d4b5?s=96&d=mm&r=g","caption":"Pauline"}}]}},"amp_enabled":true,"_links":{"self":[{"href":"https:\/\/www.smartbox.com\/fr\/blog\/wp-json\/wp\/v2\/posts\/54349","targetHints":{"allow":["GET"]}}],"collection":[{"href":"https:\/\/www.smartbox.com\/fr\/blog\/wp-json\/wp\/v2\/posts"}],"about":[{"href":"https:\/\/www.smartbox.com\/fr\/blog\/wp-json\/wp\/v2\/types\/post"}],"author":[{"embeddable":true,"href":"https:\/\/www.smartbox.com\/fr\/blog\/wp-json\/wp\/v2\/users\/21"}],"replies":[{"embeddable":true,"href":"https:\/\/www.smartbox.com\/fr\/blog\/wp-json\/wp\/v2\/comments?post=54349"}],"version-history":[{"count":2,"href":"https:\/\/www.smartbox.com\/fr\/blog\/wp-json\/wp\/v2\/posts\/54349\/revisions"}],"predecessor-version":[{"id":58688,"href":"https:\/\/www.smartbox.com\/fr\/blog\/wp-json\/wp\/v2\/posts\/54349\/revisions\/58688"}],"wp:featuredmedia":[{"embeddable":true,"href":"https:\/\/www.smartbox.com\/fr\/blog\/wp-json\/wp\/v2\/media\/54592"}],"wp:attachment":[{"href":"https:\/\/www.smartbox.com\/fr\/blog\/wp-json\/wp\/v2\/media?parent=54349"}],"wp:term":[{"taxonomy":"category","embeddable":true,"href":"https:\/\/www.smartbox.com\/fr\/blog\/wp-json\/wp\/v2\/categories?post=54349"},{"taxonomy":"post_tag","embeddable":true,"href":"https:\/\/www.smartbox.com\/fr\/blog\/wp-json\/wp\/v2\/tags?post=54349"}],"curies":[{"name":"wp","href":"https:\/\/api.w.org\/{rel}","templated":true}]}}