{"id":54101,"date":"2022-04-01T13:39:50","date_gmt":"2022-04-01T12:39:50","guid":{"rendered":"https:\/\/www.smartbox.com\/fr\/blog\/?p=54101"},"modified":"2022-07-20T13:35:25","modified_gmt":"2022-07-20T12:35:25","slug":"ou-partir-en-vacances-en-juin","status":"publish","type":"post","link":"https:\/\/www.smartbox.com\/fr\/blog\/ou-partir-en-vacances-en-juin\/","title":{"rendered":"O\u00f9 partir en vacances en juin ?"},"content":{"rendered":"\n<p>Vous cherchez <strong>o\u00f9 partir en vacances en juin\u00a0?<\/strong> Le mois de juin \u00e9voque le d\u00e9but de l\u2019\u00e9t\u00e9 et appelle \u00e0 l\u2019\u00e9vasion. Les grandes vacances pointent le bout de leur nez et la chaleur estivale commence \u00e0 se faire sentir.<\/p>\n\n\n\n<p>Smartbox vous propose de faire escale dans une ville baln\u00e9aire\u00a0! Sur notre site, vous retrouverez de nombreux <a href=\"https:\/\/www.smartbox.com\/fr\/nos-smartbox\/sejour\/\">coffrets cadeaux pour des s\u00e9jours<\/a> au soleil entre amis ou en famille.<\/p>\n\n\n\n<p>En France, en Espagne ou encore en Italie, partez d\u00e9couvrir les plus belles <a href=\"https:\/\/www.smartbox.com\/fr\/blog\/meilleures-villes-deurope-ou-partir-en-octobre\/\">villes europ\u00e9ennes<\/a>. Voici une s\u00e9lection des <strong>destinations id\u00e9ales o\u00f9 partir en juin<\/strong>.<\/p>\n\n\n\n<p><strong><a class=\"rel-pdt-btn\" href=\"https:\/\/www.smartbox.com\/fr\/nos-smartbox\/sejour\/\" rel=\"noopener noreferrer\">L&rsquo;heure des vacances a sonn\u00e9 !<\/a><\/strong><\/p>\n\n\n\n<h2 class=\"wp-block-heading\" id=\"h-partir-aux-quatre-coins-de-la-france\" style=\"font-size:22px\">Partir aux quatre coins de la France<\/h2>\n\n\n\n<p>Partez \u00e0 la conqu\u00eate de nos nombreux tr\u00e9sors r\u00e9gionaux&nbsp;! Dans une maison d\u2019h\u00f4tes, un h\u00f4tel \u00e9toil\u00e9 ou un h\u00e9bergement insolite, vous passerez de bons moments en compagnie d\u2019\u00eatres chers. Offrez \u00e0 vos proches l\u2019opportunit\u00e9 de d\u00e9couvrir les plus jolis endroits de notre terroir culturel et gastronomique.<\/p>\n\n\n\n<p>Voici nos cadeaux coups de c\u0153ur pour des vacances en juin en France :<\/p>\n\n\n    <div class=\"products\">\n                    <h3 class=\"products__title\">\n                Plut\u00f4t mer ou oc\u00e9an ?            <\/h3>\n                            \n                            <div class=\"products__wrap\">\n                                            <article class=\"product\">\n                                                          <figure class=\"product__image-wrap\">\n                                <img decoding=\"async\" class=\"product__image\" src=\"https:\/\/www.smartbox.com\/fr\/blog\/wp-content\/uploads\/2022\/03\/shutterstock_185472239-scaled.jpg\" alt=\"\" loading=\"lazy\">\n                                                              <\/figure>\n                                                                                      <div class=\"product__rating\">\n                                  <div class=\"product__rating-stars\">\n                                                                        <\/div>\n\n                                  \n                              <\/div>\n                            \n                                                            <h4 class=\"product__title\">\n                                    Trois jours \u00e9toil\u00e9s \u00e0 la mer pour les amoureux de la M\u00e9diterran\u00e9e                                <\/h4>\n                            \n                                                            <div class=\"product__description\">\n                                    <p style=\"text-align: left;\">Deux nuits avec petits-d\u00e9jeuners pour 2 personnes<\/p>\n                                <\/div>\n                                                        \n                                                            <div class=\"product__meta\">\n                                    <p class=\"product__price\">\n                                        299,90                                    <\/p>\n                                    <p class=\"product__old-price\">\n                                                                            <\/p>\n                                <\/div>\n                                                                    <a href=\"https:\/\/www.smartbox.com\/fr\/nos-smartbox\/sejour\/3-jours-etoiles-a-la-mer-pour-les-amoureux-de-la-mediterranee-1437771.html\" class=\"button product__cta\">\n                                        D\u00e9couvrir plus                                        <svg class=\"svg-icon svg-arrow--arrow-right-new\"><use xlink:href=\"https:\/\/www.smartbox.com\/fr\/blog\/wp-content\/themes\/smartbox-blog\/_\/inc\/images\/symbol\/svg\/sprite.symbol.svg#arrow--arrow-right-new\"><\/use><\/svg>                                    <\/a>\n                                                                                    <\/article>\n                                            <article class=\"product\">\n                                                          <figure class=\"product__image-wrap\">\n                                <img decoding=\"async\" class=\"product__image\" src=\"https:\/\/www.smartbox.com\/fr\/blog\/wp-content\/uploads\/2022\/03\/shutterstock_779347318-scaled.jpg\" alt=\"\" loading=\"lazy\">\n                                                              <\/figure>\n                                                                                      <div class=\"product__rating\">\n                                  <div class=\"product__rating-stars\">\n                                                                        <\/div>\n\n                                  \n                              <\/div>\n                            \n                                                            <h4 class=\"product__title\">\n                                    S\u00e9jour au bord de l&rsquo;oc\u00e9an pour les amoureux de l&rsquo;Atlantique                                <\/h4>\n                            \n                                                            <div class=\"product__description\">\n                                    <p>Une nuit avec petit-d\u00e9jeuner pour 2 personnes<\/p>\n                                <\/div>\n                                                        \n                                                            <div class=\"product__meta\">\n                                    <p class=\"product__price\">\n                                        99,90 \u20ac                                    <\/p>\n                                    <p class=\"product__old-price\">\n                                                                            <\/p>\n                                <\/div>\n                                                                    <a href=\"https:\/\/www.smartbox.com\/fr\/nos-smartbox\/sejour\/sejour-au-bord-de-l-ocean-pour-les-amoureux-de-l-atlantique-1438687.html\" class=\"button product__cta\">\n                                        D\u00e9couvrir plus                                        <svg class=\"svg-icon svg-arrow--arrow-right-new\"><use xlink:href=\"https:\/\/www.smartbox.com\/fr\/blog\/wp-content\/themes\/smartbox-blog\/_\/inc\/images\/symbol\/svg\/sprite.symbol.svg#arrow--arrow-right-new\"><\/use><\/svg>                                    <\/a>\n                                                                                    <\/article>\n                                            <article class=\"product\">\n                                                          <figure class=\"product__image-wrap\">\n                                <img decoding=\"async\" class=\"product__image\" src=\"https:\/\/www.smartbox.com\/fr\/blog\/wp-content\/uploads\/2022\/04\/Sejour-detente-Cote-azur.jpg\" alt=\"\" loading=\"lazy\">\n                                                              <\/figure>\n                                                                                      <div class=\"product__rating\">\n                                  <div class=\"product__rating-stars\">\n                                                                        <\/div>\n\n                                  \n                              <\/div>\n                            \n                                                            <h4 class=\"product__title\">\n                                    S\u00e9jour d\u00e9tente sur la C\u00f4te d&rsquo;Azur                                <\/h4>\n                            \n                                                            <div class=\"product__description\">\n                                    <ul class=\"checked-list\">\n<li>1 nuit avec petit-d\u00e9jeuner et acc\u00e8s \u00e0 l&rsquo;espace d\u00e9tente pour 2 personnes<\/li>\n<li>25 s\u00e9jours sur la C\u00f4te d\u2019Azur en maison d\u2019h\u00f4tes, ch\u00e2teau ou h\u00f4tel 3* \u00e0 4*<\/li>\n<\/ul>\n                                <\/div>\n                                                        \n                                                            <div class=\"product__meta\">\n                                    <p class=\"product__price\">\n                                        129,90 \u20ac                                    <\/p>\n                                    <p class=\"product__old-price\">\n                                                                            <\/p>\n                                <\/div>\n                                                                    <a href=\"https:\/\/www.smartbox.com\/fr\/nos-smartbox\/sejour\/sejour-detente-sur-la-cote-d-azur-545880.html\" class=\"button product__cta\">\n                                        D\u00e9couvrir plus                                        <svg class=\"svg-icon svg-arrow--arrow-right-new\"><use xlink:href=\"https:\/\/www.smartbox.com\/fr\/blog\/wp-content\/themes\/smartbox-blog\/_\/inc\/images\/symbol\/svg\/sprite.symbol.svg#arrow--arrow-right-new\"><\/use><\/svg>                                    <\/a>\n                                                                                    <\/article>\n                    \n                <\/div>\n            \n            \n            <\/div>\n\n\n\n<p>Le coffret <em><strong><strong><em><a href=\"https:\/\/www.smartbox.com\/fr\/nos-smartbox\/sejour\/3-jours-etoiles-a-la-mer-pour-les-amoureux-de-la-mediterranee-1437771.html\">Trois jours \u00e9toil\u00e9s \u00e0 la mer pour les amoureux de la M\u00e9diterran\u00e9e<\/a><\/em><\/strong><\/strong><\/em> propose \u00e0 2 personnes de profiter de deux nuits avec petits-d\u00e9jeuners parmi une quarantaine d\u2019h\u00f4tels \u00e9toil\u00e9s. Mettez le cap sur une destination ensoleill\u00e9e et laissez-vous s\u00e9duire par les effluves fleuris de la C\u00f4te-d\u2019Azur ou les eaux turquoise de la Corse. Au programme&nbsp;: paysages sublimes et moments de pur farniente, les pieds dans le sable.<\/p>\n\n\n\n<p>D\u00e9posez vos valises aux Neh\u00f4 Suites Cannes Croisette et immergez-vous dans la cit\u00e9 du luxe, ou bien choisissez l&rsquo;H\u00f4tel Le Saint-Erasme \u00e0 Calvi avec sa belle piscine suspendue entre terre et mer.<\/p>\n\n\n\n<p>Si vous pr\u00e9f\u00e9rez des flots plus agit\u00e9s, direction la c\u00f4te ouest&nbsp;! Le coffret <em><strong><strong><em><a href=\"https:\/\/www.smartbox.com\/fr\/nos-smartbox\/sejour\/sejour-au-bord-de-l-ocean-pour-les-amoureux-de-l-atlantique-1438687.html\">S\u00e9jour au bord de l&rsquo;oc\u00e9an pour les amoureux de l&rsquo;Atlantique<\/a><\/em><\/strong><\/strong><\/em> plaira aux amateurs de sports nautiques. Vous pourrez ainsi profiter en duo d\u2019une nuit avec petit-d\u00e9jeuner parmi plus de 80 domaines de charme. Faites une pause dans le cadre vivifiant des bords de l\u2019oc\u00e9an. La nature sauvage se r\u00e9v\u00e8lera \u00e0 vous dans cette magnifique r\u00e9gion, des falaises escarp\u00e9es de la Bretagne aux criques cristallines de Biarritz.<\/p>\n\n\n\n<p><a href=\"https:\/\/www.smartbox.com\/fr\/nos-smartbox\/sejour\/mille-une-nuits-en-bretagne-1135464.html\">L&rsquo;h\u00f4tel Quality La Mar\u00e9baudi\u00e8re Spa<\/a> vous accueillera \u00e0 Vannes, dans une grande maison bretonne, parfaite pour visiter les remparts historiques de la cit\u00e9. Au pied de la plage du port de Biarritz, <a href=\"https:\/\/www.smartbox.com\/fr\/nos-smartbox\/sejour\/sejour-de-reve-dans-le-sud-ouest-1236606.html\">Le Gamaritz<\/a> sera \u00e9galement un pied-\u00e0-terre id\u00e9al. En route pour des vacances de juin au parfum d\u2019iode&nbsp;!<\/p>\n\n\n\n<div class=\"wp-block-buttons is-content-justification-center is-layout-flex wp-container-core-buttons-is-layout-16018d1d wp-block-buttons-is-layout-flex\">\n<div class=\"wp-block-button is-style-outline is-style-outline--1\"><a class=\"wp-block-button__link has-luminous-vivid-orange-color has-text-color\" href=\"https:\/\/www.smartbox.com\/fr\/sejours-en-france\/\">Coffrets cadeaux : S\u00e9jours en France<\/a><\/div>\n<\/div>\n\n\n\n<div style=\"height:35px\" aria-hidden=\"true\" class=\"wp-block-spacer\"><\/div>\n\n\n\n<h2 class=\"wp-block-heading\" id=\"h-des-vacances-de-juin-a-l-etranger\" style=\"font-size:22px\">Des vacances de juin \u00e0 l\u2019\u00e9tranger<\/h2>\n\n\n\n<p>Cap sur les stations baln\u00e9aires situ\u00e9es \u00e0 l\u2019\u00e9tranger \u00e0 pr\u00e9sent ! Smartbox vous propose de remplir vos valises de d\u00e9bardeurs, tongs, maillots de bain et cr\u00e8me solaire. Notre site regorge de coffrets en direction de l\u2019Espagne, le Portugal ou de l\u2019Italie, trois destinations id\u00e9ales pour des vacances en juin.<\/p>\n\n\n\n<div style=\"height:20px\" aria-hidden=\"true\" class=\"wp-block-spacer\"><\/div>\n\n\n\n<div class=\"wp-block-buttons is-content-justification-center is-layout-flex wp-container-core-buttons-is-layout-16018d1d wp-block-buttons-is-layout-flex\">\n<div class=\"wp-block-button is-style-outline is-style-outline--2\"><a class=\"wp-block-button__link has-luminous-vivid-orange-color has-text-color\" href=\"https:\/\/www.smartbox.com\/fr\/sejour-en-europe\/\">Coffrets cadeaux : s\u00e9jours en Europe<\/a><\/div>\n<\/div>\n\n\n\n<div style=\"height:35px\" aria-hidden=\"true\" class=\"wp-block-spacer\"><\/div>\n\n\n\n<p>Voici nos cadeaux coups de c\u0153ur pour une vir\u00e9e \u00e0 l\u2019\u00e9tranger au mois de juin&nbsp;:<\/p>\n\n\n    <div class=\"products\">\n                    <h3 class=\"products__title\">\n                Espagne, Italie ou Portugal ?            <\/h3>\n                            \n                            <div class=\"products__wrap\">\n                                            <article class=\"product\">\n                                                          <figure class=\"product__image-wrap\">\n                                <img decoding=\"async\" class=\"product__image\" src=\"https:\/\/www.smartbox.com\/fr\/blog\/wp-content\/uploads\/2022\/03\/ville-espagnole.jpeg\" alt=\"\" loading=\"lazy\">\n                                                              <\/figure>\n                                                                                      <div class=\"product__rating\">\n                                  <div class=\"product__rating-stars\">\n                                                                        <\/div>\n\n                                  \n                              <\/div>\n                            \n                                                            <h4 class=\"product__title\">\n                                    Trois jours \u00e9toil\u00e9s en Espagne                                <\/h4>\n                            \n                                                            <div class=\"product__description\">\n                                    <p>Deux nuits avec petits-d\u00e9jeuners pour 2 personnes<\/p>\n                                <\/div>\n                                                        \n                                                            <div class=\"product__meta\">\n                                    <p class=\"product__price\">\n                                        299,90                                    <\/p>\n                                    <p class=\"product__old-price\">\n                                                                            <\/p>\n                                <\/div>\n                                                                    <a href=\"https:\/\/www.smartbox.com\/fr\/nos-smartbox\/sejour\/3-jours-etoiles-en-espagne-737171.html\" class=\"button product__cta\">\n                                        D\u00e9couvrir plus                                        <svg class=\"svg-icon svg-arrow--arrow-right-new\"><use xlink:href=\"https:\/\/www.smartbox.com\/fr\/blog\/wp-content\/themes\/smartbox-blog\/_\/inc\/images\/symbol\/svg\/sprite.symbol.svg#arrow--arrow-right-new\"><\/use><\/svg>                                    <\/a>\n                                                                                    <\/article>\n                                            <article class=\"product\">\n                                                          <figure class=\"product__image-wrap\">\n                                <img decoding=\"async\" class=\"product__image\" src=\"https:\/\/www.smartbox.com\/fr\/blog\/wp-content\/uploads\/2022\/03\/Ville-italienne.jpeg\" alt=\"\" loading=\"lazy\">\n                                                              <\/figure>\n                                                                                      <div class=\"product__rating\">\n                                  <div class=\"product__rating-stars\">\n                                                                        <\/div>\n\n                                  \n                              <\/div>\n                            \n                                                            <h4 class=\"product__title\">\n                                    Trois jours \u00e9toil\u00e9s en Italie                                <\/h4>\n                            \n                                                            <div class=\"product__description\">\n                                    <p>Deux nuits avec petits-d\u00e9jeuners pour 2 personnes<\/p>\n                                <\/div>\n                                                        \n                                                            <div class=\"product__meta\">\n                                    <p class=\"product__price\">\n                                        299,90                                    <\/p>\n                                    <p class=\"product__old-price\">\n                                                                            <\/p>\n                                <\/div>\n                                                                    <a href=\"https:\/\/www.smartbox.com\/fr\/nos-smartbox\/sejour\/3-jours-etoiles-en-italie-737172.html\" class=\"button product__cta\">\n                                        D\u00e9couvrir plus                                        <svg class=\"svg-icon svg-arrow--arrow-right-new\"><use xlink:href=\"https:\/\/www.smartbox.com\/fr\/blog\/wp-content\/themes\/smartbox-blog\/_\/inc\/images\/symbol\/svg\/sprite.symbol.svg#arrow--arrow-right-new\"><\/use><\/svg>                                    <\/a>\n                                                                                    <\/article>\n                                            <article class=\"product\">\n                                                          <figure class=\"product__image-wrap\">\n                                <img decoding=\"async\" class=\"product__image\" src=\"https:\/\/www.smartbox.com\/fr\/blog\/wp-content\/uploads\/2022\/04\/sejour-portugal.jpg\" alt=\"\" loading=\"lazy\">\n                                                              <\/figure>\n                                                                                      <div class=\"product__rating\">\n                                  <div class=\"product__rating-stars\">\n                                                                        <\/div>\n\n                                  \n                              <\/div>\n                            \n                                                            <h4 class=\"product__title\">\n                                    3 jours au Portugal                                <\/h4>\n                            \n                                                            <div class=\"product__description\">\n                                    <ul class=\"checked-list\">\n<li>2 nuits avec petits-d\u00e9jeuners pour 2 personnes<\/li>\n<li>38 s\u00e9jours en h\u00f4tels 3* ou 4* au Portugal<\/li>\n<\/ul>\n                                <\/div>\n                                                        \n                                                            <div class=\"product__meta\">\n                                    <p class=\"product__price\">\n                                        199,90 \u20ac                                    <\/p>\n                                    <p class=\"product__old-price\">\n                                                                            <\/p>\n                                <\/div>\n                                                                    <a href=\"https:\/\/www.smartbox.com\/fr\/nos-smartbox\/sejour\/3-jours-au-portugal-608944.html\" class=\"button product__cta\">\n                                        D\u00e9couvrir plus                                        <svg class=\"svg-icon svg-arrow--arrow-right-new\"><use xlink:href=\"https:\/\/www.smartbox.com\/fr\/blog\/wp-content\/themes\/smartbox-blog\/_\/inc\/images\/symbol\/svg\/sprite.symbol.svg#arrow--arrow-right-new\"><\/use><\/svg>                                    <\/a>\n                                                                                    <\/article>\n                    \n                <\/div>\n            \n            \n            <\/div>\n\n\n\n<p>Le coffret <strong><a href=\"https:\/\/www.smartbox.com\/fr\/nos-smartbox\/sejour\/3-jours-etoiles-en-espagne-737171.html\"><em>Trois jours \u00e9toil\u00e9s en Espagne<\/em> <\/a><\/strong>vous permettra de profiter de deux nuits avec petits-d\u00e9jeuners parmi une s\u00e9lection de plus de 300 \u00e9tablissements prestigieux. Soleil, luxe et gastronomie seront les ma\u00eetres mots d\u2019un s\u00e9jour d\u00e9paysant.<\/p>\n\n\n\n<p>L\u2019Hotel Cigarral El Bosque 5* est id\u00e9alement situ\u00e9 au c\u0153ur de la vieille ville de Tol\u00e8de, et vous charmera avec son imposante b\u00e2tisse \u00e0 la beaut\u00e9 in\u00e9gal\u00e9e, ses vastes jardins et ses beaux panoramas. L\u2019AR Golf Almerimar est un autre h\u00f4tel 5* nich\u00e9 dans la province d\u2019Almeria qui saura \u00e9galement vous s\u00e9duire. Un beau petit coin de paradis, parfait pour se ressourcer en toute s\u00e9r\u00e9nit\u00e9 !<\/p>\n\n\n\n<p>Pour vous laisser aller \u00e0 la dolce vita, c\u2019est le coffret <em><strong><a href=\"https:\/\/www.smartbox.com\/fr\/nos-smartbox\/sejour\/3-jours-etoiles-en-italie-737172.html\">Trois jours \u00e9toil\u00e9s en Italie<\/a><\/strong> <\/em>et ses 240 destinations qu\u2019il vous faut&nbsp;! La Botte et ses lieux enchanteurs d\u00e9voileront toutes leurs richesses lors de vos prochaines <a href=\"https:\/\/www.smartbox.com\/fr\/blog\/ou-partir-aux-vacances-de-paques\/\">vacances<\/a> de juin.<\/p>\n\n\n\n<p>S\u00e9journez \u00e0 l\u2019Hotel Duchessa Isabella, un \u00e9tablissement 5* situ\u00e9 dans le centre historique de Ferrare. Ici, vous serez accueillis dans le d\u00e9cor enchanteur et l\u2019atmosph\u00e8re feutr\u00e9e d\u2019une demeure du XVIe si\u00e8cle. Ou bien choisissez le Grand Hotel Vittoria, un autre h\u00e9bergement 5* se dressant sur la place principale de Pesaro.<\/p>\n\n\n\n<p>Qu&rsquo;attendez-vous pour faire vos valises ?<\/p>\n\n\n<div class=\"single-article\">\n  <div class=\"single-article__image\">\n    <img loading=\"lazy\" decoding=\"async\" width=\"220\" height=\"200\" src=\"https:\/\/www.smartbox.com\/fr\/blog\/wp-content\/uploads\/2021\/08\/ou-dormir-dans-une-bulle-en-france-220x200.jpg\" class=\"attachment-am2_thumbnail size-am2_thumbnail wp-post-image\" alt=\"\" \/>  <\/div>\n  <div class=\"single-article__content\"> \n    <span class=\"single-article__top-title\">Vous r\u00eavez de passer une nuit dans une bulle \u00e0 la belle \u00e9toile ? Oubliez les moustiques et le froid, et passez un s\u00e9jour pas comme les autres dans une chambre bulle. Voici tout ce que vous voulez savoir sur ce logement insolite !<\/span>\n    <a href=\"https:\/\/www.smartbox.com\/fr\/blog\/ou-dormir-dans-une-bulle-en-france\/\" class=\"single-article__title-link\">\n    <h5 class=\"single-article__title\">Dormir dans une bulle en France : une chambre bulle pour r\u00eaver sous les \u00e9toiles<\/h5>\n    <\/a>\n    <a href=\"https:\/\/www.smartbox.com\/fr\/blog\/ou-dormir-dans-une-bulle-en-france\/\" class=\"single-article__link\">Lire plus <svg class=\"svg-icon svg-arrow--arrow-right-new\"><use xlink:href=\"https:\/\/www.smartbox.com\/fr\/blog\/wp-content\/themes\/smartbox-blog\/_\/inc\/images\/symbol\/svg\/sprite.symbol.svg#arrow--arrow-right-new\"><\/use><\/svg><\/a>\n  <\/div>\n<\/div>\n","protected":false},"excerpt":{"rendered":"<p>Vous cherchez o\u00f9 partir en vacances en juin\u00a0? Le mois de juin \u00e9voque le d\u00e9but de l\u2019\u00e9t\u00e9 et appelle \u00e0 l\u2019\u00e9vasion. Les grandes vacances pointent le bout de leur nez et la chaleur estivale commence \u00e0 se faire sentir. Smartbox vous propose de faire escale dans une ville baln\u00e9aire\u00a0! Sur notre site, vous retrouverez de [&hellip;]<\/p>\n","protected":false},"author":41,"featured_media":54215,"comment_status":"open","ping_status":"open","sticky":false,"template":"","format":"standard","meta":{"_acf_changed":false,"footnotes":""},"categories":[48],"tags":[527,539],"class_list":["post-54101","post","type-post","status-publish","format-standard","has-post-thumbnail","hentry","category-voyages","tag-idees-de-voyage","tag-ete"],"acf":[],"yoast_head":"<!-- This site is optimized with the Yoast SEO Premium plugin v21.7 (Yoast SEO v27.4) - https:\/\/yoast.com\/product\/yoast-seo-premium-wordpress\/ -->\n<title>O\u00f9 partir en vacances en juin ? \u01c0 Smartbox Blog<\/title>\n<meta name=\"description\" content=\"Vous cherchez o\u00f9 partir en vacances en juin\u00a0? En France ou en Europe, d\u00e9couvrez les plus beaux endroits \u00e0 d\u00e9couvrir \u00e0 cette p\u00e9riode !\" \/>\n<meta name=\"robots\" content=\"index, follow, max-snippet:-1, max-image-preview:large, max-video-preview:-1\" \/>\n<link rel=\"canonical\" href=\"https:\/\/www.smartbox.com\/fr\/blog\/ou-partir-en-vacances-en-juin\/\" \/>\n<meta property=\"og:locale\" content=\"fr_FR\" \/>\n<meta property=\"og:type\" content=\"article\" \/>\n<meta property=\"og:title\" content=\"O\u00f9 partir en vacances en juin ? \u01c0 Smartbox Blog\" \/>\n<meta property=\"og:description\" content=\"Vous cherchez o\u00f9 partir en vacances en juin\u00a0? En France ou en Europe, d\u00e9couvrez les plus beaux endroits \u00e0 d\u00e9couvrir \u00e0 cette p\u00e9riode !\" \/>\n<meta property=\"og:url\" content=\"https:\/\/www.smartbox.com\/fr\/blog\/ou-partir-en-vacances-en-juin\/\" \/>\n<meta property=\"og:site_name\" content=\"France\" \/>\n<meta property=\"article:published_time\" content=\"2022-04-01T12:39:50+00:00\" \/>\n<meta property=\"article:modified_time\" content=\"2022-07-20T12:35:25+00:00\" \/>\n<meta property=\"og:image\" content=\"https:\/\/www.smartbox.com\/fr\/blog\/wp-content\/uploads\/2022\/03\/une-femme-lit-sur-la-plage.jpeg\" \/>\n\t<meta property=\"og:image:width\" content=\"1200\" \/>\n\t<meta property=\"og:image:height\" content=\"900\" \/>\n\t<meta property=\"og:image:type\" content=\"image\/jpeg\" \/>\n<meta name=\"author\" content=\"Charline Fernandez\" \/>\n<meta name=\"twitter:card\" content=\"summary_large_image\" \/>\n<meta name=\"twitter:label1\" content=\"\u00c9crit par\" \/>\n\t<meta name=\"twitter:data1\" content=\"Charline Fernandez\" \/>\n\t<meta name=\"twitter:label2\" content=\"Dur\u00e9e de lecture estim\u00e9e\" \/>\n\t<meta name=\"twitter:data2\" content=\"4 minutes\" \/>\n<script type=\"application\/ld+json\" class=\"yoast-schema-graph\">{\"@context\":\"https:\\\/\\\/schema.org\",\"@graph\":[{\"@type\":\"Article\",\"@id\":\"https:\\\/\\\/www.smartbox.com\\\/fr\\\/blog\\\/ou-partir-en-vacances-en-juin\\\/#article\",\"isPartOf\":{\"@id\":\"https:\\\/\\\/www.smartbox.com\\\/fr\\\/blog\\\/ou-partir-en-vacances-en-juin\\\/\"},\"author\":{\"name\":\"Charline Fernandez\",\"@id\":\"https:\\\/\\\/www.smartbox.com\\\/fr\\\/blog\\\/#\\\/schema\\\/person\\\/11ed8a266c20672aafd9e9aabd7b483b\"},\"headline\":\"O\u00f9 partir en vacances en juin ?\",\"datePublished\":\"2022-04-01T12:39:50+00:00\",\"dateModified\":\"2022-07-20T12:35:25+00:00\",\"mainEntityOfPage\":{\"@id\":\"https:\\\/\\\/www.smartbox.com\\\/fr\\\/blog\\\/ou-partir-en-vacances-en-juin\\\/\"},\"wordCount\":756,\"commentCount\":0,\"publisher\":{\"@id\":\"https:\\\/\\\/www.smartbox.com\\\/fr\\\/blog\\\/#organization\"},\"image\":{\"@id\":\"https:\\\/\\\/www.smartbox.com\\\/fr\\\/blog\\\/ou-partir-en-vacances-en-juin\\\/#primaryimage\"},\"thumbnailUrl\":\"https:\\\/\\\/www.smartbox.com\\\/fr\\\/blog\\\/wp-content\\\/uploads\\\/2022\\\/03\\\/une-femme-lit-sur-la-plage.jpeg\",\"keywords\":[\"Id\u00e9es de voyage\",\"\u00e9t\u00e9\"],\"articleSection\":[\"Voyages\"],\"inLanguage\":\"fr-FR\",\"potentialAction\":[{\"@type\":\"CommentAction\",\"name\":\"Comment\",\"target\":[\"https:\\\/\\\/www.smartbox.com\\\/fr\\\/blog\\\/ou-partir-en-vacances-en-juin\\\/#respond\"]}]},{\"@type\":\"WebPage\",\"@id\":\"https:\\\/\\\/www.smartbox.com\\\/fr\\\/blog\\\/ou-partir-en-vacances-en-juin\\\/\",\"url\":\"https:\\\/\\\/www.smartbox.com\\\/fr\\\/blog\\\/ou-partir-en-vacances-en-juin\\\/\",\"name\":\"O\u00f9 partir en vacances en juin ? \u01c0 Smartbox Blog\",\"isPartOf\":{\"@id\":\"https:\\\/\\\/www.smartbox.com\\\/fr\\\/blog\\\/#website\"},\"primaryImageOfPage\":{\"@id\":\"https:\\\/\\\/www.smartbox.com\\\/fr\\\/blog\\\/ou-partir-en-vacances-en-juin\\\/#primaryimage\"},\"image\":{\"@id\":\"https:\\\/\\\/www.smartbox.com\\\/fr\\\/blog\\\/ou-partir-en-vacances-en-juin\\\/#primaryimage\"},\"thumbnailUrl\":\"https:\\\/\\\/www.smartbox.com\\\/fr\\\/blog\\\/wp-content\\\/uploads\\\/2022\\\/03\\\/une-femme-lit-sur-la-plage.jpeg\",\"datePublished\":\"2022-04-01T12:39:50+00:00\",\"dateModified\":\"2022-07-20T12:35:25+00:00\",\"description\":\"Vous cherchez o\u00f9 partir en vacances en juin\u00a0? En France ou en Europe, d\u00e9couvrez les plus beaux endroits \u00e0 d\u00e9couvrir \u00e0 cette p\u00e9riode !\",\"inLanguage\":\"fr-FR\",\"potentialAction\":[{\"@type\":\"ReadAction\",\"target\":[\"https:\\\/\\\/www.smartbox.com\\\/fr\\\/blog\\\/ou-partir-en-vacances-en-juin\\\/\"]}]},{\"@type\":\"ImageObject\",\"inLanguage\":\"fr-FR\",\"@id\":\"https:\\\/\\\/www.smartbox.com\\\/fr\\\/blog\\\/ou-partir-en-vacances-en-juin\\\/#primaryimage\",\"url\":\"https:\\\/\\\/www.smartbox.com\\\/fr\\\/blog\\\/wp-content\\\/uploads\\\/2022\\\/03\\\/une-femme-lit-sur-la-plage.jpeg\",\"contentUrl\":\"https:\\\/\\\/www.smartbox.com\\\/fr\\\/blog\\\/wp-content\\\/uploads\\\/2022\\\/03\\\/une-femme-lit-sur-la-plage.jpeg\",\"width\":1200,\"height\":900,\"caption\":\"\u00a9 granata68 \\\/ Via Shutterstock\"},{\"@type\":\"WebSite\",\"@id\":\"https:\\\/\\\/www.smartbox.com\\\/fr\\\/blog\\\/#website\",\"url\":\"https:\\\/\\\/www.smartbox.com\\\/fr\\\/blog\\\/\",\"name\":\"France\",\"description\":\"\",\"publisher\":{\"@id\":\"https:\\\/\\\/www.smartbox.com\\\/fr\\\/blog\\\/#organization\"},\"potentialAction\":[{\"@type\":\"SearchAction\",\"target\":{\"@type\":\"EntryPoint\",\"urlTemplate\":\"https:\\\/\\\/www.smartbox.com\\\/fr\\\/blog\\\/?s={search_term_string}\"},\"query-input\":{\"@type\":\"PropertyValueSpecification\",\"valueRequired\":true,\"valueName\":\"search_term_string\"}}],\"inLanguage\":\"fr-FR\"},{\"@type\":\"Organization\",\"@id\":\"https:\\\/\\\/www.smartbox.com\\\/fr\\\/blog\\\/#organization\",\"name\":\"Smartbox\",\"url\":\"https:\\\/\\\/www.smartbox.com\\\/fr\\\/blog\\\/\",\"logo\":{\"@type\":\"ImageObject\",\"inLanguage\":\"fr-FR\",\"@id\":\"https:\\\/\\\/www.smartbox.com\\\/fr\\\/blog\\\/#\\\/schema\\\/logo\\\/image\\\/\",\"url\":\"https:\\\/\\\/digital.sbxtest.net\\\/fr\\\/blog\\\/wp-content\\\/uploads\\\/2022\\\/04\\\/LOGO-CH-FR-BLOG.svg\",\"contentUrl\":\"https:\\\/\\\/digital.sbxtest.net\\\/fr\\\/blog\\\/wp-content\\\/uploads\\\/2022\\\/04\\\/LOGO-CH-FR-BLOG.svg\",\"width\":1,\"height\":1,\"caption\":\"Smartbox\"},\"image\":{\"@id\":\"https:\\\/\\\/www.smartbox.com\\\/fr\\\/blog\\\/#\\\/schema\\\/logo\\\/image\\\/\"}},{\"@type\":\"Person\",\"@id\":\"https:\\\/\\\/www.smartbox.com\\\/fr\\\/blog\\\/#\\\/schema\\\/person\\\/11ed8a266c20672aafd9e9aabd7b483b\",\"name\":\"Charline Fernandez\",\"image\":{\"@type\":\"ImageObject\",\"inLanguage\":\"fr-FR\",\"@id\":\"https:\\\/\\\/secure.gravatar.com\\\/avatar\\\/43fa600b2e1f76db87b20d2e6d64381529aaf9c7fff43ec923742f018c8f1b46?s=96&d=mm&r=g\",\"url\":\"https:\\\/\\\/secure.gravatar.com\\\/avatar\\\/43fa600b2e1f76db87b20d2e6d64381529aaf9c7fff43ec923742f018c8f1b46?s=96&d=mm&r=g\",\"contentUrl\":\"https:\\\/\\\/secure.gravatar.com\\\/avatar\\\/43fa600b2e1f76db87b20d2e6d64381529aaf9c7fff43ec923742f018c8f1b46?s=96&d=mm&r=g\",\"caption\":\"Charline Fernandez\"}}]}<\/script>\n<!-- \/ Yoast SEO Premium plugin. -->","yoast_head_json":{"title":"O\u00f9 partir en vacances en juin ? \u01c0 Smartbox Blog","description":"Vous cherchez o\u00f9 partir en vacances en juin\u00a0? En France ou en Europe, d\u00e9couvrez les plus beaux endroits \u00e0 d\u00e9couvrir \u00e0 cette p\u00e9riode !","robots":{"index":"index","follow":"follow","max-snippet":"max-snippet:-1","max-image-preview":"max-image-preview:large","max-video-preview":"max-video-preview:-1"},"canonical":"https:\/\/www.smartbox.com\/fr\/blog\/ou-partir-en-vacances-en-juin\/","og_locale":"fr_FR","og_type":"article","og_title":"O\u00f9 partir en vacances en juin ? \u01c0 Smartbox Blog","og_description":"Vous cherchez o\u00f9 partir en vacances en juin\u00a0? En France ou en Europe, d\u00e9couvrez les plus beaux endroits \u00e0 d\u00e9couvrir \u00e0 cette p\u00e9riode !","og_url":"https:\/\/www.smartbox.com\/fr\/blog\/ou-partir-en-vacances-en-juin\/","og_site_name":"France","article_published_time":"2022-04-01T12:39:50+00:00","article_modified_time":"2022-07-20T12:35:25+00:00","og_image":[{"width":1200,"height":900,"url":"https:\/\/www.smartbox.com\/fr\/blog\/wp-content\/uploads\/2022\/03\/une-femme-lit-sur-la-plage.jpeg","type":"image\/jpeg"}],"author":"Charline Fernandez","twitter_card":"summary_large_image","twitter_misc":{"\u00c9crit par":"Charline Fernandez","Dur\u00e9e de lecture estim\u00e9e":"4 minutes"},"schema":{"@context":"https:\/\/schema.org","@graph":[{"@type":"Article","@id":"https:\/\/www.smartbox.com\/fr\/blog\/ou-partir-en-vacances-en-juin\/#article","isPartOf":{"@id":"https:\/\/www.smartbox.com\/fr\/blog\/ou-partir-en-vacances-en-juin\/"},"author":{"name":"Charline Fernandez","@id":"https:\/\/www.smartbox.com\/fr\/blog\/#\/schema\/person\/11ed8a266c20672aafd9e9aabd7b483b"},"headline":"O\u00f9 partir en vacances en juin ?","datePublished":"2022-04-01T12:39:50+00:00","dateModified":"2022-07-20T12:35:25+00:00","mainEntityOfPage":{"@id":"https:\/\/www.smartbox.com\/fr\/blog\/ou-partir-en-vacances-en-juin\/"},"wordCount":756,"commentCount":0,"publisher":{"@id":"https:\/\/www.smartbox.com\/fr\/blog\/#organization"},"image":{"@id":"https:\/\/www.smartbox.com\/fr\/blog\/ou-partir-en-vacances-en-juin\/#primaryimage"},"thumbnailUrl":"https:\/\/www.smartbox.com\/fr\/blog\/wp-content\/uploads\/2022\/03\/une-femme-lit-sur-la-plage.jpeg","keywords":["Id\u00e9es de voyage","\u00e9t\u00e9"],"articleSection":["Voyages"],"inLanguage":"fr-FR","potentialAction":[{"@type":"CommentAction","name":"Comment","target":["https:\/\/www.smartbox.com\/fr\/blog\/ou-partir-en-vacances-en-juin\/#respond"]}]},{"@type":"WebPage","@id":"https:\/\/www.smartbox.com\/fr\/blog\/ou-partir-en-vacances-en-juin\/","url":"https:\/\/www.smartbox.com\/fr\/blog\/ou-partir-en-vacances-en-juin\/","name":"O\u00f9 partir en vacances en juin ? \u01c0 Smartbox Blog","isPartOf":{"@id":"https:\/\/www.smartbox.com\/fr\/blog\/#website"},"primaryImageOfPage":{"@id":"https:\/\/www.smartbox.com\/fr\/blog\/ou-partir-en-vacances-en-juin\/#primaryimage"},"image":{"@id":"https:\/\/www.smartbox.com\/fr\/blog\/ou-partir-en-vacances-en-juin\/#primaryimage"},"thumbnailUrl":"https:\/\/www.smartbox.com\/fr\/blog\/wp-content\/uploads\/2022\/03\/une-femme-lit-sur-la-plage.jpeg","datePublished":"2022-04-01T12:39:50+00:00","dateModified":"2022-07-20T12:35:25+00:00","description":"Vous cherchez o\u00f9 partir en vacances en juin\u00a0? En France ou en Europe, d\u00e9couvrez les plus beaux endroits \u00e0 d\u00e9couvrir \u00e0 cette p\u00e9riode !","inLanguage":"fr-FR","potentialAction":[{"@type":"ReadAction","target":["https:\/\/www.smartbox.com\/fr\/blog\/ou-partir-en-vacances-en-juin\/"]}]},{"@type":"ImageObject","inLanguage":"fr-FR","@id":"https:\/\/www.smartbox.com\/fr\/blog\/ou-partir-en-vacances-en-juin\/#primaryimage","url":"https:\/\/www.smartbox.com\/fr\/blog\/wp-content\/uploads\/2022\/03\/une-femme-lit-sur-la-plage.jpeg","contentUrl":"https:\/\/www.smartbox.com\/fr\/blog\/wp-content\/uploads\/2022\/03\/une-femme-lit-sur-la-plage.jpeg","width":1200,"height":900,"caption":"\u00a9 granata68 \/ Via Shutterstock"},{"@type":"WebSite","@id":"https:\/\/www.smartbox.com\/fr\/blog\/#website","url":"https:\/\/www.smartbox.com\/fr\/blog\/","name":"France","description":"","publisher":{"@id":"https:\/\/www.smartbox.com\/fr\/blog\/#organization"},"potentialAction":[{"@type":"SearchAction","target":{"@type":"EntryPoint","urlTemplate":"https:\/\/www.smartbox.com\/fr\/blog\/?s={search_term_string}"},"query-input":{"@type":"PropertyValueSpecification","valueRequired":true,"valueName":"search_term_string"}}],"inLanguage":"fr-FR"},{"@type":"Organization","@id":"https:\/\/www.smartbox.com\/fr\/blog\/#organization","name":"Smartbox","url":"https:\/\/www.smartbox.com\/fr\/blog\/","logo":{"@type":"ImageObject","inLanguage":"fr-FR","@id":"https:\/\/www.smartbox.com\/fr\/blog\/#\/schema\/logo\/image\/","url":"https:\/\/digital.sbxtest.net\/fr\/blog\/wp-content\/uploads\/2022\/04\/LOGO-CH-FR-BLOG.svg","contentUrl":"https:\/\/digital.sbxtest.net\/fr\/blog\/wp-content\/uploads\/2022\/04\/LOGO-CH-FR-BLOG.svg","width":1,"height":1,"caption":"Smartbox"},"image":{"@id":"https:\/\/www.smartbox.com\/fr\/blog\/#\/schema\/logo\/image\/"}},{"@type":"Person","@id":"https:\/\/www.smartbox.com\/fr\/blog\/#\/schema\/person\/11ed8a266c20672aafd9e9aabd7b483b","name":"Charline Fernandez","image":{"@type":"ImageObject","inLanguage":"fr-FR","@id":"https:\/\/secure.gravatar.com\/avatar\/43fa600b2e1f76db87b20d2e6d64381529aaf9c7fff43ec923742f018c8f1b46?s=96&d=mm&r=g","url":"https:\/\/secure.gravatar.com\/avatar\/43fa600b2e1f76db87b20d2e6d64381529aaf9c7fff43ec923742f018c8f1b46?s=96&d=mm&r=g","contentUrl":"https:\/\/secure.gravatar.com\/avatar\/43fa600b2e1f76db87b20d2e6d64381529aaf9c7fff43ec923742f018c8f1b46?s=96&d=mm&r=g","caption":"Charline Fernandez"}}]}},"amp_enabled":true,"_links":{"self":[{"href":"https:\/\/www.smartbox.com\/fr\/blog\/wp-json\/wp\/v2\/posts\/54101","targetHints":{"allow":["GET"]}}],"collection":[{"href":"https:\/\/www.smartbox.com\/fr\/blog\/wp-json\/wp\/v2\/posts"}],"about":[{"href":"https:\/\/www.smartbox.com\/fr\/blog\/wp-json\/wp\/v2\/types\/post"}],"author":[{"embeddable":true,"href":"https:\/\/www.smartbox.com\/fr\/blog\/wp-json\/wp\/v2\/users\/41"}],"replies":[{"embeddable":true,"href":"https:\/\/www.smartbox.com\/fr\/blog\/wp-json\/wp\/v2\/comments?post=54101"}],"version-history":[{"count":2,"href":"https:\/\/www.smartbox.com\/fr\/blog\/wp-json\/wp\/v2\/posts\/54101\/revisions"}],"predecessor-version":[{"id":56251,"href":"https:\/\/www.smartbox.com\/fr\/blog\/wp-json\/wp\/v2\/posts\/54101\/revisions\/56251"}],"wp:featuredmedia":[{"embeddable":true,"href":"https:\/\/www.smartbox.com\/fr\/blog\/wp-json\/wp\/v2\/media\/54215"}],"wp:attachment":[{"href":"https:\/\/www.smartbox.com\/fr\/blog\/wp-json\/wp\/v2\/media?parent=54101"}],"wp:term":[{"taxonomy":"category","embeddable":true,"href":"https:\/\/www.smartbox.com\/fr\/blog\/wp-json\/wp\/v2\/categories?post=54101"},{"taxonomy":"post_tag","embeddable":true,"href":"https:\/\/www.smartbox.com\/fr\/blog\/wp-json\/wp\/v2\/tags?post=54101"}],"curies":[{"name":"wp","href":"https:\/\/api.w.org\/{rel}","templated":true}]}}