{"id":11979,"date":"2023-08-02T11:11:00","date_gmt":"2023-08-02T10:11:00","guid":{"rendered":"https:\/\/www.smartbox.com\/fr\/blog\/?p=11979"},"modified":"2023-08-02T15:41:25","modified_gmt":"2023-08-02T14:41:25","slug":"ou-partir-en-septembre-en-france","status":"publish","type":"post","link":"https:\/\/www.smartbox.com\/fr\/blog\/ou-partir-en-septembre-en-france\/","title":{"rendered":"Voyage en France &#8211; O\u00f9 partir en septembre ?"},"content":{"rendered":"\n<p>La France est belle et elle est vaste, alors pour vous aider \u00e0<strong> choisir la destination id\u00e9ale <\/strong>pour un petit week-end en France ou de plus longues vacances au mois de septembre, on vous a fait une s\u00e9lection de <strong>destinations qui sont parfaites pour cette p\u00e9riode de l\u2019ann\u00e9e<\/strong>, quand l\u2019\u00e9t\u00e9 tire sa r\u00e9v\u00e9rence et que l\u2019automne s\u2019appr\u00eate \u00e0 pointer le bout de son nez !<\/p>\n\n\n\n<p><strong><a class=\"rel-pdt-btn\" href=\"https:\/\/www.smartbox.com\/fr\/activites-par-region-en-france\/\" rel=\"noopener noreferrer\">Voyages en France<\/a><\/strong><\/p>\n\n\n\n<h3 class=\"wp-block-heading\" id=\"h-5-destinations-parfaites-ou-partir-en-vacances-en-septembre\"><strong>5 destinations parfaites o\u00f9 partir en vacances en Septembre&nbsp;:<\/strong><\/h3>\n\n\n\n<p style=\"font-size:19px\"><strong><a href=\"https:\/\/www.smartbox.com\/fr\/nos-smartbox\/sejour\/mille-et-une-nuits-en-provence-1129034.html\">S\u00e9jour en Provence<\/a> :<\/strong><\/p>\n\n\n\n<p>Rien d\u2019\u00e9tonnant \u00e0 voir la belle Provence cit\u00e9e dans ce classement des destinations <strong>o\u00f9 partir en septembre en France<\/strong>, nous direz-vous.<\/p>\n\n\n\n<p>Effectivement, cela n\u2019a rien de surprenant, mais laissez-nous vous en dire plus sur les coins de Provence que l\u2019on vous recommande chaudement de d\u00e9couvrir \u00e0 cette p\u00e9riode de l\u2019ann\u00e9e. Car oui, il fait encore bien chaud en cette p\u00e9riode dans cette r\u00e9gion, alors il serait dommage de ne pas en profiter&nbsp;!<\/p>\n\n\n\n<p>Itin\u00e9raire de <a href=\"https:\/\/www.smartbox.com\/fr\/blog\/randonnees-a-marseille-et-alentours\/\">randonn\u00e9e dans les calanques de Cassis<\/a> pour en prendre plein les yeux, vue plongeante sur Marseille depuis la basilique de Notre-Dame-de-la-Garde, Arles et ses ruelles charg\u00e9es d\u2019histoire, Aix-en-Provence, ses h\u00f4tels particuliers et ses march\u00e9s de producteurs\u2026 On vous donne une liste des plus belles choses \u00e0 faire et \u00e0 voir dans cet article\u00a0: <a href=\"https:\/\/www.smartbox.com\/fr\/blog\/partir-en-weekend-en-provence\/\">Week-end en Provence en Septembre<\/a>.<\/p>\n\n\n<div class=\"wp-block-image\">\n<figure class=\"aligncenter size-full\"><a href=\"https:\/\/www.smartbox.com\/fr\/nos-smartbox\/sejour\/3-jours-insolites-en-provence-1389.html\"><img loading=\"lazy\" decoding=\"async\" width=\"1400\" height=\"933\" src=\"https:\/\/www.smartbox.com\/fr\/blog\/wp-content\/uploads\/sites\/6\/2020\/05\/voyage-provence-septembre.jpg\" alt=\"Voyage provence septembre\" class=\"wp-image-11982\" srcset=\"https:\/\/www.smartbox.com\/fr\/blog\/wp-content\/uploads\/2020\/05\/voyage-provence-septembre.jpg 1400w, https:\/\/www.smartbox.com\/fr\/blog\/wp-content\/uploads\/2020\/05\/voyage-provence-septembre-300x200.jpg 300w, https:\/\/www.smartbox.com\/fr\/blog\/wp-content\/uploads\/2020\/05\/voyage-provence-septembre-1024x682.jpg 1024w, https:\/\/www.smartbox.com\/fr\/blog\/wp-content\/uploads\/2020\/05\/voyage-provence-septembre-768x512.jpg 768w\" sizes=\"auto, (max-width: 1400px) 100vw, 1400px\" \/><\/a><\/figure>\n<\/div>\n\n\n<p style=\"font-size:19px\"><strong><a href=\"https:\/\/www.smartbox.com\/fr\/hauts-de-france\/\">Week-end \u00e0 Lille<\/a>&nbsp;:<\/strong><\/p>\n\n\n\n<p>S\u2019il y a bien une destination fran\u00e7aise qui r\u00e9jouit les amateurs de bonne ch\u00e8re, c\u2019est le nord&nbsp;! Et Lille, en tant que pr\u00e9fecture du d\u00e9partement et capitale de la r\u00e9gion des Hauts-de-France, ne d\u00e9roge pas \u00e0 la r\u00e8gle.<\/p>\n\n\n\n<p>Moules-Frites, welsh, bi\u00e8res et m\u00eame tarte au sucre, les <a href=\"https:\/\/www.smartbox.com\/fr\/blog\/zoom-sur-les-specialites-culinaires-du-nord\/\">sp\u00e9cialit\u00e9s culinaires \u00e0 Lille<\/a> ne manquent pas. Avec des sp\u00e9cialit\u00e9s pour les becs sucr\u00e9s comme les amateurs de plats particuli\u00e8rement r\u00e9confortants, et des centaines de vari\u00e9t\u00e9s de bi\u00e8res pour satisfaire les envies des adeptes de bi\u00e8res artisanales, la ville a tout pour rendre amoureux les gourmets qui viennent fouler ses pav\u00e9s.<\/p>\n\n\n\n<p>Au-del\u00e0 de ses atouts innombrables d\u2019un point de vue gastronomique, Lille est aussi une destination fort appr\u00e9ciable pour son architecture (notamment le Beffroi, la Vieille Bourse et le Vieux-Lille en g\u00e9n\u00e9ral) mais aussi pour son ambiance singuli\u00e8re et son dynamisme.<\/p>\n\n\n<div class=\"wp-block-image\">\n<figure class=\"aligncenter size-full\"><a href=\"https:\/\/www.smartbox.com\/fr\/nos-smartbox\/gastronomie\/repas-gourmands-a-lille-546068.html\"><img loading=\"lazy\" decoding=\"async\" width=\"1600\" height=\"1067\" src=\"https:\/\/www.smartbox.com\/fr\/blog\/wp-content\/uploads\/sites\/6\/2020\/05\/week-end-lille.jpg\" alt=\"Week-end Lille\" class=\"wp-image-11983\" srcset=\"https:\/\/www.smartbox.com\/fr\/blog\/wp-content\/uploads\/2020\/05\/week-end-lille.jpg 1600w, https:\/\/www.smartbox.com\/fr\/blog\/wp-content\/uploads\/2020\/05\/week-end-lille-300x200.jpg 300w, https:\/\/www.smartbox.com\/fr\/blog\/wp-content\/uploads\/2020\/05\/week-end-lille-1024x683.jpg 1024w, https:\/\/www.smartbox.com\/fr\/blog\/wp-content\/uploads\/2020\/05\/week-end-lille-768x512.jpg 768w, https:\/\/www.smartbox.com\/fr\/blog\/wp-content\/uploads\/2020\/05\/week-end-lille-1536x1024.jpg 1536w\" sizes=\"auto, (max-width: 1600px) 100vw, 1600px\" \/><\/a><\/figure>\n<\/div>\n\n\n<p>Ce n\u2019est d\u2019ailleurs pas un hasard si elle est r\u00e9guli\u00e8rement cit\u00e9e parmi les villes o\u00f9 il fait bon vivre. Alors nul doute qu\u2019au mois de septembre, alors que les temp\u00e9ratures y seront encore cl\u00e9mentes et que les pluies r\u00e9guli\u00e8res de l\u2019automne ne seront pas encore arriv\u00e9es, vous allez prendre plaisir \u00e0 d\u00e9couvrir cette ville chaleureuse et accueillante.<\/p>\n\n\n\n<p><strong><a class=\"rel-pdt-btn\" href=\"https:\/\/www.smartbox.com\/fr\/hauts-de-france\/\" rel=\"noopener noreferrer\">Visiter les Hauts-de-France<\/a><\/strong><\/p>\n\n\n\n<p style=\"font-size:19px\"><strong>Partir dans la Baie de Somme&nbsp;en septembre&nbsp;: &nbsp;<\/strong><\/p>\n\n\n\n<p>Comme on vous le disait dans notre article sur la <a href=\"https:\/\/www.smartbox.com\/fr\/blog\/zoom-sur-la-baie-de-somme-une-destination-parfaite-pour-les-amateurs-de-nature\/\">Baie de Somme<\/a>, c\u2019est un coin de France id\u00e9al pour les amateurs de nature et de grands espaces. Sur cette partie des c\u00f4tes Picardes, les \u00e9tendues de sable sont telles qu\u2019il ne vous sera pas difficile de respecter les distances de s\u00e9curit\u00e9. Ce qui en fait une raison de plus pour privil\u00e9gier ce type de destinations.<\/p>\n\n\n\n<p>La Pointe du Hourdel et ses colonies de phoques, le charmant port de p\u00eache du Crotoy, la plage de Fort Mahon et ses nombreuses <a href=\"https:\/\/www.smartbox.com\/fr\/sport-et-aventure\/aquatiques\/\">activit\u00e9s aquatiques<\/a>\u2026 On vous le disait, la Baie de Somme est un v\u00e9ritable paradis pour ceux qui veulent souffler, prendre le temps d\u2019admirer la nature, de contempler la beaut\u00e9 des choses simples et de se d\u00e9gourdir les jambes lors de longues balades c\u00f4ti\u00e8res. &nbsp;<\/p>\n\n\n\n<p>Ajoutez \u00e0 cela quelques moules de bouchot, de l\u2019agneau de Pr\u00e9 Sal\u00e9 et un peu de g\u00e2teau battu et vous aurez tout ce dont on peut r\u00eaver en ce moment-m\u00eame&nbsp;!<\/p>\n\n\n\n<p class=\"has-text-align-center\"><strong>D\u00e9couvrez le <a href=\"https:\/\/www.smartbox.com\/fr\/blog\/video-weekend-insolite-baie-de-somme\/\">week-end insolite dans la Baie de Somme<\/a> v\u00e9cu par les blogueurs Refuse to Hibernate&nbsp;:<\/strong><\/p>\n\n\n\n<center><iframe loading=\"lazy\" width=\"560\" height=\"315\" src=\"https:\/\/www.youtube.com\/embed\/vogqbcLJmC0\" frameborder=\"0\" allow=\"accelerometer; autoplay; encrypted-media; gyroscope; picture-in-picture\" allowfullscreen=\"\"><\/iframe><\/center>\n\n\n\n<div style=\"height:20px\" aria-hidden=\"true\" class=\"wp-block-spacer\"><\/div>\n\n\n\n<p style=\"font-size:19px\"><strong>Escapade aveyronnaise&nbsp;:<\/strong><\/p>\n\n\n\n<p>L\u2019Aveyron fait partie de ces d\u00e9partements fran\u00e7ais peu peupl\u00e9s mais au combien g\u00e9n\u00e9reux. Que ce soit sur le plan des paysages qui s\u2019y trouvent, que de la <a href=\"https:\/\/www.smartbox.com\/fr\/blog\/category\/gastronomie\/\">gastronomie <\/a>qui r\u00e9gale nos papilles. Ce d\u00e9partement a absolument tout pour plaire \u00e0 ceux qui souhaitent prendre un bol d\u2019air en septembre, se reconnecter \u00e0 la nature, tout en satisfaisant largement leurs envies de bonne gastronomie.<\/p>\n\n\n\n<p>Des prouesses architecturales modernes avec le Viaduc de Millau, aux lieux charg\u00e9s d\u2019histoire comme les caves de Roquefort, des champs \u00e0 perte de vue, aux collines qui cachent des chemins de randonn\u00e9e escarp\u00e9s, on peut vous promettre que lors d\u2019un s\u00e9jour en Aveyron en septembre vous n\u2019allez pas vous ennuyer. Surtout que les grosses chaleurs de l\u2019\u00e9t\u00e9 qui peuvent parfois \u00eatre \u00e9touffantes dans certains coins du d\u00e9partement ne seront plus d\u2019actualit\u00e9 et que les premi\u00e8res fra\u00eeches journ\u00e9es d\u2019automne ne seront pas encore arriv\u00e9es.<\/p>\n\n\n\n<p>Oui vraiment, c\u2019est le mois parfait pour aller profiter des sous-bois aveyronnais, de sa gastronomie irr\u00e9sistible \u00e0 base <a href=\"https:\/\/www.smartbox.com\/fr\/blog\/zoom-sur-laligot-bien-plus-qu-une-puree\/\">d\u2019aligot<\/a>, de truffade, de plateau de fromages et de charcuterie, de son Histoire riche et de sa culture \u00e9clectique !<\/p>\n\n\n\n<figure class=\"wp-block-gallery has-nested-images columns-default is-cropped wp-block-gallery-1 is-layout-flex wp-block-gallery-is-layout-flex\">\n<figure class=\"wp-block-image size-large\"><img loading=\"lazy\" decoding=\"async\" width=\"567\" height=\"1024\" data-id=\"11980\" src=\"https:\/\/www.smartbox.com\/fr\/blog\/wp-content\/uploads\/sites\/6\/2020\/05\/sejour-aveyron-567x1024.jpg\" alt=\"Aligot Aveyron\" class=\"wp-image-11980\" srcset=\"https:\/\/www.smartbox.com\/fr\/blog\/wp-content\/uploads\/2020\/05\/sejour-aveyron-567x1024.jpg 567w, https:\/\/www.smartbox.com\/fr\/blog\/wp-content\/uploads\/2020\/05\/sejour-aveyron-166x300.jpg 166w, https:\/\/www.smartbox.com\/fr\/blog\/wp-content\/uploads\/2020\/05\/sejour-aveyron-768x1387.jpg 768w, https:\/\/www.smartbox.com\/fr\/blog\/wp-content\/uploads\/2020\/05\/sejour-aveyron-851x1536.jpg 851w, https:\/\/www.smartbox.com\/fr\/blog\/wp-content\/uploads\/2020\/05\/sejour-aveyron-1134x2048.jpg 1134w, https:\/\/www.smartbox.com\/fr\/blog\/wp-content\/uploads\/2020\/05\/sejour-aveyron.jpg 1400w\" sizes=\"auto, (max-width: 567px) 100vw, 567px\" \/><\/figure>\n\n\n\n<figure class=\"wp-block-image size-large\"><img loading=\"lazy\" decoding=\"async\" width=\"683\" height=\"1024\" data-id=\"11981\" src=\"https:\/\/www.smartbox.com\/fr\/blog\/wp-content\/uploads\/sites\/6\/2020\/05\/visite-viaduc-millau-683x1024.jpg\" alt=\"Viaduc de Millau\" class=\"wp-image-11981\" srcset=\"https:\/\/www.smartbox.com\/fr\/blog\/wp-content\/uploads\/2020\/05\/visite-viaduc-millau-683x1024.jpg 683w, https:\/\/www.smartbox.com\/fr\/blog\/wp-content\/uploads\/2020\/05\/visite-viaduc-millau-200x300.jpg 200w, https:\/\/www.smartbox.com\/fr\/blog\/wp-content\/uploads\/2020\/05\/visite-viaduc-millau-768x1152.jpg 768w, https:\/\/www.smartbox.com\/fr\/blog\/wp-content\/uploads\/2020\/05\/visite-viaduc-millau-1024x1536.jpg 1024w, https:\/\/www.smartbox.com\/fr\/blog\/wp-content\/uploads\/2020\/05\/visite-viaduc-millau-1365x2048.jpg 1365w, https:\/\/www.smartbox.com\/fr\/blog\/wp-content\/uploads\/2020\/05\/visite-viaduc-millau.jpg 1400w\" sizes=\"auto, (max-width: 683px) 100vw, 683px\" \/><\/figure>\n<\/figure>\n\n\n\n<p class=\"has-text-color has-background\" style=\"color:#554f4f;background-color:#f7f7f7\"><strong>A lire aussi&nbsp;: <a href=\"https:\/\/www.smartbox.com\/fr\/blog\/slow-travel-comment-voyager-autrement-en-france\/\"><em>Qu\u2019est-ce que le Slow Travel et comment voyager autrement en France ?<\/em><\/a><\/strong><\/p>\n\n\n\n<p style=\"font-size:19px\"><strong><a href=\"https:\/\/www.smartbox.com\/fr\/nos-smartbox\/multi-themes\/activite-a-toulouse-1132859.html\">Voyage \u00e0 Toulouse en septembre<\/a>&nbsp;:<\/strong><\/p>\n\n\n\n<p>Si Pauline du blog Petites Evasions et Grandes Aventures nous vantait avec passion les m\u00e9rites de sa ville de c\u0153ur dans son article sur la <a href=\"https:\/\/www.smartbox.com\/fr\/blog\/visiter-toulouse-conseils-dune-toulousaine\/\">visite de Toulouse<\/a>, c\u2019est parce que la Ville Rose a bien des atouts \u00e0 faire valoir et qu\u2019elle m\u00e9rite largement de faire partie de cette s\u00e9lection de destinations o\u00f9 partir en France en septembre.<\/p>\n\n\n\n<p>Si elle est un peu moins ensoleill\u00e9e que sa voisine <a href=\"https:\/\/www.smartbox.com\/fr\/blog\/voyage-occitanie\/\">Montpellier<\/a> et qu\u2019elle est moins pris\u00e9e que sa cousine <a href=\"https:\/\/www.smartbox.com\/fr\/blog\/weekend-a-barcelone-quoi-visiter\/\">Barcelone<\/a>, elle n\u2019en demeure pas moins pleine de richesses. Tant sur le plan architectural, que culturel, gastronomique et sportif.<\/p>\n\n\n\n<p>Alors pour d\u00e9guster un bon petit-d\u00e9jeuner sur la place du Capitole, faire quelques emplettes sur les \u00e9tals all\u00e9chants du march\u00e9 Victor Hugo, visiter l\u2019un des illustres mus\u00e9es de la ville, boire un verre sur une terrasse de la place Saint-Etienne ou voir un match de Top 14, Toulouse est une destination aux nombreux attraits qui ravit bien des visiteurs, dont vous ferez peut-\u00eatre bient\u00f4t partie&nbsp;!<\/p>\n\n\n\n<p><em>L\u2019abus d\u2019alcool est dangereux pour la sant\u00e9, \u00e0 consommer avec mod\u00e9ration<\/em><\/p>\n","protected":false},"excerpt":{"rendered":"<p>La France est belle et elle est vaste, alors pour vous aider \u00e0 choisir la destination id\u00e9ale pour un petit week-end en France ou de plus longues vacances au mois de septembre, on vous a fait une s\u00e9lection de destinations qui sont parfaites pour cette p\u00e9riode de l\u2019ann\u00e9e, quand l\u2019\u00e9t\u00e9 tire sa r\u00e9v\u00e9rence et que [&hellip;]<\/p>\n","protected":false},"author":21,"featured_media":11985,"comment_status":"closed","ping_status":"closed","sticky":false,"template":"","format":"standard","meta":{"_acf_changed":false,"footnotes":""},"categories":[48],"tags":[113,261,527,617,3336,3814],"class_list":["post-11979","post","type-post","status-publish","format-standard","has-post-thumbnail","hentry","category-voyages","tag-provence","tag-toulouse","tag-idees-de-voyage","tag-nature","tag-france","tag-voyage-en-france"],"acf":[],"yoast_head":"<!-- This site is optimized with the Yoast SEO Premium plugin v21.7 (Yoast SEO v27.4) - https:\/\/yoast.com\/product\/yoast-seo-premium-wordpress\/ -->\n<title>Voyage en France - 5 destinations o\u00f9 partir en Septembre !<\/title>\n<meta name=\"description\" content=\"Vous aussi vous allez opter pour un beau voyage en France cette ann\u00e9e ? Alors d\u00e9couvrez les plus beaux coins o\u00f9 partir en septembre en France !\" \/>\n<meta name=\"robots\" content=\"index, follow, max-snippet:-1, max-image-preview:large, max-video-preview:-1\" \/>\n<link rel=\"canonical\" href=\"https:\/\/www.smartbox.com\/fr\/blog\/ou-partir-en-septembre-en-france\/\" \/>\n<meta property=\"og:locale\" content=\"fr_FR\" \/>\n<meta property=\"og:type\" content=\"article\" \/>\n<meta property=\"og:title\" content=\"Voyage en France - 5 destinations o\u00f9 partir en Septembre !\" \/>\n<meta property=\"og:description\" content=\"Vous aussi vous allez opter pour un beau voyage en France cette ann\u00e9e ? Alors d\u00e9couvrez les plus beaux coins o\u00f9 partir en septembre en France !\" \/>\n<meta property=\"og:url\" content=\"https:\/\/www.smartbox.com\/fr\/blog\/ou-partir-en-septembre-en-france\/\" \/>\n<meta property=\"og:site_name\" content=\"France\" \/>\n<meta property=\"article:published_time\" content=\"2023-08-02T10:11:00+00:00\" \/>\n<meta property=\"article:modified_time\" content=\"2023-08-02T14:41:25+00:00\" \/>\n<meta property=\"og:image\" content=\"https:\/\/www.smartbox.com\/fr\/blog\/wp-content\/uploads\/2020\/05\/ou-partir-en-septembre.jpg\" \/>\n\t<meta property=\"og:image:width\" content=\"1432\" \/>\n\t<meta property=\"og:image:height\" content=\"951\" \/>\n\t<meta property=\"og:image:type\" content=\"image\/jpeg\" \/>\n<meta name=\"author\" content=\"Pauline\" \/>\n<meta name=\"twitter:card\" content=\"summary_large_image\" \/>\n<meta name=\"twitter:label1\" content=\"\u00c9crit par\" \/>\n\t<meta name=\"twitter:data1\" content=\"Pauline\" \/>\n\t<meta name=\"twitter:label2\" content=\"Dur\u00e9e de lecture estim\u00e9e\" \/>\n\t<meta name=\"twitter:data2\" content=\"6 minutes\" \/>\n<script type=\"application\/ld+json\" class=\"yoast-schema-graph\">{\"@context\":\"https:\\\/\\\/schema.org\",\"@graph\":[{\"@type\":\"Article\",\"@id\":\"https:\\\/\\\/www.smartbox.com\\\/fr\\\/blog\\\/ou-partir-en-septembre-en-france\\\/#article\",\"isPartOf\":{\"@id\":\"https:\\\/\\\/www.smartbox.com\\\/fr\\\/blog\\\/ou-partir-en-septembre-en-france\\\/\"},\"author\":{\"name\":\"Pauline\",\"@id\":\"https:\\\/\\\/www.smartbox.com\\\/fr\\\/blog\\\/#\\\/schema\\\/person\\\/0def93adb00e53abc58b626f646950ac\"},\"headline\":\"Voyage en France &#8211; O\u00f9 partir en septembre ?\",\"datePublished\":\"2023-08-02T10:11:00+00:00\",\"dateModified\":\"2023-08-02T14:41:25+00:00\",\"mainEntityOfPage\":{\"@id\":\"https:\\\/\\\/www.smartbox.com\\\/fr\\\/blog\\\/ou-partir-en-septembre-en-france\\\/\"},\"wordCount\":1116,\"publisher\":{\"@id\":\"https:\\\/\\\/www.smartbox.com\\\/fr\\\/blog\\\/#organization\"},\"image\":{\"@id\":\"https:\\\/\\\/www.smartbox.com\\\/fr\\\/blog\\\/ou-partir-en-septembre-en-france\\\/#primaryimage\"},\"thumbnailUrl\":\"https:\\\/\\\/www.smartbox.com\\\/fr\\\/blog\\\/wp-content\\\/uploads\\\/2020\\\/05\\\/ou-partir-en-septembre.jpg\",\"keywords\":[\"Provence\",\"Toulouse\",\"Id\u00e9es de voyage\",\"Nature\",\"France\",\"Voyage en France\"],\"articleSection\":[\"Voyages\"],\"inLanguage\":\"fr-FR\"},{\"@type\":\"WebPage\",\"@id\":\"https:\\\/\\\/www.smartbox.com\\\/fr\\\/blog\\\/ou-partir-en-septembre-en-france\\\/\",\"url\":\"https:\\\/\\\/www.smartbox.com\\\/fr\\\/blog\\\/ou-partir-en-septembre-en-france\\\/\",\"name\":\"Voyage en France - 5 destinations o\u00f9 partir en Septembre !\",\"isPartOf\":{\"@id\":\"https:\\\/\\\/www.smartbox.com\\\/fr\\\/blog\\\/#website\"},\"primaryImageOfPage\":{\"@id\":\"https:\\\/\\\/www.smartbox.com\\\/fr\\\/blog\\\/ou-partir-en-septembre-en-france\\\/#primaryimage\"},\"image\":{\"@id\":\"https:\\\/\\\/www.smartbox.com\\\/fr\\\/blog\\\/ou-partir-en-septembre-en-france\\\/#primaryimage\"},\"thumbnailUrl\":\"https:\\\/\\\/www.smartbox.com\\\/fr\\\/blog\\\/wp-content\\\/uploads\\\/2020\\\/05\\\/ou-partir-en-septembre.jpg\",\"datePublished\":\"2023-08-02T10:11:00+00:00\",\"dateModified\":\"2023-08-02T14:41:25+00:00\",\"description\":\"Vous aussi vous allez opter pour un beau voyage en France cette ann\u00e9e ? Alors d\u00e9couvrez les plus beaux coins o\u00f9 partir en septembre en France !\",\"inLanguage\":\"fr-FR\",\"potentialAction\":[{\"@type\":\"ReadAction\",\"target\":[\"https:\\\/\\\/www.smartbox.com\\\/fr\\\/blog\\\/ou-partir-en-septembre-en-france\\\/\"]}]},{\"@type\":\"ImageObject\",\"inLanguage\":\"fr-FR\",\"@id\":\"https:\\\/\\\/www.smartbox.com\\\/fr\\\/blog\\\/ou-partir-en-septembre-en-france\\\/#primaryimage\",\"url\":\"https:\\\/\\\/www.smartbox.com\\\/fr\\\/blog\\\/wp-content\\\/uploads\\\/2020\\\/05\\\/ou-partir-en-septembre.jpg\",\"contentUrl\":\"https:\\\/\\\/www.smartbox.com\\\/fr\\\/blog\\\/wp-content\\\/uploads\\\/2020\\\/05\\\/ou-partir-en-septembre.jpg\",\"width\":1432,\"height\":951,\"caption\":\"O\u00f9 partir en septembre en France\"},{\"@type\":\"WebSite\",\"@id\":\"https:\\\/\\\/www.smartbox.com\\\/fr\\\/blog\\\/#website\",\"url\":\"https:\\\/\\\/www.smartbox.com\\\/fr\\\/blog\\\/\",\"name\":\"France\",\"description\":\"\",\"publisher\":{\"@id\":\"https:\\\/\\\/www.smartbox.com\\\/fr\\\/blog\\\/#organization\"},\"potentialAction\":[{\"@type\":\"SearchAction\",\"target\":{\"@type\":\"EntryPoint\",\"urlTemplate\":\"https:\\\/\\\/www.smartbox.com\\\/fr\\\/blog\\\/?s={search_term_string}\"},\"query-input\":{\"@type\":\"PropertyValueSpecification\",\"valueRequired\":true,\"valueName\":\"search_term_string\"}}],\"inLanguage\":\"fr-FR\"},{\"@type\":\"Organization\",\"@id\":\"https:\\\/\\\/www.smartbox.com\\\/fr\\\/blog\\\/#organization\",\"name\":\"Smartbox\",\"url\":\"https:\\\/\\\/www.smartbox.com\\\/fr\\\/blog\\\/\",\"logo\":{\"@type\":\"ImageObject\",\"inLanguage\":\"fr-FR\",\"@id\":\"https:\\\/\\\/www.smartbox.com\\\/fr\\\/blog\\\/#\\\/schema\\\/logo\\\/image\\\/\",\"url\":\"https:\\\/\\\/digital.sbxtest.net\\\/fr\\\/blog\\\/wp-content\\\/uploads\\\/2022\\\/04\\\/LOGO-CH-FR-BLOG.svg\",\"contentUrl\":\"https:\\\/\\\/digital.sbxtest.net\\\/fr\\\/blog\\\/wp-content\\\/uploads\\\/2022\\\/04\\\/LOGO-CH-FR-BLOG.svg\",\"width\":1,\"height\":1,\"caption\":\"Smartbox\"},\"image\":{\"@id\":\"https:\\\/\\\/www.smartbox.com\\\/fr\\\/blog\\\/#\\\/schema\\\/logo\\\/image\\\/\"}},{\"@type\":\"Person\",\"@id\":\"https:\\\/\\\/www.smartbox.com\\\/fr\\\/blog\\\/#\\\/schema\\\/person\\\/0def93adb00e53abc58b626f646950ac\",\"name\":\"Pauline\",\"image\":{\"@type\":\"ImageObject\",\"inLanguage\":\"fr-FR\",\"@id\":\"https:\\\/\\\/secure.gravatar.com\\\/avatar\\\/de247de632eb1e17a9350d47148b33d6ef1bc46bdb2bbb993587895eaa66d4b5?s=96&d=mm&r=g\",\"url\":\"https:\\\/\\\/secure.gravatar.com\\\/avatar\\\/de247de632eb1e17a9350d47148b33d6ef1bc46bdb2bbb993587895eaa66d4b5?s=96&d=mm&r=g\",\"contentUrl\":\"https:\\\/\\\/secure.gravatar.com\\\/avatar\\\/de247de632eb1e17a9350d47148b33d6ef1bc46bdb2bbb993587895eaa66d4b5?s=96&d=mm&r=g\",\"caption\":\"Pauline\"}}]}<\/script>\n<!-- \/ Yoast SEO Premium plugin. -->","yoast_head_json":{"title":"Voyage en France - 5 destinations o\u00f9 partir en Septembre !","description":"Vous aussi vous allez opter pour un beau voyage en France cette ann\u00e9e ? Alors d\u00e9couvrez les plus beaux coins o\u00f9 partir en septembre en France !","robots":{"index":"index","follow":"follow","max-snippet":"max-snippet:-1","max-image-preview":"max-image-preview:large","max-video-preview":"max-video-preview:-1"},"canonical":"https:\/\/www.smartbox.com\/fr\/blog\/ou-partir-en-septembre-en-france\/","og_locale":"fr_FR","og_type":"article","og_title":"Voyage en France - 5 destinations o\u00f9 partir en Septembre !","og_description":"Vous aussi vous allez opter pour un beau voyage en France cette ann\u00e9e ? Alors d\u00e9couvrez les plus beaux coins o\u00f9 partir en septembre en France !","og_url":"https:\/\/www.smartbox.com\/fr\/blog\/ou-partir-en-septembre-en-france\/","og_site_name":"France","article_published_time":"2023-08-02T10:11:00+00:00","article_modified_time":"2023-08-02T14:41:25+00:00","og_image":[{"width":1432,"height":951,"url":"https:\/\/www.smartbox.com\/fr\/blog\/wp-content\/uploads\/2020\/05\/ou-partir-en-septembre.jpg","type":"image\/jpeg"}],"author":"Pauline","twitter_card":"summary_large_image","twitter_misc":{"\u00c9crit par":"Pauline","Dur\u00e9e de lecture estim\u00e9e":"6 minutes"},"schema":{"@context":"https:\/\/schema.org","@graph":[{"@type":"Article","@id":"https:\/\/www.smartbox.com\/fr\/blog\/ou-partir-en-septembre-en-france\/#article","isPartOf":{"@id":"https:\/\/www.smartbox.com\/fr\/blog\/ou-partir-en-septembre-en-france\/"},"author":{"name":"Pauline","@id":"https:\/\/www.smartbox.com\/fr\/blog\/#\/schema\/person\/0def93adb00e53abc58b626f646950ac"},"headline":"Voyage en France &#8211; O\u00f9 partir en septembre ?","datePublished":"2023-08-02T10:11:00+00:00","dateModified":"2023-08-02T14:41:25+00:00","mainEntityOfPage":{"@id":"https:\/\/www.smartbox.com\/fr\/blog\/ou-partir-en-septembre-en-france\/"},"wordCount":1116,"publisher":{"@id":"https:\/\/www.smartbox.com\/fr\/blog\/#organization"},"image":{"@id":"https:\/\/www.smartbox.com\/fr\/blog\/ou-partir-en-septembre-en-france\/#primaryimage"},"thumbnailUrl":"https:\/\/www.smartbox.com\/fr\/blog\/wp-content\/uploads\/2020\/05\/ou-partir-en-septembre.jpg","keywords":["Provence","Toulouse","Id\u00e9es de voyage","Nature","France","Voyage en France"],"articleSection":["Voyages"],"inLanguage":"fr-FR"},{"@type":"WebPage","@id":"https:\/\/www.smartbox.com\/fr\/blog\/ou-partir-en-septembre-en-france\/","url":"https:\/\/www.smartbox.com\/fr\/blog\/ou-partir-en-septembre-en-france\/","name":"Voyage en France - 5 destinations o\u00f9 partir en Septembre !","isPartOf":{"@id":"https:\/\/www.smartbox.com\/fr\/blog\/#website"},"primaryImageOfPage":{"@id":"https:\/\/www.smartbox.com\/fr\/blog\/ou-partir-en-septembre-en-france\/#primaryimage"},"image":{"@id":"https:\/\/www.smartbox.com\/fr\/blog\/ou-partir-en-septembre-en-france\/#primaryimage"},"thumbnailUrl":"https:\/\/www.smartbox.com\/fr\/blog\/wp-content\/uploads\/2020\/05\/ou-partir-en-septembre.jpg","datePublished":"2023-08-02T10:11:00+00:00","dateModified":"2023-08-02T14:41:25+00:00","description":"Vous aussi vous allez opter pour un beau voyage en France cette ann\u00e9e ? Alors d\u00e9couvrez les plus beaux coins o\u00f9 partir en septembre en France !","inLanguage":"fr-FR","potentialAction":[{"@type":"ReadAction","target":["https:\/\/www.smartbox.com\/fr\/blog\/ou-partir-en-septembre-en-france\/"]}]},{"@type":"ImageObject","inLanguage":"fr-FR","@id":"https:\/\/www.smartbox.com\/fr\/blog\/ou-partir-en-septembre-en-france\/#primaryimage","url":"https:\/\/www.smartbox.com\/fr\/blog\/wp-content\/uploads\/2020\/05\/ou-partir-en-septembre.jpg","contentUrl":"https:\/\/www.smartbox.com\/fr\/blog\/wp-content\/uploads\/2020\/05\/ou-partir-en-septembre.jpg","width":1432,"height":951,"caption":"O\u00f9 partir en septembre en France"},{"@type":"WebSite","@id":"https:\/\/www.smartbox.com\/fr\/blog\/#website","url":"https:\/\/www.smartbox.com\/fr\/blog\/","name":"France","description":"","publisher":{"@id":"https:\/\/www.smartbox.com\/fr\/blog\/#organization"},"potentialAction":[{"@type":"SearchAction","target":{"@type":"EntryPoint","urlTemplate":"https:\/\/www.smartbox.com\/fr\/blog\/?s={search_term_string}"},"query-input":{"@type":"PropertyValueSpecification","valueRequired":true,"valueName":"search_term_string"}}],"inLanguage":"fr-FR"},{"@type":"Organization","@id":"https:\/\/www.smartbox.com\/fr\/blog\/#organization","name":"Smartbox","url":"https:\/\/www.smartbox.com\/fr\/blog\/","logo":{"@type":"ImageObject","inLanguage":"fr-FR","@id":"https:\/\/www.smartbox.com\/fr\/blog\/#\/schema\/logo\/image\/","url":"https:\/\/digital.sbxtest.net\/fr\/blog\/wp-content\/uploads\/2022\/04\/LOGO-CH-FR-BLOG.svg","contentUrl":"https:\/\/digital.sbxtest.net\/fr\/blog\/wp-content\/uploads\/2022\/04\/LOGO-CH-FR-BLOG.svg","width":1,"height":1,"caption":"Smartbox"},"image":{"@id":"https:\/\/www.smartbox.com\/fr\/blog\/#\/schema\/logo\/image\/"}},{"@type":"Person","@id":"https:\/\/www.smartbox.com\/fr\/blog\/#\/schema\/person\/0def93adb00e53abc58b626f646950ac","name":"Pauline","image":{"@type":"ImageObject","inLanguage":"fr-FR","@id":"https:\/\/secure.gravatar.com\/avatar\/de247de632eb1e17a9350d47148b33d6ef1bc46bdb2bbb993587895eaa66d4b5?s=96&d=mm&r=g","url":"https:\/\/secure.gravatar.com\/avatar\/de247de632eb1e17a9350d47148b33d6ef1bc46bdb2bbb993587895eaa66d4b5?s=96&d=mm&r=g","contentUrl":"https:\/\/secure.gravatar.com\/avatar\/de247de632eb1e17a9350d47148b33d6ef1bc46bdb2bbb993587895eaa66d4b5?s=96&d=mm&r=g","caption":"Pauline"}}]}},"amp_enabled":true,"_links":{"self":[{"href":"https:\/\/www.smartbox.com\/fr\/blog\/wp-json\/wp\/v2\/posts\/11979","targetHints":{"allow":["GET"]}}],"collection":[{"href":"https:\/\/www.smartbox.com\/fr\/blog\/wp-json\/wp\/v2\/posts"}],"about":[{"href":"https:\/\/www.smartbox.com\/fr\/blog\/wp-json\/wp\/v2\/types\/post"}],"author":[{"embeddable":true,"href":"https:\/\/www.smartbox.com\/fr\/blog\/wp-json\/wp\/v2\/users\/21"}],"replies":[{"embeddable":true,"href":"https:\/\/www.smartbox.com\/fr\/blog\/wp-json\/wp\/v2\/comments?post=11979"}],"version-history":[{"count":2,"href":"https:\/\/www.smartbox.com\/fr\/blog\/wp-json\/wp\/v2\/posts\/11979\/revisions"}],"predecessor-version":[{"id":57302,"href":"https:\/\/www.smartbox.com\/fr\/blog\/wp-json\/wp\/v2\/posts\/11979\/revisions\/57302"}],"wp:featuredmedia":[{"embeddable":true,"href":"https:\/\/www.smartbox.com\/fr\/blog\/wp-json\/wp\/v2\/media\/11985"}],"wp:attachment":[{"href":"https:\/\/www.smartbox.com\/fr\/blog\/wp-json\/wp\/v2\/media?parent=11979"}],"wp:term":[{"taxonomy":"category","embeddable":true,"href":"https:\/\/www.smartbox.com\/fr\/blog\/wp-json\/wp\/v2\/categories?post=11979"},{"taxonomy":"post_tag","embeddable":true,"href":"https:\/\/www.smartbox.com\/fr\/blog\/wp-json\/wp\/v2\/tags?post=11979"}],"curies":[{"name":"wp","href":"https:\/\/api.w.org\/{rel}","templated":true}]}}