{"id":11324,"date":"2019-11-27T11:38:40","date_gmt":"2019-11-27T11:38:40","guid":{"rendered":"https:\/\/www.smartbox.com\/fr\/blog\/?p=11324"},"modified":"2022-06-07T11:38:16","modified_gmt":"2022-06-07T10:38:16","slug":"ou-partir-en-decembre-en-france","status":"publish","type":"post","link":"https:\/\/www.smartbox.com\/fr\/blog\/ou-partir-en-decembre-en-france\/","title":{"rendered":"Vacances de No\u00ebl &#8211; O\u00f9 partir en D\u00e9cembre en France ?"},"content":{"rendered":"\n<p>Dans cette\ns\u00e9lection de <strong>destinations o\u00f9 partir en\nd\u00e9cembre en France<\/strong>, vous retrouverez bien s\u00fbr des <strong>march\u00e9s de No\u00ebl <\/strong>qui \u00e9merveillent, des <strong>sp\u00e9cialit\u00e9s culinaires hivernales<\/strong> qui r\u00e9chauffent, des activit\u00e9s\nqui reboostent et d\u2019autres qui font \u00e9carquiller les yeux, <strong>des endroits douillets<\/strong> et d\u2019autres \u00e9poustouflants. <\/p>\n\n\n\n<p>Bref, vous\ntrouverez forc\u00e9ment le lieu parfait pour passer <strong>vos vacances de No\u00ebl<\/strong> ou peut-\u00eatre m\u00eame pour <strong>vous \u00e9chapper en janvier<\/strong> pour d\u00e9buter l\u2019ann\u00e9e 2020 sous le signe de\nl\u2019\u00e9vasion&nbsp;! <\/p>\n\n\n\n<p>Pr\u00e9parez vos gants, embarquez votre bonnet, pr\u00e9voyez de la place sur votre appareil photo, c\u2019est parti pour <strong>de belles vacances en ce mois de d\u00e9cembre<\/strong>.<\/p>\n\n\n\n<p><strong><a class=\"rel-pdt-btn\" href=\"https:\/\/www.smartbox.com\/fr\/activites-par-region-en-france\/\" rel=\"noopener noreferrer\"> O\u00f9 partir en D\u00e9cembre ?<\/a><\/strong><\/p>\n\n\n\n<h2 class=\"wp-block-heading\" id=\"h-ou-partir-en-decembre-en-france-en-2019\"><strong>O\u00f9 partir en d\u00e9cembre&nbsp;en France en 2019 ? <\/strong><\/h2>\n\n\n\n<h3 class=\"wp-block-heading\" id=\"h-des-vacances-de-noel-2019-a-paris\"><strong>Des vacances de No\u00ebl 2019 \u00e0 Paris&nbsp;: <\/strong><\/h3>\n\n\n\n<p>Si Paris est une\nf\u00eate, la capitale l\u2019est d\u2019autant plus quand vient la fin de l\u2019ann\u00e9e. Les\nmagasins des grandes avenues se parent de leurs plus belles couleurs pour\noffrir \u00e0 nos yeux \u00e9bahis des \u00e9crins somptueux. <\/p>\n\n\n\n<p>Plus qu\u2019un plaisir pour les yeux, toutes ces lumi\u00e8res et cet univers de f\u00eate nous embarquent dans une atmosph\u00e8re si unique \u00e0 Paris.<\/p>\n\n\n<div class=\"wp-block-image\">\n<figure class=\"aligncenter size-full\"><a href=\"https:\/\/www.smartbox.com\/fr\/paris-et-ile-de-france\/\"><img loading=\"lazy\" decoding=\"async\" width=\"2000\" height=\"1333\" src=\"https:\/\/www.smartbox.com\/fr\/blog\/wp-content\/uploads\/sites\/6\/2019\/11\/ou-partir-en-decembre.jpg\" alt=\"\" class=\"wp-image-11325\" srcset=\"https:\/\/www.smartbox.com\/fr\/blog\/wp-content\/uploads\/2019\/11\/ou-partir-en-decembre.jpg 2000w, https:\/\/www.smartbox.com\/fr\/blog\/wp-content\/uploads\/2019\/11\/ou-partir-en-decembre-300x200.jpg 300w, https:\/\/www.smartbox.com\/fr\/blog\/wp-content\/uploads\/2019\/11\/ou-partir-en-decembre-1024x682.jpg 1024w, https:\/\/www.smartbox.com\/fr\/blog\/wp-content\/uploads\/2019\/11\/ou-partir-en-decembre-768x512.jpg 768w, https:\/\/www.smartbox.com\/fr\/blog\/wp-content\/uploads\/2019\/11\/ou-partir-en-decembre-1536x1024.jpg 1536w\" sizes=\"auto, (max-width: 2000px) 100vw, 2000px\" \/><\/a><figcaption>Vacances de No\u00ebl \u00e0 Paris<\/figcaption><\/figure>\n<\/div>\n\n\n<p>On se d\u00e9lecte de bretzels sur le march\u00e9 de No\u00ebl de la D\u00e9fense, on fait un tour sur la grande roue en poussant des \u00ab&nbsp;Oooh&nbsp;\u00bb et des \u00ab&nbsp;Aaaah&nbsp;\u00bb pendant toute la dur\u00e9e de l\u2019attraction et on prend plaisir \u00e0 retrouver la chaleur d\u2019une brasserie parisienne pour y d\u00e9guster une soupe \u00e0 l\u2019oignon bien chaude. <\/p>\n\n\n\n<p>Autant vous dire que passer ses vacances de No\u00ebl 2019 \u00e0 Paris, c\u2019est la promesse de souvenirs&nbsp;magiques ! <\/p>\n\n\n\n<p><strong><a class=\"rel-pdt-btn\" href=\"https:\/\/www.smartbox.com\/fr\/paris-et-ile-de-france\/\" rel=\"noopener noreferrer\">Paris est une f\u00eate<\/a><\/strong><\/p>\n\n\n\n<h3 class=\"wp-block-heading\" id=\"h-un-sejour-a-lyon-pour-sa-fete-des-lumieres\"><strong>Un s\u00e9jour \u00e0 Lyon pour sa F\u00eate des Lumi\u00e8res&nbsp;:<\/strong><\/h3>\n\n\n\n<p>Comment faire une\ns\u00e9lection des meilleurs endroits o\u00f9 aller en d\u00e9cembre en France sans mentionner\nl\u2019incontournable F\u00eate des Lumi\u00e8res&nbsp;? Cela n\u2019est pas envisageable, on vous\nl\u2019accorde&nbsp;!<\/p>\n\n\n\n<p>Car s\u2019il y a bien\nune ville qu\u2019il faut voir s\u2019illuminer quand viennent les f\u00eates de fin d\u2019ann\u00e9e, c\u2019est\nbien la Capitale des Gaules. <\/p>\n\n\n\n<p>Si Lyon et sa\nF\u00eate des Lumi\u00e8res attirent chaque ann\u00e9e des millions de visiteurs c\u2019est parce\nque le spectacle est largement \u00e0 la hauteur. Des b\u00e2timents embl\u00e9matiques de la\nville dont les fa\u00e7ades deviennent le th\u00e9\u00e2tre de magnifiques animations, aux\ninstallations \u00e0 d\u00e9couvrir \u00e7a et l\u00e0 dans les ruelles de la cit\u00e9, c\u2019est un\n\u00e9v\u00e9nement immanquable de la fin d\u2019ann\u00e9e. <\/p>\n\n\n\n<p>Un \u00e9v\u00e9nement\nqu\u2019il faut vivre au moins une fois dans sa vie. Alors si vous ne savez pas o\u00f9\npartir en d\u00e9cembre en France, vous venez tout juste de trouver l\u2019id\u00e9e\nid\u00e9ale&nbsp;! <\/p>\n\n\n\n<p><strong>Info pratique : <\/strong>la F\u00eate des Lumi\u00e8res se d\u00e9roulera \u00e0 Lyon du 5 au 8 d\u00e9cembre 2019 <\/p>\n\n\n\n<p><strong><a class=\"rel-pdt-btn\" href=\"https:\/\/www.smartbox.com\/fr\/nos-smartbox\/sejour\/sejour-a-lyon-1129227.html\" rel=\"noopener noreferrer\">A la d\u00e9couverte de Lyon<\/a><\/strong><\/p>\n\n\n\n<h3 class=\"wp-block-heading\" id=\"h-des-vacances-enneigees-dans-les-alpes-ou-les-pyrenees\"><strong>Des vacances enneig\u00e9es dans les Alpes ou les\nPyr\u00e9n\u00e9es :<\/strong><\/h3>\n\n\n\n<p>Qu\u2019y a-t-il de\nplus f\u00e9\u00e9rique que des vacances dans un d\u00e9cor montagneux qui se couvre de son\nmanteau blanc&nbsp;? Pour nous c\u2019est certainement l\u2019univers le plus magique\ndans lequel on puisse passer des vacances en d\u00e9cembre ou janvier. <\/p>\n\n\n<div class=\"wp-block-image\">\n<figure class=\"aligncenter size-full\"><a href=\"https:\/\/www.smartbox.com\/fr\/nos-smartbox\/sport-et-aventure\/aventures-dans-les-alpes-545987.html\"><img loading=\"lazy\" decoding=\"async\" width=\"2000\" height=\"1265\" src=\"https:\/\/www.smartbox.com\/fr\/blog\/wp-content\/uploads\/sites\/6\/2019\/11\/ou-voyager-en-decembre.jpg\" alt=\"\" class=\"wp-image-11328\" srcset=\"https:\/\/www.smartbox.com\/fr\/blog\/wp-content\/uploads\/2019\/11\/ou-voyager-en-decembre.jpg 2000w, https:\/\/www.smartbox.com\/fr\/blog\/wp-content\/uploads\/2019\/11\/ou-voyager-en-decembre-300x190.jpg 300w, https:\/\/www.smartbox.com\/fr\/blog\/wp-content\/uploads\/2019\/11\/ou-voyager-en-decembre-1024x648.jpg 1024w, https:\/\/www.smartbox.com\/fr\/blog\/wp-content\/uploads\/2019\/11\/ou-voyager-en-decembre-768x486.jpg 768w, https:\/\/www.smartbox.com\/fr\/blog\/wp-content\/uploads\/2019\/11\/ou-voyager-en-decembre-1536x972.jpg 1536w\" sizes=\"auto, (max-width: 2000px) 100vw, 2000px\" \/><\/a><figcaption>En d\u00e9cembre, les vacances c&rsquo;est \u00e0 la montagne !<\/figcaption><\/figure>\n<\/div>\n\n\n<p>Ajoutez \u00e0 cela\ndes mets hautement gourmands et authentiques, tels que la raclette, la\ntartiflette, le vin chaud, la fondue au chocolat et les marrons chauds et vous\navez les vacances de No\u00ebl r\u00eav\u00e9es ! <\/p>\n\n\n\n<p>Puis avec des activit\u00e9s qui combleront les adeptes de pistes enneig\u00e9es (ski alpin, snowboard\u2026) comme ceux qui souhaitent profiter de leurs vacances pour se reposer (spa, massages\u2026) et ceux qui veulent vivre des sensations fortes (<a href=\"https:\/\/www.smartbox.com\/fr\/blog\/ou-faire-votre-bapteme-helicoptere\/\">vol en h\u00e9licopt\u00e8re au-dessus des sommets<\/a>, <a href=\"https:\/\/www.smartbox.com\/fr\/blog\/sports-d-hiver-sensations-fortes\/\">conduite sur glace<\/a>\u2026), tout le monde trouvera forc\u00e9ment son bonheur lors de vacances \u00e0 la montagne&nbsp;!<\/p>\n\n\n\n<p><strong><a class=\"rel-pdt-btn\" href=\"https:\/\/www.smartbox.com\/fr\/nos-smartbox\/sport-et-aventure\/aventures-dans-les-alpes-545987.html\" rel=\"noopener noreferrer\"> Aventures dans les Alpes<\/a><\/strong><\/p>\n\n\n\n<h3 class=\"wp-block-heading\" id=\"h-un-week-end-sur-la-cote-basque-entre-gastronomie-locale-et-balades-oceanes\"><strong>Un week-end sur la C\u00f4te Basque entre gastronomie locale\net balades oc\u00e9anes :<\/strong><\/h3>\n\n\n\n<p>M\u00eame si l\u2019on\npense plus facilement \u00e0 la c\u00f4te basque en tant que destination estivale, c\u2019est un\ncoin de France qui renferme de nombreuses r\u00e9jouissances pour des vacances\nd\u2019hiver. <\/p>\n\n\n\n<p>Si vous aimez les\nbalades sur la c\u00f4te lorsque celle-ci est d\u00e9sert\u00e9e, vous allez \u00eatre combl\u00e9(e). La\nbrise marine, les plages immacul\u00e9es, les ambiances hivernales\u2026 C\u2019est un tout\nautre visage que vous offre le Pays Basque en hiver. <\/p>\n\n\n\n<p>Apr\u00e8s une bonne\nbalade matinale le long de l\u2019oc\u00e9an pour faire le plein d\u2019\u00e9nergie, les meilleures\nsp\u00e9cialit\u00e9s basques vous attendront pour un repas de f\u00eate. <\/p>\n\n\n\n<p>Jambon de\nBayonne, poulet basquaise, piperade, brebis basque\u2026 Que demander de plus pour\npasser de belles vacances de No\u00ebl en famille ou entre amis&nbsp;?<\/p>\n\n\n\n<blockquote class=\"wp-block-quote is-layout-flow wp-block-quote-is-layout-flow\"><p><strong>A lire aussi&nbsp;: <\/strong><a href=\"https:\/\/www.smartbox.com\/fr\/blog\/plus-beaux-marches-de-noel-france\/\"><strong>S\u00e9lection des plus beaux march\u00e9s de No\u00ebl en France<\/strong><\/a><\/p><\/blockquote>\n\n\n\n<p><em>L\u2019abus d\u2019alcool est dangereux pour la sant\u00e9, \u00e0 consommer avec mod\u00e9ration<\/em><\/p>\n","protected":false},"excerpt":{"rendered":"<p>Dans cette s\u00e9lection de destinations o\u00f9 partir en d\u00e9cembre en France, vous retrouverez bien s\u00fbr des march\u00e9s de No\u00ebl qui \u00e9merveillent, des sp\u00e9cialit\u00e9s culinaires hivernales qui r\u00e9chauffent, des activit\u00e9s qui reboostent et d\u2019autres qui font \u00e9carquiller les yeux, des endroits douillets et d\u2019autres \u00e9poustouflants. Bref, vous trouverez forc\u00e9ment le lieu parfait pour passer vos vacances [&hellip;]<\/p>\n","protected":false},"author":21,"featured_media":11327,"comment_status":"closed","ping_status":"closed","sticky":false,"template":"","format":"standard","meta":{"_acf_changed":false,"footnotes":""},"categories":[48],"tags":[3349,155,291,527,1887,3336,3348],"class_list":["post-11324","post","type-post","status-publish","format-standard","has-post-thumbnail","hentry","category-voyages","tag-cote-basque","tag-paris","tag-lyon","tag-idees-de-voyage","tag-hiver","tag-france","tag-montagne"],"acf":[],"yoast_head":"<!-- This site is optimized with the Yoast SEO Premium plugin v21.7 (Yoast SEO v27.4) - https:\/\/yoast.com\/product\/yoast-seo-premium-wordpress\/ -->\n<title>O\u00f9 partir en D\u00e9cembre en France ? - Vacances de No\u00ebl 2019<\/title>\n<meta name=\"description\" content=\"Une destination enneig\u00e9e ou plut\u00f4t urbaine mais hautement f\u00e9\u00e9rique ? On vous donne de belles id\u00e9es d\u2019endroits o\u00f9 partir en d\u00e9cembre 2019 !\" \/>\n<meta name=\"robots\" content=\"index, follow, max-snippet:-1, max-image-preview:large, max-video-preview:-1\" \/>\n<link rel=\"canonical\" href=\"https:\/\/www.smartbox.com\/fr\/blog\/ou-partir-en-decembre-en-france\/\" \/>\n<meta property=\"og:locale\" content=\"fr_FR\" \/>\n<meta property=\"og:type\" content=\"article\" \/>\n<meta property=\"og:title\" content=\"O\u00f9 partir en D\u00e9cembre en France ? - Vacances de No\u00ebl 2019\" \/>\n<meta property=\"og:description\" content=\"Une destination enneig\u00e9e ou plut\u00f4t urbaine mais hautement f\u00e9\u00e9rique ? On vous donne de belles id\u00e9es d\u2019endroits o\u00f9 partir en d\u00e9cembre 2019 !\" \/>\n<meta property=\"og:url\" content=\"https:\/\/www.smartbox.com\/fr\/blog\/ou-partir-en-decembre-en-france\/\" \/>\n<meta property=\"og:site_name\" content=\"France\" \/>\n<meta property=\"article:published_time\" content=\"2019-11-27T11:38:40+00:00\" \/>\n<meta property=\"article:modified_time\" content=\"2022-06-07T10:38:16+00:00\" \/>\n<meta property=\"og:image\" content=\"https:\/\/www.smartbox.com\/fr\/blog\/wp-content\/uploads\/2019\/11\/ou-aller-en-decembre.jpg\" \/>\n\t<meta property=\"og:image:width\" content=\"2000\" \/>\n\t<meta property=\"og:image:height\" content=\"1333\" \/>\n\t<meta property=\"og:image:type\" content=\"image\/jpeg\" \/>\n<meta name=\"author\" content=\"Pauline\" \/>\n<meta name=\"twitter:card\" content=\"summary_large_image\" \/>\n<meta name=\"twitter:label1\" content=\"\u00c9crit par\" \/>\n\t<meta name=\"twitter:data1\" content=\"Pauline\" \/>\n\t<meta name=\"twitter:label2\" content=\"Dur\u00e9e de lecture estim\u00e9e\" \/>\n\t<meta name=\"twitter:data2\" content=\"5 minutes\" \/>\n<script type=\"application\/ld+json\" class=\"yoast-schema-graph\">{\"@context\":\"https:\\\/\\\/schema.org\",\"@graph\":[{\"@type\":\"Article\",\"@id\":\"https:\\\/\\\/www.smartbox.com\\\/fr\\\/blog\\\/ou-partir-en-decembre-en-france\\\/#article\",\"isPartOf\":{\"@id\":\"https:\\\/\\\/www.smartbox.com\\\/fr\\\/blog\\\/ou-partir-en-decembre-en-france\\\/\"},\"author\":{\"name\":\"Pauline\",\"@id\":\"https:\\\/\\\/www.smartbox.com\\\/fr\\\/blog\\\/#\\\/schema\\\/person\\\/0def93adb00e53abc58b626f646950ac\"},\"headline\":\"Vacances de No\u00ebl &#8211; O\u00f9 partir en D\u00e9cembre en France ?\",\"datePublished\":\"2019-11-27T11:38:40+00:00\",\"dateModified\":\"2022-06-07T10:38:16+00:00\",\"mainEntityOfPage\":{\"@id\":\"https:\\\/\\\/www.smartbox.com\\\/fr\\\/blog\\\/ou-partir-en-decembre-en-france\\\/\"},\"wordCount\":871,\"publisher\":{\"@id\":\"https:\\\/\\\/www.smartbox.com\\\/fr\\\/blog\\\/#organization\"},\"image\":{\"@id\":\"https:\\\/\\\/www.smartbox.com\\\/fr\\\/blog\\\/ou-partir-en-decembre-en-france\\\/#primaryimage\"},\"thumbnailUrl\":\"https:\\\/\\\/www.smartbox.com\\\/fr\\\/blog\\\/wp-content\\\/uploads\\\/2019\\\/11\\\/ou-aller-en-decembre.jpg\",\"keywords\":[\"C\u00f4te Basque\",\"Paris\",\"Lyon\",\"Id\u00e9es de voyage\",\"Hiver\",\"France\",\"Montagne\"],\"articleSection\":[\"Voyages\"],\"inLanguage\":\"fr-FR\"},{\"@type\":\"WebPage\",\"@id\":\"https:\\\/\\\/www.smartbox.com\\\/fr\\\/blog\\\/ou-partir-en-decembre-en-france\\\/\",\"url\":\"https:\\\/\\\/www.smartbox.com\\\/fr\\\/blog\\\/ou-partir-en-decembre-en-france\\\/\",\"name\":\"O\u00f9 partir en D\u00e9cembre en France ? - Vacances de No\u00ebl 2019\",\"isPartOf\":{\"@id\":\"https:\\\/\\\/www.smartbox.com\\\/fr\\\/blog\\\/#website\"},\"primaryImageOfPage\":{\"@id\":\"https:\\\/\\\/www.smartbox.com\\\/fr\\\/blog\\\/ou-partir-en-decembre-en-france\\\/#primaryimage\"},\"image\":{\"@id\":\"https:\\\/\\\/www.smartbox.com\\\/fr\\\/blog\\\/ou-partir-en-decembre-en-france\\\/#primaryimage\"},\"thumbnailUrl\":\"https:\\\/\\\/www.smartbox.com\\\/fr\\\/blog\\\/wp-content\\\/uploads\\\/2019\\\/11\\\/ou-aller-en-decembre.jpg\",\"datePublished\":\"2019-11-27T11:38:40+00:00\",\"dateModified\":\"2022-06-07T10:38:16+00:00\",\"description\":\"Une destination enneig\u00e9e ou plut\u00f4t urbaine mais hautement f\u00e9\u00e9rique ? On vous donne de belles id\u00e9es d\u2019endroits o\u00f9 partir en d\u00e9cembre 2019 !\",\"inLanguage\":\"fr-FR\",\"potentialAction\":[{\"@type\":\"ReadAction\",\"target\":[\"https:\\\/\\\/www.smartbox.com\\\/fr\\\/blog\\\/ou-partir-en-decembre-en-france\\\/\"]}]},{\"@type\":\"ImageObject\",\"inLanguage\":\"fr-FR\",\"@id\":\"https:\\\/\\\/www.smartbox.com\\\/fr\\\/blog\\\/ou-partir-en-decembre-en-france\\\/#primaryimage\",\"url\":\"https:\\\/\\\/www.smartbox.com\\\/fr\\\/blog\\\/wp-content\\\/uploads\\\/2019\\\/11\\\/ou-aller-en-decembre.jpg\",\"contentUrl\":\"https:\\\/\\\/www.smartbox.com\\\/fr\\\/blog\\\/wp-content\\\/uploads\\\/2019\\\/11\\\/ou-aller-en-decembre.jpg\",\"width\":2000,\"height\":1333,\"caption\":\"O\u00f9 aller en d\u00e9cembre\"},{\"@type\":\"WebSite\",\"@id\":\"https:\\\/\\\/www.smartbox.com\\\/fr\\\/blog\\\/#website\",\"url\":\"https:\\\/\\\/www.smartbox.com\\\/fr\\\/blog\\\/\",\"name\":\"France\",\"description\":\"\",\"publisher\":{\"@id\":\"https:\\\/\\\/www.smartbox.com\\\/fr\\\/blog\\\/#organization\"},\"potentialAction\":[{\"@type\":\"SearchAction\",\"target\":{\"@type\":\"EntryPoint\",\"urlTemplate\":\"https:\\\/\\\/www.smartbox.com\\\/fr\\\/blog\\\/?s={search_term_string}\"},\"query-input\":{\"@type\":\"PropertyValueSpecification\",\"valueRequired\":true,\"valueName\":\"search_term_string\"}}],\"inLanguage\":\"fr-FR\"},{\"@type\":\"Organization\",\"@id\":\"https:\\\/\\\/www.smartbox.com\\\/fr\\\/blog\\\/#organization\",\"name\":\"Smartbox\",\"url\":\"https:\\\/\\\/www.smartbox.com\\\/fr\\\/blog\\\/\",\"logo\":{\"@type\":\"ImageObject\",\"inLanguage\":\"fr-FR\",\"@id\":\"https:\\\/\\\/www.smartbox.com\\\/fr\\\/blog\\\/#\\\/schema\\\/logo\\\/image\\\/\",\"url\":\"https:\\\/\\\/digital.sbxtest.net\\\/fr\\\/blog\\\/wp-content\\\/uploads\\\/2022\\\/04\\\/LOGO-CH-FR-BLOG.svg\",\"contentUrl\":\"https:\\\/\\\/digital.sbxtest.net\\\/fr\\\/blog\\\/wp-content\\\/uploads\\\/2022\\\/04\\\/LOGO-CH-FR-BLOG.svg\",\"width\":1,\"height\":1,\"caption\":\"Smartbox\"},\"image\":{\"@id\":\"https:\\\/\\\/www.smartbox.com\\\/fr\\\/blog\\\/#\\\/schema\\\/logo\\\/image\\\/\"}},{\"@type\":\"Person\",\"@id\":\"https:\\\/\\\/www.smartbox.com\\\/fr\\\/blog\\\/#\\\/schema\\\/person\\\/0def93adb00e53abc58b626f646950ac\",\"name\":\"Pauline\",\"image\":{\"@type\":\"ImageObject\",\"inLanguage\":\"fr-FR\",\"@id\":\"https:\\\/\\\/secure.gravatar.com\\\/avatar\\\/de247de632eb1e17a9350d47148b33d6ef1bc46bdb2bbb993587895eaa66d4b5?s=96&d=mm&r=g\",\"url\":\"https:\\\/\\\/secure.gravatar.com\\\/avatar\\\/de247de632eb1e17a9350d47148b33d6ef1bc46bdb2bbb993587895eaa66d4b5?s=96&d=mm&r=g\",\"contentUrl\":\"https:\\\/\\\/secure.gravatar.com\\\/avatar\\\/de247de632eb1e17a9350d47148b33d6ef1bc46bdb2bbb993587895eaa66d4b5?s=96&d=mm&r=g\",\"caption\":\"Pauline\"}}]}<\/script>\n<!-- \/ Yoast SEO Premium plugin. -->","yoast_head_json":{"title":"O\u00f9 partir en D\u00e9cembre en France ? - Vacances de No\u00ebl 2019","description":"Une destination enneig\u00e9e ou plut\u00f4t urbaine mais hautement f\u00e9\u00e9rique ? On vous donne de belles id\u00e9es d\u2019endroits o\u00f9 partir en d\u00e9cembre 2019 !","robots":{"index":"index","follow":"follow","max-snippet":"max-snippet:-1","max-image-preview":"max-image-preview:large","max-video-preview":"max-video-preview:-1"},"canonical":"https:\/\/www.smartbox.com\/fr\/blog\/ou-partir-en-decembre-en-france\/","og_locale":"fr_FR","og_type":"article","og_title":"O\u00f9 partir en D\u00e9cembre en France ? - Vacances de No\u00ebl 2019","og_description":"Une destination enneig\u00e9e ou plut\u00f4t urbaine mais hautement f\u00e9\u00e9rique ? On vous donne de belles id\u00e9es d\u2019endroits o\u00f9 partir en d\u00e9cembre 2019 !","og_url":"https:\/\/www.smartbox.com\/fr\/blog\/ou-partir-en-decembre-en-france\/","og_site_name":"France","article_published_time":"2019-11-27T11:38:40+00:00","article_modified_time":"2022-06-07T10:38:16+00:00","og_image":[{"width":2000,"height":1333,"url":"https:\/\/www.smartbox.com\/fr\/blog\/wp-content\/uploads\/2019\/11\/ou-aller-en-decembre.jpg","type":"image\/jpeg"}],"author":"Pauline","twitter_card":"summary_large_image","twitter_misc":{"\u00c9crit par":"Pauline","Dur\u00e9e de lecture estim\u00e9e":"5 minutes"},"schema":{"@context":"https:\/\/schema.org","@graph":[{"@type":"Article","@id":"https:\/\/www.smartbox.com\/fr\/blog\/ou-partir-en-decembre-en-france\/#article","isPartOf":{"@id":"https:\/\/www.smartbox.com\/fr\/blog\/ou-partir-en-decembre-en-france\/"},"author":{"name":"Pauline","@id":"https:\/\/www.smartbox.com\/fr\/blog\/#\/schema\/person\/0def93adb00e53abc58b626f646950ac"},"headline":"Vacances de No\u00ebl &#8211; O\u00f9 partir en D\u00e9cembre en France ?","datePublished":"2019-11-27T11:38:40+00:00","dateModified":"2022-06-07T10:38:16+00:00","mainEntityOfPage":{"@id":"https:\/\/www.smartbox.com\/fr\/blog\/ou-partir-en-decembre-en-france\/"},"wordCount":871,"publisher":{"@id":"https:\/\/www.smartbox.com\/fr\/blog\/#organization"},"image":{"@id":"https:\/\/www.smartbox.com\/fr\/blog\/ou-partir-en-decembre-en-france\/#primaryimage"},"thumbnailUrl":"https:\/\/www.smartbox.com\/fr\/blog\/wp-content\/uploads\/2019\/11\/ou-aller-en-decembre.jpg","keywords":["C\u00f4te Basque","Paris","Lyon","Id\u00e9es de voyage","Hiver","France","Montagne"],"articleSection":["Voyages"],"inLanguage":"fr-FR"},{"@type":"WebPage","@id":"https:\/\/www.smartbox.com\/fr\/blog\/ou-partir-en-decembre-en-france\/","url":"https:\/\/www.smartbox.com\/fr\/blog\/ou-partir-en-decembre-en-france\/","name":"O\u00f9 partir en D\u00e9cembre en France ? - Vacances de No\u00ebl 2019","isPartOf":{"@id":"https:\/\/www.smartbox.com\/fr\/blog\/#website"},"primaryImageOfPage":{"@id":"https:\/\/www.smartbox.com\/fr\/blog\/ou-partir-en-decembre-en-france\/#primaryimage"},"image":{"@id":"https:\/\/www.smartbox.com\/fr\/blog\/ou-partir-en-decembre-en-france\/#primaryimage"},"thumbnailUrl":"https:\/\/www.smartbox.com\/fr\/blog\/wp-content\/uploads\/2019\/11\/ou-aller-en-decembre.jpg","datePublished":"2019-11-27T11:38:40+00:00","dateModified":"2022-06-07T10:38:16+00:00","description":"Une destination enneig\u00e9e ou plut\u00f4t urbaine mais hautement f\u00e9\u00e9rique ? On vous donne de belles id\u00e9es d\u2019endroits o\u00f9 partir en d\u00e9cembre 2019 !","inLanguage":"fr-FR","potentialAction":[{"@type":"ReadAction","target":["https:\/\/www.smartbox.com\/fr\/blog\/ou-partir-en-decembre-en-france\/"]}]},{"@type":"ImageObject","inLanguage":"fr-FR","@id":"https:\/\/www.smartbox.com\/fr\/blog\/ou-partir-en-decembre-en-france\/#primaryimage","url":"https:\/\/www.smartbox.com\/fr\/blog\/wp-content\/uploads\/2019\/11\/ou-aller-en-decembre.jpg","contentUrl":"https:\/\/www.smartbox.com\/fr\/blog\/wp-content\/uploads\/2019\/11\/ou-aller-en-decembre.jpg","width":2000,"height":1333,"caption":"O\u00f9 aller en d\u00e9cembre"},{"@type":"WebSite","@id":"https:\/\/www.smartbox.com\/fr\/blog\/#website","url":"https:\/\/www.smartbox.com\/fr\/blog\/","name":"France","description":"","publisher":{"@id":"https:\/\/www.smartbox.com\/fr\/blog\/#organization"},"potentialAction":[{"@type":"SearchAction","target":{"@type":"EntryPoint","urlTemplate":"https:\/\/www.smartbox.com\/fr\/blog\/?s={search_term_string}"},"query-input":{"@type":"PropertyValueSpecification","valueRequired":true,"valueName":"search_term_string"}}],"inLanguage":"fr-FR"},{"@type":"Organization","@id":"https:\/\/www.smartbox.com\/fr\/blog\/#organization","name":"Smartbox","url":"https:\/\/www.smartbox.com\/fr\/blog\/","logo":{"@type":"ImageObject","inLanguage":"fr-FR","@id":"https:\/\/www.smartbox.com\/fr\/blog\/#\/schema\/logo\/image\/","url":"https:\/\/digital.sbxtest.net\/fr\/blog\/wp-content\/uploads\/2022\/04\/LOGO-CH-FR-BLOG.svg","contentUrl":"https:\/\/digital.sbxtest.net\/fr\/blog\/wp-content\/uploads\/2022\/04\/LOGO-CH-FR-BLOG.svg","width":1,"height":1,"caption":"Smartbox"},"image":{"@id":"https:\/\/www.smartbox.com\/fr\/blog\/#\/schema\/logo\/image\/"}},{"@type":"Person","@id":"https:\/\/www.smartbox.com\/fr\/blog\/#\/schema\/person\/0def93adb00e53abc58b626f646950ac","name":"Pauline","image":{"@type":"ImageObject","inLanguage":"fr-FR","@id":"https:\/\/secure.gravatar.com\/avatar\/de247de632eb1e17a9350d47148b33d6ef1bc46bdb2bbb993587895eaa66d4b5?s=96&d=mm&r=g","url":"https:\/\/secure.gravatar.com\/avatar\/de247de632eb1e17a9350d47148b33d6ef1bc46bdb2bbb993587895eaa66d4b5?s=96&d=mm&r=g","contentUrl":"https:\/\/secure.gravatar.com\/avatar\/de247de632eb1e17a9350d47148b33d6ef1bc46bdb2bbb993587895eaa66d4b5?s=96&d=mm&r=g","caption":"Pauline"}}]}},"amp_enabled":true,"_links":{"self":[{"href":"https:\/\/www.smartbox.com\/fr\/blog\/wp-json\/wp\/v2\/posts\/11324","targetHints":{"allow":["GET"]}}],"collection":[{"href":"https:\/\/www.smartbox.com\/fr\/blog\/wp-json\/wp\/v2\/posts"}],"about":[{"href":"https:\/\/www.smartbox.com\/fr\/blog\/wp-json\/wp\/v2\/types\/post"}],"author":[{"embeddable":true,"href":"https:\/\/www.smartbox.com\/fr\/blog\/wp-json\/wp\/v2\/users\/21"}],"replies":[{"embeddable":true,"href":"https:\/\/www.smartbox.com\/fr\/blog\/wp-json\/wp\/v2\/comments?post=11324"}],"version-history":[{"count":2,"href":"https:\/\/www.smartbox.com\/fr\/blog\/wp-json\/wp\/v2\/posts\/11324\/revisions"}],"predecessor-version":[{"id":55838,"href":"https:\/\/www.smartbox.com\/fr\/blog\/wp-json\/wp\/v2\/posts\/11324\/revisions\/55838"}],"wp:featuredmedia":[{"embeddable":true,"href":"https:\/\/www.smartbox.com\/fr\/blog\/wp-json\/wp\/v2\/media\/11327"}],"wp:attachment":[{"href":"https:\/\/www.smartbox.com\/fr\/blog\/wp-json\/wp\/v2\/media?parent=11324"}],"wp:term":[{"taxonomy":"category","embeddable":true,"href":"https:\/\/www.smartbox.com\/fr\/blog\/wp-json\/wp\/v2\/categories?post=11324"},{"taxonomy":"post_tag","embeddable":true,"href":"https:\/\/www.smartbox.com\/fr\/blog\/wp-json\/wp\/v2\/tags?post=11324"}],"curies":[{"name":"wp","href":"https:\/\/api.w.org\/{rel}","templated":true}]}}