{"id":10924,"date":"2019-09-25T12:18:37","date_gmt":"2019-09-25T11:18:37","guid":{"rendered":"https:\/\/www.smartbox.com\/fr\/blog\/?p=10924"},"modified":"2022-09-29T13:46:41","modified_gmt":"2022-09-29T12:46:41","slug":"ou-partir-a-la-toussaint","status":"publish","type":"post","link":"https:\/\/www.smartbox.com\/fr\/blog\/ou-partir-a-la-toussaint\/","title":{"rendered":"O\u00f9 partir \u00e0 la Toussaint pour passer de belles vacances ?"},"content":{"rendered":"\n<p>Pour ces <strong>vacances de la Toussaint<\/strong> afin de combler toutes les envies de voyages des amoureux d\u2019\u00e9vasions et de p\u00e9r\u00e9grinations, nous voyagerons ensemble dans cette s\u00e9lection dans <strong>des r\u00e9gions fran\u00e7aises et des contr\u00e9es plus lointaines. <\/strong><\/p>\n\n\n\n<p>Des <strong>reliefs vauclusiens<\/strong> au calme d\u2019un <strong>riad marocain<\/strong>, on vous emm\u00e8ne d\u00e9couvrir avec nous des destinations privil\u00e9gi\u00e9es o\u00f9 rayons de soleil et douceurs automnales feront de votre escale<strong> un doux souvenir<\/strong> de d\u00e9licieux instants v\u00e9cus en amoureux, en famille ou entre amis. <\/p>\n\n\n\n<p><strong><a class=\"rel-pdt-btn\" href=\"https:\/\/www.smartbox.com\/fr\/nos-smartbox\/sejour\/\" rel=\"noopener noreferrer\"> S\u00e9jour andalou ou week-end \u00e0 Collioure ?<\/a><\/strong><\/p>\n\n\n\n<h2 class=\"wp-block-heading\" id=\"h-ou-partir-pour-les-vacances-de-la-toussaint-en-france-ou-ailleurs\"><br><strong>O\u00f9 partir pour les vacances de la Toussaint&nbsp;: en France ou ailleurs&nbsp;?<\/strong><\/h2>\n\n\n\n<h3 class=\"wp-block-heading\" id=\"h-cote-vermeille\"><strong><a href=\"https:\/\/www.smartbox.com\/fr\/occitanie\/\">C\u00f4te Vermeille<\/a> <\/strong><\/h3>\n\n\n\n<p>Si la C\u00f4te d\u2019Azur\nest synonyme pour vous d\u2019affluence touristique et de bling-blig, vous serez\nravi(e) de d\u00e9couvrir l\u2019authenticit\u00e9 et le rythme de vie paisible de la C\u00f4te\nVermeille. <\/p>\n\n\n\n<figure class=\"wp-block-image\"><a href=\"https:\/\/www.smartbox.com\/fr\/occitanie\/\"><img loading=\"lazy\" decoding=\"async\" width=\"1024\" height=\"637\" src=\"https:\/\/www.smartbox.com\/fr\/blog\/wp-content\/uploads\/sites\/6\/2019\/09\/collioure-vacances-toussaint-1024x637.jpg\" alt=\"Vacances Collioure\" class=\"wp-image-10931\" srcset=\"https:\/\/www.smartbox.com\/fr\/blog\/wp-content\/uploads\/2019\/09\/collioure-vacances-toussaint-1024x637.jpg 1024w, https:\/\/www.smartbox.com\/fr\/blog\/wp-content\/uploads\/2019\/09\/collioure-vacances-toussaint-300x187.jpg 300w, https:\/\/www.smartbox.com\/fr\/blog\/wp-content\/uploads\/2019\/09\/collioure-vacances-toussaint-768x478.jpg 768w, https:\/\/www.smartbox.com\/fr\/blog\/wp-content\/uploads\/2019\/09\/collioure-vacances-toussaint.jpg 1950w\" sizes=\"auto, (max-width: 1024px) 100vw, 1024px\" \/><\/a><figcaption>Visite de Collioure<\/figcaption><\/figure>\n\n\n\n<p>Entre les repas\nen terrasse \u00e0 l\u2019un des restaurants avec vue sur le clocher de l\u2019\u00e9glise de\nCollioure ou les longues minutes pass\u00e9es \u00e0 admirer les paysages pittoresques\nqui entourent la c\u00f4te aux alentours de Banyuls sur Mer, c\u2019est l\u2019endroit tout\nindiqu\u00e9 pour profiter de douces journ\u00e9es de vacances \u00e0 la Toussaint.<\/p>\n\n\n\n<p>Ce serait\nsacr\u00e9ment dommage de passer \u00e0 c\u00f4t\u00e9 de l\u2019opportunit\u00e9 de profiter d\u2019un d\u00e9jeuner\nen terrasse fin octobre sur le port de l\u2019un des villages de p\u00eacheurs que compte\nla C\u00f4te Vermeille, ne pensez-vous pas&nbsp;? &nbsp;<\/p>\n\n\n\n<h3 class=\"wp-block-heading\" id=\"h-vaucluse\"><strong><a href=\"https:\/\/www.smartbox.com\/fr\/provence-alpes-cote-azur-corse\/\">Vaucluse<\/a> <\/strong><\/h3>\n\n\n\n<p>Des magnifiques\nDentelles de Montmirail o\u00f9 les randonn\u00e9es y sont incroyables aux ruelles au\ncharme pr\u00e9serv\u00e9 de certains des plus beaux villages de France tels que Gordes\nou S\u00e9guret, le Vaucluse sera tout \u00e0 vous en ces vacances de la Toussaint&nbsp;!\n<\/p>\n\n\n\n<figure class=\"wp-block-image\"><a href=\"https:\/\/www.smartbox.com\/fr\/provence-alpes-cote-azur-corse\/\"><img loading=\"lazy\" decoding=\"async\" width=\"1024\" height=\"683\" src=\"https:\/\/www.smartbox.com\/fr\/blog\/wp-content\/uploads\/sites\/6\/2019\/09\/visiter-vaucluse-1024x683.jpg\" alt=\"Visite Vaucluse\" class=\"wp-image-10934\" srcset=\"https:\/\/www.smartbox.com\/fr\/blog\/wp-content\/uploads\/2019\/09\/visiter-vaucluse-1024x683.jpg 1024w, https:\/\/www.smartbox.com\/fr\/blog\/wp-content\/uploads\/2019\/09\/visiter-vaucluse-300x200.jpg 300w, https:\/\/www.smartbox.com\/fr\/blog\/wp-content\/uploads\/2019\/09\/visiter-vaucluse-768x512.jpg 768w, https:\/\/www.smartbox.com\/fr\/blog\/wp-content\/uploads\/2019\/09\/visiter-vaucluse.jpg 1950w\" sizes=\"auto, (max-width: 1024px) 100vw, 1024px\" \/><\/a><figcaption>Escalade aux Dentelles de Montmirail<\/figcaption><\/figure>\n\n\n\n<p>Le mois d\u2019octobre\net le d\u00e9but du mois de novembre sont parfaits pour d\u00e9couvrir cette r\u00e9gion o\u00f9\nles temp\u00e9ratures sont encore cl\u00e9mentes en cette p\u00e9riode mais o\u00f9 les flux de\ntouristes estivaux ont d\u00e9sert\u00e9 le coin depuis bien longtemps. <\/p>\n\n\n\n<p>Vous trouverez\ndonc tranquillit\u00e9 et d\u00e9paysement au c\u0153ur des paysages changeants d\u2019un Vaucluse\naccueillant. <\/p>\n\n\n\n<p>Entre les\nnombreuses activit\u00e9s en ext\u00e9rieur (randonn\u00e9e, escalade, VTT\u2026), les villages\nauthentiques o\u00f9 la pierre est reine et les d\u00e9couvertes culturelles, chacun y\ntrouvera son bonheur&nbsp;! <\/p>\n\n\n\n<h3 class=\"wp-block-heading\" id=\"h-andalousie\"><strong><a href=\"https:\/\/www.smartbox.com\/fr\/nos-smartbox\/sejour\/3-jours-en-espagne-737168.html\">Andalousie<\/a> <\/strong><\/h3>\n\n\n\n<p>Lorsque l\u2019on\n\u00e9voque l\u2019Andalousie, nous viennent tout de suite \u00e0 l\u2019esprit des images de\nchamps d\u2019orangers, de plages de sable fin, de spectacles de flamenco, de tapas et\nde sangria. <\/p>\n\n\n\n<figure class=\"wp-block-image\"><a href=\"https:\/\/www.smartbox.com\/fr\/nos-smartbox\/sejour\/3-jours-etoiles-en-espagne-737171.html\"><img loading=\"lazy\" decoding=\"async\" width=\"1024\" height=\"678\" src=\"https:\/\/www.smartbox.com\/fr\/blog\/wp-content\/uploads\/sites\/6\/2019\/09\/visiter-seville-1024x678.jpg\" alt=\"\" class=\"wp-image-10935\" srcset=\"https:\/\/www.smartbox.com\/fr\/blog\/wp-content\/uploads\/2019\/09\/visiter-seville-1024x678.jpg 1024w, https:\/\/www.smartbox.com\/fr\/blog\/wp-content\/uploads\/2019\/09\/visiter-seville-300x199.jpg 300w, https:\/\/www.smartbox.com\/fr\/blog\/wp-content\/uploads\/2019\/09\/visiter-seville-768x508.jpg 768w, https:\/\/www.smartbox.com\/fr\/blog\/wp-content\/uploads\/2019\/09\/visiter-seville.jpg 1950w\" sizes=\"auto, (max-width: 1024px) 100vw, 1024px\" \/><\/a><\/figure>\n\n\n\n<p>L\u2019Andalousie\nc\u2019est bien s\u00fbr cela, mais il y a tellement d\u2019autres belles d\u00e9couvertes \u00e0 y faire.<\/p>\n\n\n\n<p>Apr\u00e8s avoir pass\u00e9 une journ\u00e9e \u00e0 visiter S\u00e9ville et une soir\u00e9e dans les bars anim\u00e9s du quartier El Arenal, apr\u00e8s avoir d\u00e9couvert Grenade et son incroyable Alhambra, apr\u00e8s s\u2019\u00eatre r\u00e9gal\u00e9s de dizaines de tapas et avoir admir\u00e9s des paysages magnifiques, vous ne regretterez jamais d\u2019avoir jet\u00e9 votre d\u00e9volu sur l\u2019Andalousie pour y passer vos <a href=\"https:\/\/www.weekendesk.fr\/idee-week-end-sejour\/30so\/week-end-toussaint\" target=\"_blank\" rel=\"noreferrer noopener\">vacances de la Toussaint<\/a>\u00a0! <\/p>\n\n\n\n<h3 class=\"wp-block-heading\" id=\"h-marrakech\"><a href=\"https:\/\/www.smartbox.com\/fr\/nos-smartbox\/sejour\/voyage-a-marrakech-545685.html\"><strong>Marrakech<\/strong><\/a><\/h3>\n\n\n\n<p>Pour des vacances\nde la Toussaint qui mettront tous vos sens en \u00e9veil, Marrakech est la\ndestination r\u00eav\u00e9e&nbsp;! <\/p>\n\n\n\n<figure class=\"wp-block-image\"><a href=\"https:\/\/www.smartbox.com\/fr\/nos-smartbox\/sejour\/voyage-a-marrakech-545685.html\"><img loading=\"lazy\" decoding=\"async\" width=\"1024\" height=\"683\" src=\"https:\/\/www.smartbox.com\/fr\/blog\/wp-content\/uploads\/sites\/6\/2019\/09\/visiter-marrakech-1024x683.jpg\" alt=\"\" class=\"wp-image-10936\" srcset=\"https:\/\/www.smartbox.com\/fr\/blog\/wp-content\/uploads\/2019\/09\/visiter-marrakech-1024x683.jpg 1024w, https:\/\/www.smartbox.com\/fr\/blog\/wp-content\/uploads\/2019\/09\/visiter-marrakech-300x200.jpg 300w, https:\/\/www.smartbox.com\/fr\/blog\/wp-content\/uploads\/2019\/09\/visiter-marrakech-768x512.jpg 768w, https:\/\/www.smartbox.com\/fr\/blog\/wp-content\/uploads\/2019\/09\/visiter-marrakech.jpg 1950w\" sizes=\"auto, (max-width: 1024px) 100vw, 1024px\" \/><\/a><\/figure>\n\n\n\n<p>La douceur des p\u00e2tisseries\nmarocaines, les apr\u00e8s-midi hammam et les massages \u00e0 l\u2019huile d\u2019Argan, les d\u00e9ambulations\ndans les ruelles de la m\u00e9dina et les explosions d\u2019odeurs dans les d\u00e9dales\nd\u2019all\u00e9es du souk\u2026 Nul doute que vos 5 sens vont \u00eatre combl\u00e9s&nbsp;!<\/p>\n\n\n\n<p>De\nl\u2019effervescence de la place Jemaa el-Fna \u00e0 la tranquillit\u00e9 du riad o\u00f9 vous\ns\u00e9journerez, vous allez forc\u00e9ment adorer votre s\u00e9jour en terre marocaine.<\/p>\n\n\n\n<p>Car fuir la grisaille pour s\u2019envoler vers le soleil au c\u0153ur des vacances de la Toussaint, c\u2019est un plaisir qui ne se refuse pas.<\/p>\n\n\n\n<blockquote class=\"wp-block-quote is-layout-flow wp-block-quote-is-layout-flow\"><p><strong>A lire aussi&nbsp;: <\/strong><a href=\"https:\/\/www.smartbox.com\/fr\/blog\/randonnees-en-france-a-faire-en-automne\/\"><strong>Les plus belles randonn\u00e9es de France \u00e0 faire en automne<\/strong><\/a><\/p><\/blockquote>\n","protected":false},"excerpt":{"rendered":"<p>Pour ces vacances de la Toussaint afin de combler toutes les envies de voyages des amoureux d\u2019\u00e9vasions et de p\u00e9r\u00e9grinations, nous voyagerons ensemble dans cette s\u00e9lection dans des r\u00e9gions fran\u00e7aises et des contr\u00e9es plus lointaines. Des reliefs vauclusiens au calme d\u2019un riad marocain, on vous emm\u00e8ne d\u00e9couvrir avec nous des destinations privil\u00e9gi\u00e9es o\u00f9 rayons de [&hellip;]<\/p>\n","protected":false},"author":21,"featured_media":10933,"comment_status":"closed","ping_status":"closed","sticky":false,"template":"","format":"standard","meta":{"_acf_changed":false,"footnotes":""},"categories":[48],"tags":[213,259,267,527,3342,3343,3344,3345],"class_list":["post-10924","post","type-post","status-publish","format-standard","has-post-thumbnail","hentry","category-voyages","tag-sejour-en-europe","tag-occitanie","tag-cote-vermeille","tag-idees-de-voyage","tag-andalousie","tag-vauclise","tag-maroc","tag-paca"],"acf":[],"yoast_head":"<!-- This site is optimized with the Yoast SEO Premium plugin v21.7 (Yoast SEO v27.4) - https:\/\/yoast.com\/product\/yoast-seo-premium-wordpress\/ -->\n<title>O\u00f9 partir \u00e0 la Toussaint pour passer de belles vacances ? - France<\/title>\n<meta name=\"description\" content=\"Si vous cherchez o\u00f9 partir \u00e0 la Toussaint, vous devriez vite jeter un \u0153il \u00e0 notre liste de belles destinations en France et en Europe pour tous les budgets!\" \/>\n<meta name=\"robots\" content=\"index, follow, max-snippet:-1, max-image-preview:large, max-video-preview:-1\" \/>\n<link rel=\"canonical\" href=\"https:\/\/www.smartbox.com\/fr\/blog\/ou-partir-a-la-toussaint\/\" \/>\n<meta property=\"og:locale\" content=\"fr_FR\" \/>\n<meta property=\"og:type\" content=\"article\" \/>\n<meta property=\"og:title\" content=\"O\u00f9 partir \u00e0 la Toussaint pour passer de belles vacances ? - France\" \/>\n<meta property=\"og:description\" content=\"Si vous cherchez o\u00f9 partir \u00e0 la Toussaint, vous devriez vite jeter un \u0153il \u00e0 notre liste de belles destinations en France et en Europe pour tous les budgets!\" \/>\n<meta property=\"og:url\" content=\"https:\/\/www.smartbox.com\/fr\/blog\/ou-partir-a-la-toussaint\/\" \/>\n<meta property=\"og:site_name\" content=\"France\" \/>\n<meta property=\"article:published_time\" content=\"2019-09-25T11:18:37+00:00\" \/>\n<meta property=\"article:modified_time\" content=\"2022-09-29T12:46:41+00:00\" \/>\n<meta property=\"og:image\" content=\"https:\/\/www.smartbox.com\/fr\/blog\/wp-content\/uploads\/2019\/09\/ou-partir-a-la-toussaint.jpg\" \/>\n\t<meta property=\"og:image:width\" content=\"1950\" \/>\n\t<meta property=\"og:image:height\" content=\"1004\" \/>\n\t<meta property=\"og:image:type\" content=\"image\/jpeg\" \/>\n<meta name=\"author\" content=\"Pauline\" \/>\n<meta name=\"twitter:card\" content=\"summary_large_image\" \/>\n<meta name=\"twitter:label1\" content=\"\u00c9crit par\" \/>\n\t<meta name=\"twitter:data1\" content=\"Pauline\" \/>\n\t<meta name=\"twitter:label2\" content=\"Dur\u00e9e de lecture estim\u00e9e\" \/>\n\t<meta name=\"twitter:data2\" content=\"4 minutes\" \/>\n<script type=\"application\/ld+json\" class=\"yoast-schema-graph\">{\"@context\":\"https:\\\/\\\/schema.org\",\"@graph\":[{\"@type\":\"Article\",\"@id\":\"https:\\\/\\\/www.smartbox.com\\\/fr\\\/blog\\\/ou-partir-a-la-toussaint\\\/#article\",\"isPartOf\":{\"@id\":\"https:\\\/\\\/www.smartbox.com\\\/fr\\\/blog\\\/ou-partir-a-la-toussaint\\\/\"},\"author\":{\"name\":\"Pauline\",\"@id\":\"https:\\\/\\\/www.smartbox.com\\\/fr\\\/blog\\\/#\\\/schema\\\/person\\\/0def93adb00e53abc58b626f646950ac\"},\"headline\":\"O\u00f9 partir \u00e0 la Toussaint pour passer de belles vacances ?\",\"datePublished\":\"2019-09-25T11:18:37+00:00\",\"dateModified\":\"2022-09-29T12:46:41+00:00\",\"mainEntityOfPage\":{\"@id\":\"https:\\\/\\\/www.smartbox.com\\\/fr\\\/blog\\\/ou-partir-a-la-toussaint\\\/\"},\"wordCount\":674,\"publisher\":{\"@id\":\"https:\\\/\\\/www.smartbox.com\\\/fr\\\/blog\\\/#organization\"},\"image\":{\"@id\":\"https:\\\/\\\/www.smartbox.com\\\/fr\\\/blog\\\/ou-partir-a-la-toussaint\\\/#primaryimage\"},\"thumbnailUrl\":\"https:\\\/\\\/www.smartbox.com\\\/fr\\\/blog\\\/wp-content\\\/uploads\\\/2019\\\/09\\\/ou-partir-a-la-toussaint.jpg\",\"keywords\":[\"S\u00e9jour en Europe\",\"Occitanie\",\"C\u00f4te Vermeille\",\"Id\u00e9es de voyage\",\"Andalousie\",\"Vauclise\",\"Maroc\",\"PACA\"],\"articleSection\":[\"Voyages\"],\"inLanguage\":\"fr-FR\"},{\"@type\":\"WebPage\",\"@id\":\"https:\\\/\\\/www.smartbox.com\\\/fr\\\/blog\\\/ou-partir-a-la-toussaint\\\/\",\"url\":\"https:\\\/\\\/www.smartbox.com\\\/fr\\\/blog\\\/ou-partir-a-la-toussaint\\\/\",\"name\":\"O\u00f9 partir \u00e0 la Toussaint pour passer de belles vacances ? - France\",\"isPartOf\":{\"@id\":\"https:\\\/\\\/www.smartbox.com\\\/fr\\\/blog\\\/#website\"},\"primaryImageOfPage\":{\"@id\":\"https:\\\/\\\/www.smartbox.com\\\/fr\\\/blog\\\/ou-partir-a-la-toussaint\\\/#primaryimage\"},\"image\":{\"@id\":\"https:\\\/\\\/www.smartbox.com\\\/fr\\\/blog\\\/ou-partir-a-la-toussaint\\\/#primaryimage\"},\"thumbnailUrl\":\"https:\\\/\\\/www.smartbox.com\\\/fr\\\/blog\\\/wp-content\\\/uploads\\\/2019\\\/09\\\/ou-partir-a-la-toussaint.jpg\",\"datePublished\":\"2019-09-25T11:18:37+00:00\",\"dateModified\":\"2022-09-29T12:46:41+00:00\",\"description\":\"Si vous cherchez o\u00f9 partir \u00e0 la Toussaint, vous devriez vite jeter un \u0153il \u00e0 notre liste de belles destinations en France et en Europe pour tous les budgets!\",\"inLanguage\":\"fr-FR\",\"potentialAction\":[{\"@type\":\"ReadAction\",\"target\":[\"https:\\\/\\\/www.smartbox.com\\\/fr\\\/blog\\\/ou-partir-a-la-toussaint\\\/\"]}]},{\"@type\":\"ImageObject\",\"inLanguage\":\"fr-FR\",\"@id\":\"https:\\\/\\\/www.smartbox.com\\\/fr\\\/blog\\\/ou-partir-a-la-toussaint\\\/#primaryimage\",\"url\":\"https:\\\/\\\/www.smartbox.com\\\/fr\\\/blog\\\/wp-content\\\/uploads\\\/2019\\\/09\\\/ou-partir-a-la-toussaint.jpg\",\"contentUrl\":\"https:\\\/\\\/www.smartbox.com\\\/fr\\\/blog\\\/wp-content\\\/uploads\\\/2019\\\/09\\\/ou-partir-a-la-toussaint.jpg\",\"width\":1950,\"height\":1004,\"caption\":\"O\u00f9 partir \u00e0 la Toussaint\"},{\"@type\":\"WebSite\",\"@id\":\"https:\\\/\\\/www.smartbox.com\\\/fr\\\/blog\\\/#website\",\"url\":\"https:\\\/\\\/www.smartbox.com\\\/fr\\\/blog\\\/\",\"name\":\"France\",\"description\":\"\",\"publisher\":{\"@id\":\"https:\\\/\\\/www.smartbox.com\\\/fr\\\/blog\\\/#organization\"},\"potentialAction\":[{\"@type\":\"SearchAction\",\"target\":{\"@type\":\"EntryPoint\",\"urlTemplate\":\"https:\\\/\\\/www.smartbox.com\\\/fr\\\/blog\\\/?s={search_term_string}\"},\"query-input\":{\"@type\":\"PropertyValueSpecification\",\"valueRequired\":true,\"valueName\":\"search_term_string\"}}],\"inLanguage\":\"fr-FR\"},{\"@type\":\"Organization\",\"@id\":\"https:\\\/\\\/www.smartbox.com\\\/fr\\\/blog\\\/#organization\",\"name\":\"Smartbox\",\"url\":\"https:\\\/\\\/www.smartbox.com\\\/fr\\\/blog\\\/\",\"logo\":{\"@type\":\"ImageObject\",\"inLanguage\":\"fr-FR\",\"@id\":\"https:\\\/\\\/www.smartbox.com\\\/fr\\\/blog\\\/#\\\/schema\\\/logo\\\/image\\\/\",\"url\":\"https:\\\/\\\/digital.sbxtest.net\\\/fr\\\/blog\\\/wp-content\\\/uploads\\\/2022\\\/04\\\/LOGO-CH-FR-BLOG.svg\",\"contentUrl\":\"https:\\\/\\\/digital.sbxtest.net\\\/fr\\\/blog\\\/wp-content\\\/uploads\\\/2022\\\/04\\\/LOGO-CH-FR-BLOG.svg\",\"width\":1,\"height\":1,\"caption\":\"Smartbox\"},\"image\":{\"@id\":\"https:\\\/\\\/www.smartbox.com\\\/fr\\\/blog\\\/#\\\/schema\\\/logo\\\/image\\\/\"}},{\"@type\":\"Person\",\"@id\":\"https:\\\/\\\/www.smartbox.com\\\/fr\\\/blog\\\/#\\\/schema\\\/person\\\/0def93adb00e53abc58b626f646950ac\",\"name\":\"Pauline\",\"image\":{\"@type\":\"ImageObject\",\"inLanguage\":\"fr-FR\",\"@id\":\"https:\\\/\\\/secure.gravatar.com\\\/avatar\\\/de247de632eb1e17a9350d47148b33d6ef1bc46bdb2bbb993587895eaa66d4b5?s=96&d=mm&r=g\",\"url\":\"https:\\\/\\\/secure.gravatar.com\\\/avatar\\\/de247de632eb1e17a9350d47148b33d6ef1bc46bdb2bbb993587895eaa66d4b5?s=96&d=mm&r=g\",\"contentUrl\":\"https:\\\/\\\/secure.gravatar.com\\\/avatar\\\/de247de632eb1e17a9350d47148b33d6ef1bc46bdb2bbb993587895eaa66d4b5?s=96&d=mm&r=g\",\"caption\":\"Pauline\"}}]}<\/script>\n<!-- \/ Yoast SEO Premium plugin. -->","yoast_head_json":{"title":"O\u00f9 partir \u00e0 la Toussaint pour passer de belles vacances ? - France","description":"Si vous cherchez o\u00f9 partir \u00e0 la Toussaint, vous devriez vite jeter un \u0153il \u00e0 notre liste de belles destinations en France et en Europe pour tous les budgets!","robots":{"index":"index","follow":"follow","max-snippet":"max-snippet:-1","max-image-preview":"max-image-preview:large","max-video-preview":"max-video-preview:-1"},"canonical":"https:\/\/www.smartbox.com\/fr\/blog\/ou-partir-a-la-toussaint\/","og_locale":"fr_FR","og_type":"article","og_title":"O\u00f9 partir \u00e0 la Toussaint pour passer de belles vacances ? - France","og_description":"Si vous cherchez o\u00f9 partir \u00e0 la Toussaint, vous devriez vite jeter un \u0153il \u00e0 notre liste de belles destinations en France et en Europe pour tous les budgets!","og_url":"https:\/\/www.smartbox.com\/fr\/blog\/ou-partir-a-la-toussaint\/","og_site_name":"France","article_published_time":"2019-09-25T11:18:37+00:00","article_modified_time":"2022-09-29T12:46:41+00:00","og_image":[{"width":1950,"height":1004,"url":"https:\/\/www.smartbox.com\/fr\/blog\/wp-content\/uploads\/2019\/09\/ou-partir-a-la-toussaint.jpg","type":"image\/jpeg"}],"author":"Pauline","twitter_card":"summary_large_image","twitter_misc":{"\u00c9crit par":"Pauline","Dur\u00e9e de lecture estim\u00e9e":"4 minutes"},"schema":{"@context":"https:\/\/schema.org","@graph":[{"@type":"Article","@id":"https:\/\/www.smartbox.com\/fr\/blog\/ou-partir-a-la-toussaint\/#article","isPartOf":{"@id":"https:\/\/www.smartbox.com\/fr\/blog\/ou-partir-a-la-toussaint\/"},"author":{"name":"Pauline","@id":"https:\/\/www.smartbox.com\/fr\/blog\/#\/schema\/person\/0def93adb00e53abc58b626f646950ac"},"headline":"O\u00f9 partir \u00e0 la Toussaint pour passer de belles vacances ?","datePublished":"2019-09-25T11:18:37+00:00","dateModified":"2022-09-29T12:46:41+00:00","mainEntityOfPage":{"@id":"https:\/\/www.smartbox.com\/fr\/blog\/ou-partir-a-la-toussaint\/"},"wordCount":674,"publisher":{"@id":"https:\/\/www.smartbox.com\/fr\/blog\/#organization"},"image":{"@id":"https:\/\/www.smartbox.com\/fr\/blog\/ou-partir-a-la-toussaint\/#primaryimage"},"thumbnailUrl":"https:\/\/www.smartbox.com\/fr\/blog\/wp-content\/uploads\/2019\/09\/ou-partir-a-la-toussaint.jpg","keywords":["S\u00e9jour en Europe","Occitanie","C\u00f4te Vermeille","Id\u00e9es de voyage","Andalousie","Vauclise","Maroc","PACA"],"articleSection":["Voyages"],"inLanguage":"fr-FR"},{"@type":"WebPage","@id":"https:\/\/www.smartbox.com\/fr\/blog\/ou-partir-a-la-toussaint\/","url":"https:\/\/www.smartbox.com\/fr\/blog\/ou-partir-a-la-toussaint\/","name":"O\u00f9 partir \u00e0 la Toussaint pour passer de belles vacances ? - France","isPartOf":{"@id":"https:\/\/www.smartbox.com\/fr\/blog\/#website"},"primaryImageOfPage":{"@id":"https:\/\/www.smartbox.com\/fr\/blog\/ou-partir-a-la-toussaint\/#primaryimage"},"image":{"@id":"https:\/\/www.smartbox.com\/fr\/blog\/ou-partir-a-la-toussaint\/#primaryimage"},"thumbnailUrl":"https:\/\/www.smartbox.com\/fr\/blog\/wp-content\/uploads\/2019\/09\/ou-partir-a-la-toussaint.jpg","datePublished":"2019-09-25T11:18:37+00:00","dateModified":"2022-09-29T12:46:41+00:00","description":"Si vous cherchez o\u00f9 partir \u00e0 la Toussaint, vous devriez vite jeter un \u0153il \u00e0 notre liste de belles destinations en France et en Europe pour tous les budgets!","inLanguage":"fr-FR","potentialAction":[{"@type":"ReadAction","target":["https:\/\/www.smartbox.com\/fr\/blog\/ou-partir-a-la-toussaint\/"]}]},{"@type":"ImageObject","inLanguage":"fr-FR","@id":"https:\/\/www.smartbox.com\/fr\/blog\/ou-partir-a-la-toussaint\/#primaryimage","url":"https:\/\/www.smartbox.com\/fr\/blog\/wp-content\/uploads\/2019\/09\/ou-partir-a-la-toussaint.jpg","contentUrl":"https:\/\/www.smartbox.com\/fr\/blog\/wp-content\/uploads\/2019\/09\/ou-partir-a-la-toussaint.jpg","width":1950,"height":1004,"caption":"O\u00f9 partir \u00e0 la Toussaint"},{"@type":"WebSite","@id":"https:\/\/www.smartbox.com\/fr\/blog\/#website","url":"https:\/\/www.smartbox.com\/fr\/blog\/","name":"France","description":"","publisher":{"@id":"https:\/\/www.smartbox.com\/fr\/blog\/#organization"},"potentialAction":[{"@type":"SearchAction","target":{"@type":"EntryPoint","urlTemplate":"https:\/\/www.smartbox.com\/fr\/blog\/?s={search_term_string}"},"query-input":{"@type":"PropertyValueSpecification","valueRequired":true,"valueName":"search_term_string"}}],"inLanguage":"fr-FR"},{"@type":"Organization","@id":"https:\/\/www.smartbox.com\/fr\/blog\/#organization","name":"Smartbox","url":"https:\/\/www.smartbox.com\/fr\/blog\/","logo":{"@type":"ImageObject","inLanguage":"fr-FR","@id":"https:\/\/www.smartbox.com\/fr\/blog\/#\/schema\/logo\/image\/","url":"https:\/\/digital.sbxtest.net\/fr\/blog\/wp-content\/uploads\/2022\/04\/LOGO-CH-FR-BLOG.svg","contentUrl":"https:\/\/digital.sbxtest.net\/fr\/blog\/wp-content\/uploads\/2022\/04\/LOGO-CH-FR-BLOG.svg","width":1,"height":1,"caption":"Smartbox"},"image":{"@id":"https:\/\/www.smartbox.com\/fr\/blog\/#\/schema\/logo\/image\/"}},{"@type":"Person","@id":"https:\/\/www.smartbox.com\/fr\/blog\/#\/schema\/person\/0def93adb00e53abc58b626f646950ac","name":"Pauline","image":{"@type":"ImageObject","inLanguage":"fr-FR","@id":"https:\/\/secure.gravatar.com\/avatar\/de247de632eb1e17a9350d47148b33d6ef1bc46bdb2bbb993587895eaa66d4b5?s=96&d=mm&r=g","url":"https:\/\/secure.gravatar.com\/avatar\/de247de632eb1e17a9350d47148b33d6ef1bc46bdb2bbb993587895eaa66d4b5?s=96&d=mm&r=g","contentUrl":"https:\/\/secure.gravatar.com\/avatar\/de247de632eb1e17a9350d47148b33d6ef1bc46bdb2bbb993587895eaa66d4b5?s=96&d=mm&r=g","caption":"Pauline"}}]}},"amp_enabled":true,"_links":{"self":[{"href":"https:\/\/www.smartbox.com\/fr\/blog\/wp-json\/wp\/v2\/posts\/10924","targetHints":{"allow":["GET"]}}],"collection":[{"href":"https:\/\/www.smartbox.com\/fr\/blog\/wp-json\/wp\/v2\/posts"}],"about":[{"href":"https:\/\/www.smartbox.com\/fr\/blog\/wp-json\/wp\/v2\/types\/post"}],"author":[{"embeddable":true,"href":"https:\/\/www.smartbox.com\/fr\/blog\/wp-json\/wp\/v2\/users\/21"}],"replies":[{"embeddable":true,"href":"https:\/\/www.smartbox.com\/fr\/blog\/wp-json\/wp\/v2\/comments?post=10924"}],"version-history":[{"count":2,"href":"https:\/\/www.smartbox.com\/fr\/blog\/wp-json\/wp\/v2\/posts\/10924\/revisions"}],"predecessor-version":[{"id":56532,"href":"https:\/\/www.smartbox.com\/fr\/blog\/wp-json\/wp\/v2\/posts\/10924\/revisions\/56532"}],"wp:featuredmedia":[{"embeddable":true,"href":"https:\/\/www.smartbox.com\/fr\/blog\/wp-json\/wp\/v2\/media\/10933"}],"wp:attachment":[{"href":"https:\/\/www.smartbox.com\/fr\/blog\/wp-json\/wp\/v2\/media?parent=10924"}],"wp:term":[{"taxonomy":"category","embeddable":true,"href":"https:\/\/www.smartbox.com\/fr\/blog\/wp-json\/wp\/v2\/categories?post=10924"},{"taxonomy":"post_tag","embeddable":true,"href":"https:\/\/www.smartbox.com\/fr\/blog\/wp-json\/wp\/v2\/tags?post=10924"}],"curies":[{"name":"wp","href":"https:\/\/api.w.org\/{rel}","templated":true}]}}