{"id":10070,"date":"2023-06-16T12:22:00","date_gmt":"2023-06-16T11:22:00","guid":{"rendered":"https:\/\/www.smartbox.com\/fr\/blog\/?p=10070"},"modified":"2023-06-16T15:39:44","modified_gmt":"2023-06-16T14:39:44","slug":"idees-recettes-repas-dete-leger","status":"publish","type":"post","link":"https:\/\/www.smartbox.com\/fr\/blog\/idees-recettes-repas-dete-leger\/","title":{"rendered":"Id\u00e9es recettes pour un repas d&rsquo;\u00e9t\u00e9 l\u00e9ger, de l\u2019entr\u00e9e au dessert"},"content":{"rendered":"\n<p>Quand on pense aux repas d\u2019\u00e9t\u00e9, on pense forc\u00e9ment \u00e0 <strong>des id\u00e9es de recettes l\u00e9g\u00e8res et pleine de saveurs <\/strong>pour r\u00e9galer nos papilles tout en nous rafraichissant de mani\u00e8re gourmande. <\/p>\n\n\n\n<p>Alors pour pr\u00e9parer l\u2019arriv\u00e9e de l\u2019\u00e9t\u00e9 comme il se doit, on vous a concoct\u00e9 un petit article comprenant <strong>une entr\u00e9e, un plat et un dessert <\/strong>pour un repas l\u00e9ger \u00e0 d\u00e9guster entre amis ou en famille. <\/p>\n\n\n\n<p>C\u2019est parti direction la cuisine, les <strong>l\u00e9gumes et fruits de saison vous attendent&nbsp;! <\/strong><\/p>\n\n\n\n<p><strong><a class=\"rel-pdt-btn\" href=\"https:\/\/www.smartbox.com\/fr\/gastronomie\/atelier-culinaire\/\" rel=\"noopener noreferrer\">Chef un jour, Chef toujours<\/a><\/strong><\/p>\n\n\n\n<h2 class=\"wp-block-heading\" id=\"h-nos-recettes-pour-un-repas-d-ete-bien-frais\" style=\"font-size:22px\">Nos recettes pour un repas d\u2019\u00e9t\u00e9 bien frais\u00a0:<\/h2>\n\n\n\n<h3 class=\"wp-block-heading\" id=\"h-une-salade-d-ete-tomates-peches-jambon-de-parme-et-mozzarella\">Une salade d\u2019\u00e9t\u00e9\u00a0: tomates, p\u00eaches, jambon de Parme et mozzarella <\/h3>\n\n\n\n<p>En plein mois de Juin, au moment o\u00f9 le thermom\u00e8tre ne cesse de grimper, il n\u2019y a rien de plus rafraichissant qu\u2019une bonne salade d\u2019\u00e9t\u00e9 pour profiter d&rsquo;un repas l\u00e9ger. <\/p>\n\n\n\n<p>Celle que l\u2019on\nvous propose ici est \u00e0 base de tomates, de p\u00eaches, de jambon et de mozzarella,\nmais vous pouvez bien \u00e9videmment opter pour d\u2019autres fruits et l\u00e9gumes de\nsaison. <\/p>\n\n\n\n<p>Poivrons, past\u00e8ques, haricots verts, framboises\u2026 C\u2019est la saison id\u00e9ale pour donner carte blanche \u00e0 votre imagination culinaire&nbsp;! <\/p>\n\n\n\n<p>Mais revenons-en \u00e0 la salade d\u2019\u00e9t\u00e9 que l\u2019on vous propose dans cette s\u00e9lection. Bien que les p\u00eaches aient un go\u00fbt acidul\u00e9 des plus agr\u00e9ables et soient particuli\u00e8rement rafra\u00eechissantes, on ne pense pas souvent \u00e0 les mettre \u00e0 l\u2019honneur dans nos salades. Voil\u00e0 qu\u2019avec cette recette c\u2019est chose faite. <\/p>\n\n\n\n<p>Parfait pour bien\nd\u00e9buter votre repas d\u2019\u00e9t\u00e9&nbsp;en famille ou entre amis&nbsp;!<\/p>\n\n\n\n<figure class=\"wp-block-image\"><a href=\"https:\/\/www.smartbox.com\/fr\/nos-smartbox\/gastronomie\/\"><img loading=\"lazy\" decoding=\"async\" width=\"1024\" height=\"572\" src=\"https:\/\/www.smartbox.com\/fr\/blog\/wp-content\/uploads\/sites\/6\/2019\/06\/recette-salade-d\u00e9t\u00e9-1024x572.jpg\" alt=\"Recette salade d'\u00e9t\u00e9\" class=\"wp-image-10075\" srcset=\"https:\/\/www.smartbox.com\/fr\/blog\/wp-content\/uploads\/2019\/06\/recette-salade-d\u00e9t\u00e9-1024x572.jpg 1024w, https:\/\/www.smartbox.com\/fr\/blog\/wp-content\/uploads\/2019\/06\/recette-salade-d\u00e9t\u00e9-300x168.jpg 300w, https:\/\/www.smartbox.com\/fr\/blog\/wp-content\/uploads\/2019\/06\/recette-salade-d\u00e9t\u00e9-768x429.jpg 768w, https:\/\/www.smartbox.com\/fr\/blog\/wp-content\/uploads\/2019\/06\/recette-salade-d\u00e9t\u00e9.jpg 1900w\" sizes=\"auto, (max-width: 1024px) 100vw, 1024px\" \/><\/a><\/figure>\n\n\n\n<h4 class=\"wp-block-heading\" id=\"h-la-recette\"><strong>LA RECETTE&nbsp;: <\/strong><\/h4>\n\n\n\n<p><strong>Ingr\u00e9dients&nbsp;pour 4 personnes : <\/strong>4 tomates, 2 p\u00eaches jaunes, 6 tranches\nfines de jambon de Parme, 2 boules de mozzarella, huile d\u2019olive, vinaigre\nbalsamique, sel et poivre<\/p>\n\n\n\n<p>Commencer par d\u00e9couper les tomates et les p\u00eaches en lamelles puis couper les boules de mozzarella en morceaux.<\/p>\n\n\n\n<p>Dans un saladier,\nm\u00e9langer les tomates, les p\u00eaches et la mozzarella avec un filet d\u2019huile d\u2019olive\net de vinaigre balsamique, le sel et le poivre.<\/p>\n\n\n\n<p>D\u00e9poser\npar-dessus les tranches de jambon en chiffonnade. <\/p>\n\n\n\n<p><em><strong>Petit plus\u00a0:<\/strong> vous pouvez \u00e9galement d\u00e9corer votre salade avec quelques feuilles de basilic qui viendront apporter une petite touche gustative et d\u00e9corative suppl\u00e9mentaire. <\/em><\/p>\n\n\n\n<h3 class=\"wp-block-heading\" id=\"h-un-plat-gourmand-magret-de-canard-a-la-plancha-a-la-moutarde-et-au-miel\">Un plat gourmand\u00a0: magret de canard \u00e0 la plancha \u00e0 la moutarde et au miel <\/h3>\n\n\n\n<p>Quelle m\u00e9thode de\ncuisson est aussi conviviale et estivale que la cuisine \u00e0 la plancha&nbsp;? <\/p>\n\n\n\n<p>Le barbecue est lui aussi tr\u00e8s bien pour les soir\u00e9es d\u2019\u00e9t\u00e9 entre amis ou en famille, mais la plancha a la chance d\u2019\u00eatre encore plus sympathique puisqu\u2019elle peut \u00eatre d\u00e9pos\u00e9e \u00e0 m\u00eame la table pour que chacun y fasse cuire sa viande ou ses l\u00e9gumes le temps d\u00e9sir\u00e9. <\/p>\n\n\n\n<p>C\u2019est donc pour\ntoutes ces raisons, que la plancha a \u00e9t\u00e9 \u00e9lue par bien des tabl\u00e9es de gourmets,\nla reine de l\u2019\u00e9t\u00e9&nbsp;! <\/p>\n\n\n\n<p>Alors si on peut pr\u00e9parer des centaines de plats \u00e0 la plancha il fallait bien en choisir un pour cette s\u00e9lection de recettes d\u2019\u00e9t\u00e9&nbsp;! On a donc opt\u00e9 pour un met dont on raffole tous&nbsp;: le magret de canard \u00e0 la plancha. <\/p>\n\n\n\n<p>Avec sa marinade\n\u00e0 base de moutarde et de miel, l\u2019effet sucr\u00e9-sal\u00e9 induit par la pr\u00e9sence du\nmiel qui pourrait en d\u00e9ranger certains est contrebalanc\u00e9 par l\u2019apport de la\nmoutarde qui donne \u00e0 ce plat d\u2019\u00e9t\u00e9 de belles saveurs en bouche. <\/p>\n\n\n\n<p>Allez, c\u2019est parti pour la recette&nbsp;! <\/p>\n\n\n\n<figure class=\"wp-block-image\"><img loading=\"lazy\" decoding=\"async\" width=\"1024\" height=\"683\" src=\"https:\/\/www.smartbox.com\/fr\/blog\/wp-content\/uploads\/sites\/6\/2019\/06\/magret-canard-plancha-1024x683.jpg\" alt=\"Recette magret de canard \u00e0 la plancha\" class=\"wp-image-10076\" srcset=\"https:\/\/www.smartbox.com\/fr\/blog\/wp-content\/uploads\/2019\/06\/magret-canard-plancha-1024x683.jpg 1024w, https:\/\/www.smartbox.com\/fr\/blog\/wp-content\/uploads\/2019\/06\/magret-canard-plancha-300x200.jpg 300w, https:\/\/www.smartbox.com\/fr\/blog\/wp-content\/uploads\/2019\/06\/magret-canard-plancha-768x512.jpg 768w, https:\/\/www.smartbox.com\/fr\/blog\/wp-content\/uploads\/2019\/06\/magret-canard-plancha.jpg 1899w\" sizes=\"auto, (max-width: 1024px) 100vw, 1024px\" \/><\/figure>\n\n\n\n<h4 class=\"wp-block-heading\" id=\"h-la-recette-1\"><strong>LA RECETTE&nbsp;: <\/strong><\/h4>\n\n\n\n<p><strong>Ingr\u00e9dients&nbsp;pour 4 personnes : <\/strong>2 magrets de canard, 1 cuill\u00e8re \u00e0 soupe de miel liquide, 1 cuill\u00e8re \u00e0 soupe de moutarde, 1 branche de romarin, sel et poivre<\/p>\n\n\n\n<p>M\u00e9langer tous les ingr\u00e9dients, except\u00e9 les magrets de canard, dans un saladier. <\/p>\n\n\n\n<p>D\u00e9couper les magrets en lamelles g\u00e9n\u00e9reuses et les d\u00e9poser dans le saladier. Tourner les lamelles de magret dans la marinade afin qu\u2019ils s\u2019en impr\u00e8gnent bien. <\/p>\n\n\n\n<p>Laisser mariner\nau frais pendant 1 heure au minimum. <\/p>\n\n\n\n<p>Sortir les\nmagrets de canard du frais une quinzaine de minutes avant de les faire cuire. <\/p>\n\n\n\n<p>Pour la cuisson\ndes magrets \u00e0 la plancha, il suffit de les d\u00e9poser sur la planche bien chaude\net de les faire cuire 3 \u00e0 4 minutes de chaque c\u00f4t\u00e9. <\/p>\n\n\n\n<p>Vous pouvez les\naccompagner avec une simple salade verte, des frites de patates douces ou tout\nautre accompagnement qui vous fera envie&nbsp;! <\/p>\n\n\n\n<h3 class=\"wp-block-heading\" id=\"h-un-dessert-rafraichissant-panna-cotta-aux-fruits-rouges\"><strong>Un dessert rafraichissant&nbsp;: panna cotta aux fruits rouges <\/strong><\/h3>\n\n\n\n<p>Parmi les desserts d\u2019\u00e9t\u00e9 frais et d\u00e9licieux la panna cotta tr\u00f4ne fi\u00e8rement aux c\u00f4t\u00e9s des sorbets, salades de fruits et tartelettes aux fraises. Car ses origines italiennes lui garantissent une bonne r\u00e9putation et son onctuosit\u00e9 finit de terminer le tableau d\u2019un dessert \u00e0 la fois d\u00e9licat et rafraichissant. <\/p>\n\n\n\n<p>Dans notre recette\nde panna cotta, la douceur de la cr\u00e8me fra\u00eeche est d\u00e9licatement relev\u00e9e par l\u2019acidit\u00e9\ndes fruits rouges qui vient subtilement balancer le tout.<\/p>\n\n\n\n<p>Alors c\u2019est le moment de vous armer de votre cuill\u00e8re, vos papilles n\u2019attendent plus qu\u2019\u00e0 \u00eatre surprises avec cette recette facile et rapide \u00e0 r\u00e9aliser pour terminer en beaut\u00e9 un d\u00e9licieux repas d\u2019\u00e9t\u00e9 !  <\/p>\n\n\n\n<figure class=\"wp-block-image\"><a href=\"https:\/\/www.smartbox.com\/fr\/gastronomie\/atelier-culinaire\/\"><img loading=\"lazy\" decoding=\"async\" width=\"1024\" height=\"682\" src=\"https:\/\/www.smartbox.com\/fr\/blog\/wp-content\/uploads\/sites\/6\/2019\/06\/dessert-\u00e9t\u00e9-1024x682.jpg\" alt=\"Panna cotta aux fruits rouges\" class=\"wp-image-10074\" srcset=\"https:\/\/www.smartbox.com\/fr\/blog\/wp-content\/uploads\/2019\/06\/dessert-\u00e9t\u00e9-1024x682.jpg 1024w, https:\/\/www.smartbox.com\/fr\/blog\/wp-content\/uploads\/2019\/06\/dessert-\u00e9t\u00e9-300x200.jpg 300w, https:\/\/www.smartbox.com\/fr\/blog\/wp-content\/uploads\/2019\/06\/dessert-\u00e9t\u00e9-768x512.jpg 768w, https:\/\/www.smartbox.com\/fr\/blog\/wp-content\/uploads\/2019\/06\/dessert-\u00e9t\u00e9.jpg 1900w\" sizes=\"auto, (max-width: 1024px) 100vw, 1024px\" \/><\/a><\/figure>\n\n\n\n<blockquote class=\"wp-block-quote is-layout-flow wp-block-quote-is-layout-flow\">\n<p class=\"has-cyan-bluish-gray-color has-white-background-color has-text-color has-background\"><strong>A lire aussi\u00a0: <a href=\"https:\/\/www.smartbox.com\/fr\/blog\/5-recettes-ete\/\">C\u2019est l\u2019\u00e9t\u00e9 ! 5 recettes \u00e0 faire quand il fait chaud<\/a><\/strong><\/p>\n<\/blockquote>\n\n\n\n<h4 class=\"wp-block-heading\" id=\"h-la-recette-2\"><strong>LA RECETTE&nbsp;: <\/strong><\/h4>\n\n\n\n<p><strong>Ingr\u00e9dients&nbsp;pour 4 personnes : <\/strong>40cl de cr\u00e8me fra\u00eeche liquide, 2 feuilles\nde g\u00e9latine, 60gr de sucre en poudre, 1 gousse de vanille, fruits rouge\n(fraises, framboises, etc.) <\/p>\n\n\n\n<p>Commencer par\nfaire ramollir les feuilles de g\u00e9latine en les faisant tremper dans de l\u2019eau\nfroide. <\/p>\n\n\n\n<p>Dans une casserole, mettre la cr\u00e8me fra\u00eeche, le sucre et la gousse de vanille fendue dans la longueur. Porter lentement \u00e0 \u00e9bullition puis enlever du feu. Retirer la gousse de vanille.<\/p>\n\n\n\n<p>Egoutter les\nfeuilles de g\u00e9latine et les incorporer au m\u00e9lange avec la cr\u00e8me fra\u00eeche. Remuer\n\u00e9nerg\u00e9tiquement afin que la g\u00e9latine soit bien r\u00e9partie.<\/p>\n\n\n\n<p>Verser le m\u00e9lange\ndans des ramequins ou verrines avant de les placer au frais pour 2 heures\nminimum. <\/p>\n\n\n\n<p>Pr\u00e9parer le coulis de fruits rouges avec les fruits que vous avez sous la main. Framboises, fraises, myrtilles, m\u00fbres\u2026 c\u2019est \u00e0 vous de voir ce qui vous fait le plus envie ! <\/p>\n\n\n\n<p>Pour r\u00e9aliser le coulis, il vous suffit de mixer vos fruits avec un l\u00e9ger filet d\u2019eau et de rajouter un peu de sucre glace si vous souhaitez att\u00e9nuer l\u2019acidit\u00e9 des fruits rouges. <\/p>\n\n\n\n<p>Une fois que les panna cotta ont bien pris apr\u00e8s avoir repos\u00e9es dans le r\u00e9frig\u00e9rateur, rajouter le coulis par-dessus et servir bien frais \u00e0 vos convives.<\/p>\n\n\n\n<p>Bon app\u00e9tit \u00e0 tous, amusez-vous bien en cuisine \u00e0 pr\u00e9parer des repas d&rsquo;\u00e9t\u00e9 \u00e0 la fois l\u00e9ger et savoureux ! <\/p>\n","protected":false},"excerpt":{"rendered":"<p>Quand on pense aux repas d\u2019\u00e9t\u00e9, on pense forc\u00e9ment \u00e0 des id\u00e9es de recettes l\u00e9g\u00e8res et pleine de saveurs pour r\u00e9galer nos papilles tout en nous rafraichissant de mani\u00e8re gourmande. Alors pour pr\u00e9parer l\u2019arriv\u00e9e de l\u2019\u00e9t\u00e9 comme il se doit, on vous a concoct\u00e9 un petit article comprenant une entr\u00e9e, un plat et un dessert [&hellip;]<\/p>\n","protected":false},"author":21,"featured_media":10087,"comment_status":"closed","ping_status":"closed","sticky":false,"template":"","format":"standard","meta":{"_acf_changed":false,"footnotes":""},"categories":[49],"tags":[135,319,423,539],"class_list":["post-10070","post","type-post","status-publish","format-standard","has-post-thumbnail","hentry","category-gastronomie","tag-cuisine-traditionnelle","tag-idees-recettes","tag-dessert","tag-ete"],"acf":[],"yoast_head":"<!-- This site is optimized with the Yoast SEO Premium plugin v21.7 (Yoast SEO v27.4) - https:\/\/yoast.com\/product\/yoast-seo-premium-wordpress\/ -->\n<title>Id\u00e9es recettes pour un repas d&#039;\u00e9t\u00e9 l\u00e9ger de l\u2019entr\u00e9e au dessert<\/title>\n<meta name=\"description\" content=\"Pour les repas d&#039;\u00e9t\u00e9 on r\u00eave tous de mets bien frais et savoureux ! Alors d\u00e9couvrez notre repas d&#039;\u00e9t\u00e9 avec des recettes de l&#039;entr\u00e9e au dessert. Bon app\u00e9tit!\" \/>\n<meta name=\"robots\" content=\"index, follow, max-snippet:-1, max-image-preview:large, max-video-preview:-1\" \/>\n<link rel=\"canonical\" href=\"https:\/\/www.smartbox.com\/fr\/blog\/idees-recettes-repas-dete-leger\/\" \/>\n<meta property=\"og:locale\" content=\"fr_FR\" \/>\n<meta property=\"og:type\" content=\"article\" \/>\n<meta property=\"og:title\" content=\"Id\u00e9es recettes pour un repas d&#039;\u00e9t\u00e9 l\u00e9ger de l\u2019entr\u00e9e au dessert\" \/>\n<meta property=\"og:description\" content=\"Pour les repas d&#039;\u00e9t\u00e9 on r\u00eave tous de mets bien frais et savoureux ! Alors d\u00e9couvrez notre repas d&#039;\u00e9t\u00e9 avec des recettes de l&#039;entr\u00e9e au dessert. Bon app\u00e9tit!\" \/>\n<meta property=\"og:url\" content=\"https:\/\/www.smartbox.com\/fr\/blog\/idees-recettes-repas-dete-leger\/\" \/>\n<meta property=\"og:site_name\" content=\"France\" \/>\n<meta property=\"article:published_time\" content=\"2023-06-16T11:22:00+00:00\" \/>\n<meta property=\"article:modified_time\" content=\"2023-06-16T14:39:44+00:00\" \/>\n<meta property=\"og:image\" content=\"https:\/\/www.smartbox.com\/fr\/blog\/wp-content\/uploads\/2019\/06\/recette-d\u00e9t\u00e9-l\u00e9ger.jpg\" \/>\n\t<meta property=\"og:image:width\" content=\"1900\" \/>\n\t<meta property=\"og:image:height\" content=\"1267\" \/>\n\t<meta property=\"og:image:type\" content=\"image\/jpeg\" \/>\n<meta name=\"author\" content=\"Pauline\" \/>\n<meta name=\"twitter:card\" content=\"summary_large_image\" \/>\n<meta name=\"twitter:label1\" content=\"\u00c9crit par\" \/>\n\t<meta name=\"twitter:data1\" content=\"Pauline\" \/>\n\t<meta name=\"twitter:label2\" content=\"Dur\u00e9e de lecture estim\u00e9e\" \/>\n\t<meta name=\"twitter:data2\" content=\"6 minutes\" \/>\n<script type=\"application\/ld+json\" class=\"yoast-schema-graph\">{\"@context\":\"https:\\\/\\\/schema.org\",\"@graph\":[{\"@type\":\"Article\",\"@id\":\"https:\\\/\\\/www.smartbox.com\\\/fr\\\/blog\\\/idees-recettes-repas-dete-leger\\\/#article\",\"isPartOf\":{\"@id\":\"https:\\\/\\\/www.smartbox.com\\\/fr\\\/blog\\\/idees-recettes-repas-dete-leger\\\/\"},\"author\":{\"name\":\"Pauline\",\"@id\":\"https:\\\/\\\/www.smartbox.com\\\/fr\\\/blog\\\/#\\\/schema\\\/person\\\/0def93adb00e53abc58b626f646950ac\"},\"headline\":\"Id\u00e9es recettes pour un repas d&rsquo;\u00e9t\u00e9 l\u00e9ger, de l\u2019entr\u00e9e au dessert\",\"datePublished\":\"2023-06-16T11:22:00+00:00\",\"dateModified\":\"2023-06-16T14:39:44+00:00\",\"mainEntityOfPage\":{\"@id\":\"https:\\\/\\\/www.smartbox.com\\\/fr\\\/blog\\\/idees-recettes-repas-dete-leger\\\/\"},\"wordCount\":1165,\"publisher\":{\"@id\":\"https:\\\/\\\/www.smartbox.com\\\/fr\\\/blog\\\/#organization\"},\"image\":{\"@id\":\"https:\\\/\\\/www.smartbox.com\\\/fr\\\/blog\\\/idees-recettes-repas-dete-leger\\\/#primaryimage\"},\"thumbnailUrl\":\"https:\\\/\\\/www.smartbox.com\\\/fr\\\/blog\\\/wp-content\\\/uploads\\\/2019\\\/06\\\/recette-d\u00e9t\u00e9-l\u00e9ger.jpg\",\"keywords\":[\"Cuisine traditionnelle\",\"Id\u00e9es recettes\",\"Dessert\",\"\u00e9t\u00e9\"],\"articleSection\":[\"Gastronomie\"],\"inLanguage\":\"fr-FR\"},{\"@type\":\"WebPage\",\"@id\":\"https:\\\/\\\/www.smartbox.com\\\/fr\\\/blog\\\/idees-recettes-repas-dete-leger\\\/\",\"url\":\"https:\\\/\\\/www.smartbox.com\\\/fr\\\/blog\\\/idees-recettes-repas-dete-leger\\\/\",\"name\":\"Id\u00e9es recettes pour un repas d'\u00e9t\u00e9 l\u00e9ger de l\u2019entr\u00e9e au dessert\",\"isPartOf\":{\"@id\":\"https:\\\/\\\/www.smartbox.com\\\/fr\\\/blog\\\/#website\"},\"primaryImageOfPage\":{\"@id\":\"https:\\\/\\\/www.smartbox.com\\\/fr\\\/blog\\\/idees-recettes-repas-dete-leger\\\/#primaryimage\"},\"image\":{\"@id\":\"https:\\\/\\\/www.smartbox.com\\\/fr\\\/blog\\\/idees-recettes-repas-dete-leger\\\/#primaryimage\"},\"thumbnailUrl\":\"https:\\\/\\\/www.smartbox.com\\\/fr\\\/blog\\\/wp-content\\\/uploads\\\/2019\\\/06\\\/recette-d\u00e9t\u00e9-l\u00e9ger.jpg\",\"datePublished\":\"2023-06-16T11:22:00+00:00\",\"dateModified\":\"2023-06-16T14:39:44+00:00\",\"description\":\"Pour les repas d'\u00e9t\u00e9 on r\u00eave tous de mets bien frais et savoureux ! Alors d\u00e9couvrez notre repas d'\u00e9t\u00e9 avec des recettes de l'entr\u00e9e au dessert. Bon app\u00e9tit!\",\"inLanguage\":\"fr-FR\",\"potentialAction\":[{\"@type\":\"ReadAction\",\"target\":[\"https:\\\/\\\/www.smartbox.com\\\/fr\\\/blog\\\/idees-recettes-repas-dete-leger\\\/\"]}]},{\"@type\":\"ImageObject\",\"inLanguage\":\"fr-FR\",\"@id\":\"https:\\\/\\\/www.smartbox.com\\\/fr\\\/blog\\\/idees-recettes-repas-dete-leger\\\/#primaryimage\",\"url\":\"https:\\\/\\\/www.smartbox.com\\\/fr\\\/blog\\\/wp-content\\\/uploads\\\/2019\\\/06\\\/recette-d\u00e9t\u00e9-l\u00e9ger.jpg\",\"contentUrl\":\"https:\\\/\\\/www.smartbox.com\\\/fr\\\/blog\\\/wp-content\\\/uploads\\\/2019\\\/06\\\/recette-d\u00e9t\u00e9-l\u00e9ger.jpg\",\"width\":1900,\"height\":1267,\"caption\":\"Id\u00e9es recettes d'\u00e9t\u00e9\"},{\"@type\":\"WebSite\",\"@id\":\"https:\\\/\\\/www.smartbox.com\\\/fr\\\/blog\\\/#website\",\"url\":\"https:\\\/\\\/www.smartbox.com\\\/fr\\\/blog\\\/\",\"name\":\"France\",\"description\":\"\",\"publisher\":{\"@id\":\"https:\\\/\\\/www.smartbox.com\\\/fr\\\/blog\\\/#organization\"},\"potentialAction\":[{\"@type\":\"SearchAction\",\"target\":{\"@type\":\"EntryPoint\",\"urlTemplate\":\"https:\\\/\\\/www.smartbox.com\\\/fr\\\/blog\\\/?s={search_term_string}\"},\"query-input\":{\"@type\":\"PropertyValueSpecification\",\"valueRequired\":true,\"valueName\":\"search_term_string\"}}],\"inLanguage\":\"fr-FR\"},{\"@type\":\"Organization\",\"@id\":\"https:\\\/\\\/www.smartbox.com\\\/fr\\\/blog\\\/#organization\",\"name\":\"Smartbox\",\"url\":\"https:\\\/\\\/www.smartbox.com\\\/fr\\\/blog\\\/\",\"logo\":{\"@type\":\"ImageObject\",\"inLanguage\":\"fr-FR\",\"@id\":\"https:\\\/\\\/www.smartbox.com\\\/fr\\\/blog\\\/#\\\/schema\\\/logo\\\/image\\\/\",\"url\":\"https:\\\/\\\/digital.sbxtest.net\\\/fr\\\/blog\\\/wp-content\\\/uploads\\\/2022\\\/04\\\/LOGO-CH-FR-BLOG.svg\",\"contentUrl\":\"https:\\\/\\\/digital.sbxtest.net\\\/fr\\\/blog\\\/wp-content\\\/uploads\\\/2022\\\/04\\\/LOGO-CH-FR-BLOG.svg\",\"width\":1,\"height\":1,\"caption\":\"Smartbox\"},\"image\":{\"@id\":\"https:\\\/\\\/www.smartbox.com\\\/fr\\\/blog\\\/#\\\/schema\\\/logo\\\/image\\\/\"}},{\"@type\":\"Person\",\"@id\":\"https:\\\/\\\/www.smartbox.com\\\/fr\\\/blog\\\/#\\\/schema\\\/person\\\/0def93adb00e53abc58b626f646950ac\",\"name\":\"Pauline\",\"image\":{\"@type\":\"ImageObject\",\"inLanguage\":\"fr-FR\",\"@id\":\"https:\\\/\\\/secure.gravatar.com\\\/avatar\\\/de247de632eb1e17a9350d47148b33d6ef1bc46bdb2bbb993587895eaa66d4b5?s=96&d=mm&r=g\",\"url\":\"https:\\\/\\\/secure.gravatar.com\\\/avatar\\\/de247de632eb1e17a9350d47148b33d6ef1bc46bdb2bbb993587895eaa66d4b5?s=96&d=mm&r=g\",\"contentUrl\":\"https:\\\/\\\/secure.gravatar.com\\\/avatar\\\/de247de632eb1e17a9350d47148b33d6ef1bc46bdb2bbb993587895eaa66d4b5?s=96&d=mm&r=g\",\"caption\":\"Pauline\"}}]}<\/script>\n<!-- \/ Yoast SEO Premium plugin. -->","yoast_head_json":{"title":"Id\u00e9es recettes pour un repas d'\u00e9t\u00e9 l\u00e9ger de l\u2019entr\u00e9e au dessert","description":"Pour les repas d'\u00e9t\u00e9 on r\u00eave tous de mets bien frais et savoureux ! Alors d\u00e9couvrez notre repas d'\u00e9t\u00e9 avec des recettes de l'entr\u00e9e au dessert. Bon app\u00e9tit!","robots":{"index":"index","follow":"follow","max-snippet":"max-snippet:-1","max-image-preview":"max-image-preview:large","max-video-preview":"max-video-preview:-1"},"canonical":"https:\/\/www.smartbox.com\/fr\/blog\/idees-recettes-repas-dete-leger\/","og_locale":"fr_FR","og_type":"article","og_title":"Id\u00e9es recettes pour un repas d'\u00e9t\u00e9 l\u00e9ger de l\u2019entr\u00e9e au dessert","og_description":"Pour les repas d'\u00e9t\u00e9 on r\u00eave tous de mets bien frais et savoureux ! Alors d\u00e9couvrez notre repas d'\u00e9t\u00e9 avec des recettes de l'entr\u00e9e au dessert. Bon app\u00e9tit!","og_url":"https:\/\/www.smartbox.com\/fr\/blog\/idees-recettes-repas-dete-leger\/","og_site_name":"France","article_published_time":"2023-06-16T11:22:00+00:00","article_modified_time":"2023-06-16T14:39:44+00:00","og_image":[{"width":1900,"height":1267,"url":"https:\/\/www.smartbox.com\/fr\/blog\/wp-content\/uploads\/2019\/06\/recette-d\u00e9t\u00e9-l\u00e9ger.jpg","type":"image\/jpeg"}],"author":"Pauline","twitter_card":"summary_large_image","twitter_misc":{"\u00c9crit par":"Pauline","Dur\u00e9e de lecture estim\u00e9e":"6 minutes"},"schema":{"@context":"https:\/\/schema.org","@graph":[{"@type":"Article","@id":"https:\/\/www.smartbox.com\/fr\/blog\/idees-recettes-repas-dete-leger\/#article","isPartOf":{"@id":"https:\/\/www.smartbox.com\/fr\/blog\/idees-recettes-repas-dete-leger\/"},"author":{"name":"Pauline","@id":"https:\/\/www.smartbox.com\/fr\/blog\/#\/schema\/person\/0def93adb00e53abc58b626f646950ac"},"headline":"Id\u00e9es recettes pour un repas d&rsquo;\u00e9t\u00e9 l\u00e9ger, de l\u2019entr\u00e9e au dessert","datePublished":"2023-06-16T11:22:00+00:00","dateModified":"2023-06-16T14:39:44+00:00","mainEntityOfPage":{"@id":"https:\/\/www.smartbox.com\/fr\/blog\/idees-recettes-repas-dete-leger\/"},"wordCount":1165,"publisher":{"@id":"https:\/\/www.smartbox.com\/fr\/blog\/#organization"},"image":{"@id":"https:\/\/www.smartbox.com\/fr\/blog\/idees-recettes-repas-dete-leger\/#primaryimage"},"thumbnailUrl":"https:\/\/www.smartbox.com\/fr\/blog\/wp-content\/uploads\/2019\/06\/recette-d\u00e9t\u00e9-l\u00e9ger.jpg","keywords":["Cuisine traditionnelle","Id\u00e9es recettes","Dessert","\u00e9t\u00e9"],"articleSection":["Gastronomie"],"inLanguage":"fr-FR"},{"@type":"WebPage","@id":"https:\/\/www.smartbox.com\/fr\/blog\/idees-recettes-repas-dete-leger\/","url":"https:\/\/www.smartbox.com\/fr\/blog\/idees-recettes-repas-dete-leger\/","name":"Id\u00e9es recettes pour un repas d'\u00e9t\u00e9 l\u00e9ger de l\u2019entr\u00e9e au dessert","isPartOf":{"@id":"https:\/\/www.smartbox.com\/fr\/blog\/#website"},"primaryImageOfPage":{"@id":"https:\/\/www.smartbox.com\/fr\/blog\/idees-recettes-repas-dete-leger\/#primaryimage"},"image":{"@id":"https:\/\/www.smartbox.com\/fr\/blog\/idees-recettes-repas-dete-leger\/#primaryimage"},"thumbnailUrl":"https:\/\/www.smartbox.com\/fr\/blog\/wp-content\/uploads\/2019\/06\/recette-d\u00e9t\u00e9-l\u00e9ger.jpg","datePublished":"2023-06-16T11:22:00+00:00","dateModified":"2023-06-16T14:39:44+00:00","description":"Pour les repas d'\u00e9t\u00e9 on r\u00eave tous de mets bien frais et savoureux ! Alors d\u00e9couvrez notre repas d'\u00e9t\u00e9 avec des recettes de l'entr\u00e9e au dessert. Bon app\u00e9tit!","inLanguage":"fr-FR","potentialAction":[{"@type":"ReadAction","target":["https:\/\/www.smartbox.com\/fr\/blog\/idees-recettes-repas-dete-leger\/"]}]},{"@type":"ImageObject","inLanguage":"fr-FR","@id":"https:\/\/www.smartbox.com\/fr\/blog\/idees-recettes-repas-dete-leger\/#primaryimage","url":"https:\/\/www.smartbox.com\/fr\/blog\/wp-content\/uploads\/2019\/06\/recette-d\u00e9t\u00e9-l\u00e9ger.jpg","contentUrl":"https:\/\/www.smartbox.com\/fr\/blog\/wp-content\/uploads\/2019\/06\/recette-d\u00e9t\u00e9-l\u00e9ger.jpg","width":1900,"height":1267,"caption":"Id\u00e9es recettes d'\u00e9t\u00e9"},{"@type":"WebSite","@id":"https:\/\/www.smartbox.com\/fr\/blog\/#website","url":"https:\/\/www.smartbox.com\/fr\/blog\/","name":"France","description":"","publisher":{"@id":"https:\/\/www.smartbox.com\/fr\/blog\/#organization"},"potentialAction":[{"@type":"SearchAction","target":{"@type":"EntryPoint","urlTemplate":"https:\/\/www.smartbox.com\/fr\/blog\/?s={search_term_string}"},"query-input":{"@type":"PropertyValueSpecification","valueRequired":true,"valueName":"search_term_string"}}],"inLanguage":"fr-FR"},{"@type":"Organization","@id":"https:\/\/www.smartbox.com\/fr\/blog\/#organization","name":"Smartbox","url":"https:\/\/www.smartbox.com\/fr\/blog\/","logo":{"@type":"ImageObject","inLanguage":"fr-FR","@id":"https:\/\/www.smartbox.com\/fr\/blog\/#\/schema\/logo\/image\/","url":"https:\/\/digital.sbxtest.net\/fr\/blog\/wp-content\/uploads\/2022\/04\/LOGO-CH-FR-BLOG.svg","contentUrl":"https:\/\/digital.sbxtest.net\/fr\/blog\/wp-content\/uploads\/2022\/04\/LOGO-CH-FR-BLOG.svg","width":1,"height":1,"caption":"Smartbox"},"image":{"@id":"https:\/\/www.smartbox.com\/fr\/blog\/#\/schema\/logo\/image\/"}},{"@type":"Person","@id":"https:\/\/www.smartbox.com\/fr\/blog\/#\/schema\/person\/0def93adb00e53abc58b626f646950ac","name":"Pauline","image":{"@type":"ImageObject","inLanguage":"fr-FR","@id":"https:\/\/secure.gravatar.com\/avatar\/de247de632eb1e17a9350d47148b33d6ef1bc46bdb2bbb993587895eaa66d4b5?s=96&d=mm&r=g","url":"https:\/\/secure.gravatar.com\/avatar\/de247de632eb1e17a9350d47148b33d6ef1bc46bdb2bbb993587895eaa66d4b5?s=96&d=mm&r=g","contentUrl":"https:\/\/secure.gravatar.com\/avatar\/de247de632eb1e17a9350d47148b33d6ef1bc46bdb2bbb993587895eaa66d4b5?s=96&d=mm&r=g","caption":"Pauline"}}]}},"amp_enabled":true,"_links":{"self":[{"href":"https:\/\/www.smartbox.com\/fr\/blog\/wp-json\/wp\/v2\/posts\/10070","targetHints":{"allow":["GET"]}}],"collection":[{"href":"https:\/\/www.smartbox.com\/fr\/blog\/wp-json\/wp\/v2\/posts"}],"about":[{"href":"https:\/\/www.smartbox.com\/fr\/blog\/wp-json\/wp\/v2\/types\/post"}],"author":[{"embeddable":true,"href":"https:\/\/www.smartbox.com\/fr\/blog\/wp-json\/wp\/v2\/users\/21"}],"replies":[{"embeddable":true,"href":"https:\/\/www.smartbox.com\/fr\/blog\/wp-json\/wp\/v2\/comments?post=10070"}],"version-history":[{"count":2,"href":"https:\/\/www.smartbox.com\/fr\/blog\/wp-json\/wp\/v2\/posts\/10070\/revisions"}],"predecessor-version":[{"id":57161,"href":"https:\/\/www.smartbox.com\/fr\/blog\/wp-json\/wp\/v2\/posts\/10070\/revisions\/57161"}],"wp:featuredmedia":[{"embeddable":true,"href":"https:\/\/www.smartbox.com\/fr\/blog\/wp-json\/wp\/v2\/media\/10087"}],"wp:attachment":[{"href":"https:\/\/www.smartbox.com\/fr\/blog\/wp-json\/wp\/v2\/media?parent=10070"}],"wp:term":[{"taxonomy":"category","embeddable":true,"href":"https:\/\/www.smartbox.com\/fr\/blog\/wp-json\/wp\/v2\/categories?post=10070"},{"taxonomy":"post_tag","embeddable":true,"href":"https:\/\/www.smartbox.com\/fr\/blog\/wp-json\/wp\/v2\/tags?post=10070"}],"curies":[{"name":"wp","href":"https:\/\/api.w.org\/{rel}","templated":true}]}}