{"id":10002,"date":"2019-06-14T08:09:15","date_gmt":"2019-06-14T07:09:15","guid":{"rendered":"https:\/\/www.smartbox.com\/fr\/blog\/?p=10002"},"modified":"2023-10-19T14:10:58","modified_gmt":"2023-10-19T13:10:58","slug":"les-evenements-de-l-ete-en-france","status":"publish","type":"post","link":"https:\/\/www.smartbox.com\/fr\/blog\/les-evenements-de-l-ete-en-france\/","title":{"rendered":"Les \u00e9v\u00e9nements \u00e0 ne pas manquer cet \u00e9t\u00e9 en France !"},"content":{"rendered":"\n<p>Avec les journ\u00e9es qui rallongent et l\u2019arriv\u00e9e en fanfare des apr\u00e8s-midis farniente et balades, l\u2019\u00e9t\u00e9 est la meilleure p\u00e9riode de l\u2019ann\u00e9e pour <strong>profiter d&rsquo;\u00e9v\u00e9nements culturels et artistiques<\/strong>.<\/p>\n\n\n\n<p><strong>Des \u00e9v\u00e9nements estivaux<\/strong> dont on profite en ext\u00e9rieur, bien \u00e9videmment&nbsp;! <\/p>\n\n\n\n<p>De la F\u00eate de la\nMusique qui lance officiellement l\u2019\u00e9t\u00e9 \u00e0 des manifestations culturelles\nl\u00e9g\u00e8rement moins connues ou auxquelles on ne pense pas forc\u00e9ment, on vous donne\nune <strong>liste des \u00e9v\u00e9nements \u00e0 ne surtout\npas manquer cet \u00e9t\u00e9<\/strong>. <\/p>\n\n\n\n<p>A vos agendas&nbsp;! <\/p>\n\n\n\n<p><strong><a class=\"rel-pdt-btn\" href=\" https:\/\/www.smartbox.com\/fr\/multi-themes\/sorties-culturelles\/\" rel=\"noopener noreferrer\"> Un \u00e9t\u00e9 sous le signe de la culture<\/a><\/strong><\/p>\n\n\n\n<h2 class=\"wp-block-heading\" id=\"h-les-evenements-de-l-ete-2019-a-vivre-en-france\"><br><strong>Les \u00e9v\u00e9nements de l\u2019\u00e9t\u00e9 2019 \u00e0 vivre en France : <\/strong><\/h2>\n\n\n\n<h3 class=\"wp-block-heading\" id=\"h-la-fete-de-la-musique-nbsp-21-juin\"><strong>La F\u00eate de la Musique&nbsp;&#8211; 21 juin<\/strong><\/h3>\n\n\n\n<p>On ne pouvait pas\ncommencer cette liste sans parler de l\u2019\u00e9v\u00e9nement que tout le monde attend, les\nm\u00e9lomanes comme ceux qui guettent chaque ann\u00e9e l\u2019arriv\u00e9e de l\u2019\u00e9t\u00e9 avec\nimpatience&nbsp;: la F\u00eate de la musique bien s\u00fbr&nbsp;! <\/p>\n\n\n\n<p>L\u2019occasion pour\ntout un chacun de sortir dans sa ville ou son village pour s\u2019amuser au son de\nmusiques aux influences venues des quatre coins du Monde et profiter de la\ndouceur estivale qui s\u2019installe.<\/p>\n\n\n\n<p>Parce que dans toute la France des \u00e9v\u00e9nements, concerts et ateliers sont organis\u00e9s tous les 21 juin pour c\u00e9l\u00e9brer la musique en ce premier jour de l\u2019\u00e9t\u00e9, c\u2019est l\u2019occasion de sortir en famille ou entre amis pour profiter d\u2019instants de partage sur des notes musicales. <\/p>\n\n\n\n<figure class=\"wp-block-image\"><a href=\"https:\/\/www.smartbox.com\/fr\/multi-themes\/sorties-culturelles\/\"><img loading=\"lazy\" decoding=\"async\" width=\"1024\" height=\"683\" src=\"https:\/\/www.smartbox.com\/fr\/blog\/wp-content\/uploads\/sites\/6\/2019\/06\/fete-de-la-musique-2019-1024x683.jpg\" alt=\"F\u00eate de la musique 2019\" class=\"wp-image-10005\" srcset=\"https:\/\/www.smartbox.com\/fr\/blog\/wp-content\/uploads\/2019\/06\/fete-de-la-musique-2019-1024x683.jpg 1024w, https:\/\/www.smartbox.com\/fr\/blog\/wp-content\/uploads\/2019\/06\/fete-de-la-musique-2019-300x200.jpg 300w, https:\/\/www.smartbox.com\/fr\/blog\/wp-content\/uploads\/2019\/06\/fete-de-la-musique-2019-768x512.jpg 768w, https:\/\/www.smartbox.com\/fr\/blog\/wp-content\/uploads\/2019\/06\/fete-de-la-musique-2019.jpg 1900w\" sizes=\"auto, (max-width: 1024px) 100vw, 1024px\" \/><\/a><\/figure>\n\n\n\n<h3 class=\"wp-block-heading\" id=\"h-festival-d-art-pyrotechnique-de-cannes-du-14-juillet-au-24-aout\"><strong>Festival d\u2019art pyrotechnique de Cannes &#8211; du 14\njuillet au 24 ao\u00fbt <\/strong><\/h3>\n\n\n\n<p>Si on\ns\u2019\u00e9merveille tous devant les feux d\u2019artifice tir\u00e9s dans nos villes et villages\nle jour du 14 juillet, force est d\u2019avouer que certains sortent du lot. Et ceux\ntir\u00e9s dans la Baie de Cannes font partie de ceux-l\u00e0. <\/p>\n\n\n\n<p>Chaque ann\u00e9e la\nBaie de Cannes est le th\u00e9\u00e2tre d\u2019une belle bataille entre artificiers venus du\nmonde entier pour concourir durant les 6 nuits du festival durant lesquelles de\nmagnifiques feux d\u2019artifice viennent \u00e9blouir les yeux des petits comme des\ngrands. <\/p>\n\n\n\n<p>Toutes les\nsemaines entre le 14 juillet et le 24 ao\u00fbt, les chanceux qui se trouveront \u00e0\nCannes pourront donc profiter de magnifiques spectacles pyrotechniques.<\/p>\n\n\n\n<h3 class=\"wp-block-heading\" id=\"h-les-fetes-de-bayonne-nbsp-du-24-au-28-juillet\"><strong>Les F\u00eates de Bayonne&nbsp;&#8211; du 24 au 28 juillet <\/strong><\/h3>\n\n\n\n<p>La C\u00f4te Basque\nfait partie de ces destinations qui font r\u00eaver lorsque l\u2019on songe aux vacances\nd\u2019\u00e9t\u00e9 alors quand on pense en plus aux F\u00eates de Bayonne le tableau est\nid\u00e9al&nbsp;! Si la r\u00e9gion en elle-m\u00eame vaut v\u00e9ritablement le d\u00e9tour, les F\u00eates\nde Bayonne m\u00e9ritent d\u2019avoir \u00e9t\u00e9 v\u00e9cues au moins une fois dans sa vie. <\/p>\n\n\n\n<p>Avec les festayres\nqui d\u00e9filent par milliers v\u00eatus de blanc et rouge et l\u2019ambiance incroyable qui\nr\u00e8gne dans les rues, les F\u00eates de Bayonne ont ce petit c\u00f4t\u00e9 intemporel qui en\nfait un \u00e9v\u00e9nement \u00e0 part dans le paysage culturel fran\u00e7ais. <\/p>\n\n\n\n<p>Pas \u00e9tonnant donc que des millions d\u2019amateurs de f\u00e9rias, d\u00e9fil\u00e9s, culture, gastronomie et musique basque se r\u00e9unissent chaque ann\u00e9e pour profiter ensemble de la nouvelle \u00e9dition. <\/p>\n\n\n\n<blockquote class=\"wp-block-quote is-layout-flow wp-block-quote-is-layout-flow\">\n<p><strong>A lire aussi&nbsp;: <a href=\"https:\/\/www.smartbox.com\/fr\/blog\/meilleurs-festivals-en-france\/\">Tour d\u2019horizons des meilleurs festivals de l\u2019\u00e9t\u00e9 en France<\/a><\/strong><\/p>\n<\/blockquote>\n\n\n\n<h3 class=\"wp-block-heading\" id=\"h-les-nuits-des-etoiles-du-2-au-4-aout-nbsp\"><strong>Les nuits des \u00e9toiles &#8211; du 2 au 4 ao\u00fbt &nbsp;<\/strong><\/h3>\n\n\n\n<p>Vous n\u2019avez\njamais particip\u00e9 \u00e0 des \u00e9v\u00e9nements propos\u00e9s dans le cadre des Nuits des\nEtoiles&nbsp;? <\/p>\n\n\n\n<p>Alors que l\u2019\u00e9dition 2019 des Nuits des Etoiles c\u00e9l\u00e8bre les cinquante ans du premier homme sur la lune, c\u2019est le moment parfait pour en d\u00e9couvrir plus sur l\u2019astronomie et s\u2019\u00e9merveiller devant la beaut\u00e9 d\u2019une nuit \u00e9toil\u00e9e&nbsp;!<\/p>\n\n\n\n<figure class=\"wp-block-image\"><a href=\"https:\/\/www.smartbox.com\/fr\/nos-smartbox\/sejour\/\"><img loading=\"lazy\" decoding=\"async\" width=\"1024\" height=\"651\" src=\"https:\/\/www.smartbox.com\/fr\/blog\/wp-content\/uploads\/sites\/6\/2019\/06\/nuits-des-etoiles-2019-1024x651.jpg\" alt=\"Nuits des \u00e9toiles 2019\" class=\"wp-image-10006\" srcset=\"https:\/\/www.smartbox.com\/fr\/blog\/wp-content\/uploads\/2019\/06\/nuits-des-etoiles-2019-1024x651.jpg 1024w, https:\/\/www.smartbox.com\/fr\/blog\/wp-content\/uploads\/2019\/06\/nuits-des-etoiles-2019-300x191.jpg 300w, https:\/\/www.smartbox.com\/fr\/blog\/wp-content\/uploads\/2019\/06\/nuits-des-etoiles-2019-768x488.jpg 768w, https:\/\/www.smartbox.com\/fr\/blog\/wp-content\/uploads\/2019\/06\/nuits-des-etoiles-2019.jpg 1900w\" sizes=\"auto, (max-width: 1024px) 100vw, 1024px\" \/><\/a><\/figure>\n\n\n\n<p>Que vous soyez\nf\u00e9ru(e) d\u2019astronomie, que vous souhaitiez simplement en apprendre davantage sur\nles \u00e9toiles qui composent notre galaxie ou que vous ayez envie de les admirer\navec du mat\u00e9riel plus performant que les jumelles qui trainent chez vous au\nfond d\u2019un tiroir, il y a forc\u00e9ment un \u00e9v\u00e9nement qui correspondra \u00e0 vos envies. <\/p>\n\n\n\n<p>Car du Nord au Sud et de l\u2019Est \u00e0 l\u2019Ouest de la France, des centaines de manifestations sont propos\u00e9es par l\u2019Association Fran\u00e7aise de l\u2019Astronomie et bien d\u2019autres organisations, alors ce serait dommage de passer \u00e0 c\u00f4t\u00e9. <\/p>\n\n\n\n<h3 class=\"wp-block-heading\" id=\"h-festival-international-des-jardins-de-chaumont-sur-loire-tout-l-ete\"><strong>Festival International des Jardins de\nChaumont-sur-Loire &#8211; Tout l\u2019\u00e9t\u00e9 <\/strong><\/h3>\n\n\n\n<p>Pour ceux dont les vacances sont synonymes de nature, le Festival International des Jardins sera l\u2019occasion de belles d\u00e9couvertes sous le signe de la flore sur la route des Ch\u00e2teaux de la Loire.  <\/p>\n\n\n\n<p>Depuis 28 \u00e9ditions, des artistes venus du Monde entier pr\u00e9sentent au Domaine de Chaumont-sur-Loire des cr\u00e9ations qui \u00e9voluent au fil du temps et donnent \u00e0 r\u00e9fl\u00e9chir autour de la notion de jardin, de cr\u00e9ation botanique et de notre place au sein de la nature. <\/p>\n\n\n\n<p>En cette \u00e9dition 2019, les artistes nous emm\u00e8nent dans leur univers \u00e0 travers un th\u00e8me commun&nbsp;: les Jardins de paradis. Cela laisse r\u00eaveur, n\u2019est-ce pas&nbsp;? <\/p>\n\n\n\n<p>Alors quel meilleur moyen de terminer cette s\u00e9lection des \u00e9v\u00e9nements \u00e0 ne pas manquer cet \u00e9t\u00e9 en France qu\u2019avec un festival qui met \u00e0 l\u2019honneur la beaut\u00e9 de la nature et nous invite \u00e0 laisser libre cours \u00e0 notre imagination au c\u0153ur de cr\u00e9ations hautes en couleurs et en odeurs&nbsp;? <\/p>\n\n\n\n<p>Il ne nous reste plus qu\u2019\u00e0 vous souhaiter un tr\u00e8s bel \u00e9t\u00e9\u00a0! <\/p>\n","protected":false},"excerpt":{"rendered":"<p>Avec les journ\u00e9es qui rallongent et l\u2019arriv\u00e9e en fanfare des apr\u00e8s-midis farniente et balades, l\u2019\u00e9t\u00e9 est la meilleure p\u00e9riode de l\u2019ann\u00e9e pour profiter d&rsquo;\u00e9v\u00e9nements culturels et artistiques. Des \u00e9v\u00e9nements estivaux dont on profite en ext\u00e9rieur, bien \u00e9videmment&nbsp;! De la F\u00eate de la Musique qui lance officiellement l\u2019\u00e9t\u00e9 \u00e0 des manifestations culturelles l\u00e9g\u00e8rement moins connues ou [&hellip;]<\/p>\n","protected":false},"author":21,"featured_media":10004,"comment_status":"closed","ping_status":"closed","sticky":false,"template":"","format":"standard","meta":{"_acf_changed":false,"footnotes":""},"categories":[50],"tags":[539,2639,3328,3331],"class_list":["post-10002","post","type-post","status-publish","format-standard","has-post-thumbnail","hentry","category-lifestyle-bien-etre","tag-ete","tag-culture","tag-musique","tag-festival"],"acf":[],"yoast_head":"<!-- This site is optimized with the Yoast SEO Premium plugin v21.7 (Yoast SEO v27.4) - https:\/\/yoast.com\/product\/yoast-seo-premium-wordpress\/ -->\n<title>Les \u00e9v\u00e9nements \u00e0 ne pas manquer cet \u00e9t\u00e9 en France ! - France<\/title>\n<meta name=\"description\" content=\"Vous recherchez les meilleurs \u00e9v\u00e9nements de l&#039;\u00e9t\u00e9 en France ? \u00c7a tombe bien, voil\u00e0 une s\u00e9lection des \u00e9v\u00e9nements \u00e0 ne pas rater cet \u00e9t\u00e9 dans l&#039;hexagone !\" \/>\n<meta name=\"robots\" content=\"index, follow, max-snippet:-1, max-image-preview:large, max-video-preview:-1\" \/>\n<link rel=\"canonical\" href=\"https:\/\/www.smartbox.com\/fr\/blog\/les-evenements-de-l-ete-en-france\/\" \/>\n<meta property=\"og:locale\" content=\"fr_FR\" \/>\n<meta property=\"og:type\" content=\"article\" \/>\n<meta property=\"og:title\" content=\"Les \u00e9v\u00e9nements \u00e0 ne pas manquer cet \u00e9t\u00e9 en France ! - France\" \/>\n<meta property=\"og:description\" content=\"Vous recherchez les meilleurs \u00e9v\u00e9nements de l&#039;\u00e9t\u00e9 en France ? \u00c7a tombe bien, voil\u00e0 une s\u00e9lection des \u00e9v\u00e9nements \u00e0 ne pas rater cet \u00e9t\u00e9 dans l&#039;hexagone !\" \/>\n<meta property=\"og:url\" content=\"https:\/\/www.smartbox.com\/fr\/blog\/les-evenements-de-l-ete-en-france\/\" \/>\n<meta property=\"og:site_name\" content=\"France\" \/>\n<meta property=\"article:published_time\" content=\"2019-06-14T07:09:15+00:00\" \/>\n<meta property=\"article:modified_time\" content=\"2023-10-19T13:10:58+00:00\" \/>\n<meta property=\"og:image\" content=\"https:\/\/www.smartbox.com\/fr\/blog\/wp-content\/uploads\/2019\/06\/evenement-\u00e9t\u00e9-en-france.jpg\" \/>\n\t<meta property=\"og:image:width\" content=\"1900\" \/>\n\t<meta property=\"og:image:height\" content=\"1293\" \/>\n\t<meta property=\"og:image:type\" content=\"image\/jpeg\" \/>\n<meta name=\"author\" content=\"Pauline\" \/>\n<meta name=\"twitter:card\" content=\"summary_large_image\" \/>\n<meta name=\"twitter:label1\" content=\"\u00c9crit par\" \/>\n\t<meta name=\"twitter:data1\" content=\"Pauline\" \/>\n\t<meta name=\"twitter:label2\" content=\"Dur\u00e9e de lecture estim\u00e9e\" \/>\n\t<meta name=\"twitter:data2\" content=\"5 minutes\" \/>\n<script type=\"application\/ld+json\" class=\"yoast-schema-graph\">{\"@context\":\"https:\\\/\\\/schema.org\",\"@graph\":[{\"@type\":\"Article\",\"@id\":\"https:\\\/\\\/www.smartbox.com\\\/fr\\\/blog\\\/les-evenements-de-l-ete-en-france\\\/#article\",\"isPartOf\":{\"@id\":\"https:\\\/\\\/www.smartbox.com\\\/fr\\\/blog\\\/les-evenements-de-l-ete-en-france\\\/\"},\"author\":{\"name\":\"Pauline\",\"@id\":\"https:\\\/\\\/www.smartbox.com\\\/fr\\\/blog\\\/#\\\/schema\\\/person\\\/0def93adb00e53abc58b626f646950ac\"},\"headline\":\"Les \u00e9v\u00e9nements \u00e0 ne pas manquer cet \u00e9t\u00e9 en France !\",\"datePublished\":\"2019-06-14T07:09:15+00:00\",\"dateModified\":\"2023-10-19T13:10:58+00:00\",\"mainEntityOfPage\":{\"@id\":\"https:\\\/\\\/www.smartbox.com\\\/fr\\\/blog\\\/les-evenements-de-l-ete-en-france\\\/\"},\"wordCount\":929,\"publisher\":{\"@id\":\"https:\\\/\\\/www.smartbox.com\\\/fr\\\/blog\\\/#organization\"},\"image\":{\"@id\":\"https:\\\/\\\/www.smartbox.com\\\/fr\\\/blog\\\/les-evenements-de-l-ete-en-france\\\/#primaryimage\"},\"thumbnailUrl\":\"https:\\\/\\\/www.smartbox.com\\\/fr\\\/blog\\\/wp-content\\\/uploads\\\/2019\\\/06\\\/evenement-\u00e9t\u00e9-en-france.jpg\",\"keywords\":[\"\u00e9t\u00e9\",\"Culture\",\"Musique\",\"Festival\"],\"articleSection\":[\"Lifestyle &amp; Bien-\u00eatre\"],\"inLanguage\":\"fr-FR\"},{\"@type\":\"WebPage\",\"@id\":\"https:\\\/\\\/www.smartbox.com\\\/fr\\\/blog\\\/les-evenements-de-l-ete-en-france\\\/\",\"url\":\"https:\\\/\\\/www.smartbox.com\\\/fr\\\/blog\\\/les-evenements-de-l-ete-en-france\\\/\",\"name\":\"Les \u00e9v\u00e9nements \u00e0 ne pas manquer cet \u00e9t\u00e9 en France ! - France\",\"isPartOf\":{\"@id\":\"https:\\\/\\\/www.smartbox.com\\\/fr\\\/blog\\\/#website\"},\"primaryImageOfPage\":{\"@id\":\"https:\\\/\\\/www.smartbox.com\\\/fr\\\/blog\\\/les-evenements-de-l-ete-en-france\\\/#primaryimage\"},\"image\":{\"@id\":\"https:\\\/\\\/www.smartbox.com\\\/fr\\\/blog\\\/les-evenements-de-l-ete-en-france\\\/#primaryimage\"},\"thumbnailUrl\":\"https:\\\/\\\/www.smartbox.com\\\/fr\\\/blog\\\/wp-content\\\/uploads\\\/2019\\\/06\\\/evenement-\u00e9t\u00e9-en-france.jpg\",\"datePublished\":\"2019-06-14T07:09:15+00:00\",\"dateModified\":\"2023-10-19T13:10:58+00:00\",\"description\":\"Vous recherchez les meilleurs \u00e9v\u00e9nements de l'\u00e9t\u00e9 en France ? \u00c7a tombe bien, voil\u00e0 une s\u00e9lection des \u00e9v\u00e9nements \u00e0 ne pas rater cet \u00e9t\u00e9 dans l'hexagone !\",\"inLanguage\":\"fr-FR\",\"potentialAction\":[{\"@type\":\"ReadAction\",\"target\":[\"https:\\\/\\\/www.smartbox.com\\\/fr\\\/blog\\\/les-evenements-de-l-ete-en-france\\\/\"]}]},{\"@type\":\"ImageObject\",\"inLanguage\":\"fr-FR\",\"@id\":\"https:\\\/\\\/www.smartbox.com\\\/fr\\\/blog\\\/les-evenements-de-l-ete-en-france\\\/#primaryimage\",\"url\":\"https:\\\/\\\/www.smartbox.com\\\/fr\\\/blog\\\/wp-content\\\/uploads\\\/2019\\\/06\\\/evenement-\u00e9t\u00e9-en-france.jpg\",\"contentUrl\":\"https:\\\/\\\/www.smartbox.com\\\/fr\\\/blog\\\/wp-content\\\/uploads\\\/2019\\\/06\\\/evenement-\u00e9t\u00e9-en-france.jpg\",\"width\":1900,\"height\":1293},{\"@type\":\"WebSite\",\"@id\":\"https:\\\/\\\/www.smartbox.com\\\/fr\\\/blog\\\/#website\",\"url\":\"https:\\\/\\\/www.smartbox.com\\\/fr\\\/blog\\\/\",\"name\":\"France\",\"description\":\"\",\"publisher\":{\"@id\":\"https:\\\/\\\/www.smartbox.com\\\/fr\\\/blog\\\/#organization\"},\"potentialAction\":[{\"@type\":\"SearchAction\",\"target\":{\"@type\":\"EntryPoint\",\"urlTemplate\":\"https:\\\/\\\/www.smartbox.com\\\/fr\\\/blog\\\/?s={search_term_string}\"},\"query-input\":{\"@type\":\"PropertyValueSpecification\",\"valueRequired\":true,\"valueName\":\"search_term_string\"}}],\"inLanguage\":\"fr-FR\"},{\"@type\":\"Organization\",\"@id\":\"https:\\\/\\\/www.smartbox.com\\\/fr\\\/blog\\\/#organization\",\"name\":\"Smartbox\",\"url\":\"https:\\\/\\\/www.smartbox.com\\\/fr\\\/blog\\\/\",\"logo\":{\"@type\":\"ImageObject\",\"inLanguage\":\"fr-FR\",\"@id\":\"https:\\\/\\\/www.smartbox.com\\\/fr\\\/blog\\\/#\\\/schema\\\/logo\\\/image\\\/\",\"url\":\"https:\\\/\\\/digital.sbxtest.net\\\/fr\\\/blog\\\/wp-content\\\/uploads\\\/2022\\\/04\\\/LOGO-CH-FR-BLOG.svg\",\"contentUrl\":\"https:\\\/\\\/digital.sbxtest.net\\\/fr\\\/blog\\\/wp-content\\\/uploads\\\/2022\\\/04\\\/LOGO-CH-FR-BLOG.svg\",\"width\":1,\"height\":1,\"caption\":\"Smartbox\"},\"image\":{\"@id\":\"https:\\\/\\\/www.smartbox.com\\\/fr\\\/blog\\\/#\\\/schema\\\/logo\\\/image\\\/\"}},{\"@type\":\"Person\",\"@id\":\"https:\\\/\\\/www.smartbox.com\\\/fr\\\/blog\\\/#\\\/schema\\\/person\\\/0def93adb00e53abc58b626f646950ac\",\"name\":\"Pauline\",\"image\":{\"@type\":\"ImageObject\",\"inLanguage\":\"fr-FR\",\"@id\":\"https:\\\/\\\/secure.gravatar.com\\\/avatar\\\/de247de632eb1e17a9350d47148b33d6ef1bc46bdb2bbb993587895eaa66d4b5?s=96&d=mm&r=g\",\"url\":\"https:\\\/\\\/secure.gravatar.com\\\/avatar\\\/de247de632eb1e17a9350d47148b33d6ef1bc46bdb2bbb993587895eaa66d4b5?s=96&d=mm&r=g\",\"contentUrl\":\"https:\\\/\\\/secure.gravatar.com\\\/avatar\\\/de247de632eb1e17a9350d47148b33d6ef1bc46bdb2bbb993587895eaa66d4b5?s=96&d=mm&r=g\",\"caption\":\"Pauline\"}}]}<\/script>\n<!-- \/ Yoast SEO Premium plugin. -->","yoast_head_json":{"title":"Les \u00e9v\u00e9nements \u00e0 ne pas manquer cet \u00e9t\u00e9 en France ! - France","description":"Vous recherchez les meilleurs \u00e9v\u00e9nements de l'\u00e9t\u00e9 en France ? \u00c7a tombe bien, voil\u00e0 une s\u00e9lection des \u00e9v\u00e9nements \u00e0 ne pas rater cet \u00e9t\u00e9 dans l'hexagone !","robots":{"index":"index","follow":"follow","max-snippet":"max-snippet:-1","max-image-preview":"max-image-preview:large","max-video-preview":"max-video-preview:-1"},"canonical":"https:\/\/www.smartbox.com\/fr\/blog\/les-evenements-de-l-ete-en-france\/","og_locale":"fr_FR","og_type":"article","og_title":"Les \u00e9v\u00e9nements \u00e0 ne pas manquer cet \u00e9t\u00e9 en France ! - France","og_description":"Vous recherchez les meilleurs \u00e9v\u00e9nements de l'\u00e9t\u00e9 en France ? \u00c7a tombe bien, voil\u00e0 une s\u00e9lection des \u00e9v\u00e9nements \u00e0 ne pas rater cet \u00e9t\u00e9 dans l'hexagone !","og_url":"https:\/\/www.smartbox.com\/fr\/blog\/les-evenements-de-l-ete-en-france\/","og_site_name":"France","article_published_time":"2019-06-14T07:09:15+00:00","article_modified_time":"2023-10-19T13:10:58+00:00","og_image":[{"width":1900,"height":1293,"url":"https:\/\/www.smartbox.com\/fr\/blog\/wp-content\/uploads\/2019\/06\/evenement-\u00e9t\u00e9-en-france.jpg","type":"image\/jpeg"}],"author":"Pauline","twitter_card":"summary_large_image","twitter_misc":{"\u00c9crit par":"Pauline","Dur\u00e9e de lecture estim\u00e9e":"5 minutes"},"schema":{"@context":"https:\/\/schema.org","@graph":[{"@type":"Article","@id":"https:\/\/www.smartbox.com\/fr\/blog\/les-evenements-de-l-ete-en-france\/#article","isPartOf":{"@id":"https:\/\/www.smartbox.com\/fr\/blog\/les-evenements-de-l-ete-en-france\/"},"author":{"name":"Pauline","@id":"https:\/\/www.smartbox.com\/fr\/blog\/#\/schema\/person\/0def93adb00e53abc58b626f646950ac"},"headline":"Les \u00e9v\u00e9nements \u00e0 ne pas manquer cet \u00e9t\u00e9 en France !","datePublished":"2019-06-14T07:09:15+00:00","dateModified":"2023-10-19T13:10:58+00:00","mainEntityOfPage":{"@id":"https:\/\/www.smartbox.com\/fr\/blog\/les-evenements-de-l-ete-en-france\/"},"wordCount":929,"publisher":{"@id":"https:\/\/www.smartbox.com\/fr\/blog\/#organization"},"image":{"@id":"https:\/\/www.smartbox.com\/fr\/blog\/les-evenements-de-l-ete-en-france\/#primaryimage"},"thumbnailUrl":"https:\/\/www.smartbox.com\/fr\/blog\/wp-content\/uploads\/2019\/06\/evenement-\u00e9t\u00e9-en-france.jpg","keywords":["\u00e9t\u00e9","Culture","Musique","Festival"],"articleSection":["Lifestyle &amp; Bien-\u00eatre"],"inLanguage":"fr-FR"},{"@type":"WebPage","@id":"https:\/\/www.smartbox.com\/fr\/blog\/les-evenements-de-l-ete-en-france\/","url":"https:\/\/www.smartbox.com\/fr\/blog\/les-evenements-de-l-ete-en-france\/","name":"Les \u00e9v\u00e9nements \u00e0 ne pas manquer cet \u00e9t\u00e9 en France ! - France","isPartOf":{"@id":"https:\/\/www.smartbox.com\/fr\/blog\/#website"},"primaryImageOfPage":{"@id":"https:\/\/www.smartbox.com\/fr\/blog\/les-evenements-de-l-ete-en-france\/#primaryimage"},"image":{"@id":"https:\/\/www.smartbox.com\/fr\/blog\/les-evenements-de-l-ete-en-france\/#primaryimage"},"thumbnailUrl":"https:\/\/www.smartbox.com\/fr\/blog\/wp-content\/uploads\/2019\/06\/evenement-\u00e9t\u00e9-en-france.jpg","datePublished":"2019-06-14T07:09:15+00:00","dateModified":"2023-10-19T13:10:58+00:00","description":"Vous recherchez les meilleurs \u00e9v\u00e9nements de l'\u00e9t\u00e9 en France ? \u00c7a tombe bien, voil\u00e0 une s\u00e9lection des \u00e9v\u00e9nements \u00e0 ne pas rater cet \u00e9t\u00e9 dans l'hexagone !","inLanguage":"fr-FR","potentialAction":[{"@type":"ReadAction","target":["https:\/\/www.smartbox.com\/fr\/blog\/les-evenements-de-l-ete-en-france\/"]}]},{"@type":"ImageObject","inLanguage":"fr-FR","@id":"https:\/\/www.smartbox.com\/fr\/blog\/les-evenements-de-l-ete-en-france\/#primaryimage","url":"https:\/\/www.smartbox.com\/fr\/blog\/wp-content\/uploads\/2019\/06\/evenement-\u00e9t\u00e9-en-france.jpg","contentUrl":"https:\/\/www.smartbox.com\/fr\/blog\/wp-content\/uploads\/2019\/06\/evenement-\u00e9t\u00e9-en-france.jpg","width":1900,"height":1293},{"@type":"WebSite","@id":"https:\/\/www.smartbox.com\/fr\/blog\/#website","url":"https:\/\/www.smartbox.com\/fr\/blog\/","name":"France","description":"","publisher":{"@id":"https:\/\/www.smartbox.com\/fr\/blog\/#organization"},"potentialAction":[{"@type":"SearchAction","target":{"@type":"EntryPoint","urlTemplate":"https:\/\/www.smartbox.com\/fr\/blog\/?s={search_term_string}"},"query-input":{"@type":"PropertyValueSpecification","valueRequired":true,"valueName":"search_term_string"}}],"inLanguage":"fr-FR"},{"@type":"Organization","@id":"https:\/\/www.smartbox.com\/fr\/blog\/#organization","name":"Smartbox","url":"https:\/\/www.smartbox.com\/fr\/blog\/","logo":{"@type":"ImageObject","inLanguage":"fr-FR","@id":"https:\/\/www.smartbox.com\/fr\/blog\/#\/schema\/logo\/image\/","url":"https:\/\/digital.sbxtest.net\/fr\/blog\/wp-content\/uploads\/2022\/04\/LOGO-CH-FR-BLOG.svg","contentUrl":"https:\/\/digital.sbxtest.net\/fr\/blog\/wp-content\/uploads\/2022\/04\/LOGO-CH-FR-BLOG.svg","width":1,"height":1,"caption":"Smartbox"},"image":{"@id":"https:\/\/www.smartbox.com\/fr\/blog\/#\/schema\/logo\/image\/"}},{"@type":"Person","@id":"https:\/\/www.smartbox.com\/fr\/blog\/#\/schema\/person\/0def93adb00e53abc58b626f646950ac","name":"Pauline","image":{"@type":"ImageObject","inLanguage":"fr-FR","@id":"https:\/\/secure.gravatar.com\/avatar\/de247de632eb1e17a9350d47148b33d6ef1bc46bdb2bbb993587895eaa66d4b5?s=96&d=mm&r=g","url":"https:\/\/secure.gravatar.com\/avatar\/de247de632eb1e17a9350d47148b33d6ef1bc46bdb2bbb993587895eaa66d4b5?s=96&d=mm&r=g","contentUrl":"https:\/\/secure.gravatar.com\/avatar\/de247de632eb1e17a9350d47148b33d6ef1bc46bdb2bbb993587895eaa66d4b5?s=96&d=mm&r=g","caption":"Pauline"}}]}},"amp_enabled":true,"_links":{"self":[{"href":"https:\/\/www.smartbox.com\/fr\/blog\/wp-json\/wp\/v2\/posts\/10002","targetHints":{"allow":["GET"]}}],"collection":[{"href":"https:\/\/www.smartbox.com\/fr\/blog\/wp-json\/wp\/v2\/posts"}],"about":[{"href":"https:\/\/www.smartbox.com\/fr\/blog\/wp-json\/wp\/v2\/types\/post"}],"author":[{"embeddable":true,"href":"https:\/\/www.smartbox.com\/fr\/blog\/wp-json\/wp\/v2\/users\/21"}],"replies":[{"embeddable":true,"href":"https:\/\/www.smartbox.com\/fr\/blog\/wp-json\/wp\/v2\/comments?post=10002"}],"version-history":[{"count":3,"href":"https:\/\/www.smartbox.com\/fr\/blog\/wp-json\/wp\/v2\/posts\/10002\/revisions"}],"predecessor-version":[{"id":57428,"href":"https:\/\/www.smartbox.com\/fr\/blog\/wp-json\/wp\/v2\/posts\/10002\/revisions\/57428"}],"wp:featuredmedia":[{"embeddable":true,"href":"https:\/\/www.smartbox.com\/fr\/blog\/wp-json\/wp\/v2\/media\/10004"}],"wp:attachment":[{"href":"https:\/\/www.smartbox.com\/fr\/blog\/wp-json\/wp\/v2\/media?parent=10002"}],"wp:term":[{"taxonomy":"category","embeddable":true,"href":"https:\/\/www.smartbox.com\/fr\/blog\/wp-json\/wp\/v2\/categories?post=10002"},{"taxonomy":"post_tag","embeddable":true,"href":"https:\/\/www.smartbox.com\/fr\/blog\/wp-json\/wp\/v2\/tags?post=10002"}],"curies":[{"name":"wp","href":"https:\/\/api.w.org\/{rel}","templated":true}]}}