{"id":36110,"date":"2024-11-11T15:43:09","date_gmt":"2024-11-11T15:43:09","guid":{"rendered":"https:\/\/www.smartbox.com\/es\/blog\/?p=36110"},"modified":"2024-11-12T10:00:49","modified_gmt":"2024-11-12T10:00:49","slug":"mercados-navidenos-mas-bonitos-de-europa-2024","status":"publish","type":"post","link":"https:\/\/www.smartbox.com\/es\/blog\/mercados-navidenos-mas-bonitos-de-europa-2024\/","title":{"rendered":"Los mercados navide\u00f1os m\u00e1s bonitos de Europa este 2024"},"content":{"rendered":"\n<p>El aire huele a jengibre y canela, las mesas est\u00e1n preparadas, los adornos cuelgan del \u00e1rbol y las luces de colores iluminan las calles\u2026 todos sabemos que la Navidad es el per\u00edodo m\u00e1s m\u00e1gico del a\u00f1o. Es un momento lleno de ilusi\u00f3n, de alegr\u00eda por lo vivido y de esperanza por lo que est\u00e1 por venir. \u00bfQu\u00e9 mejor plan que disfrutar de esta atm\u00f3sfera navide\u00f1a en los mercados m\u00e1s bonitos de Europa en 2024? Si buscas <a href=\"https:\/\/www.smartbox.com\/es\/regalos-de-navidad\/\">regalos de Navidad<\/a> originales o una escapada diferente con los tuyos, \u00a1este listado te va a encantar! Aqu\u00ed te dejamos los <strong>mercados navide\u00f1os m\u00e1s bonitos de Europa<\/strong>, \u00a1un verdadero espect\u00e1culo para los sentidos!<\/p>\n\n\n\n<p class=\"has-text-align-left has-black-color has-text-color has-background has-link-color has-small-font-size wp-elements-0a9cca0e251538565787d43dfdf1d12a\" style=\"background-color:#cf2d2d3d\">\u00a1Sorprende a tus seres queridos con<strong> ideas originales de regalos en Navidad<\/strong>\u00a0! D\u00e9jate inspirar por nuestra selecci\u00f3n navide\u00f1a a s\u00f3lo unos clics:\u00a0<a href=\"https:\/\/www.smartbox.com\/es\/black-friday\/\">Regalos Black Friday<\/a>\u00a0|\u00a0<a href=\"https:\/\/www.smartbox.com\/es\/regalos-de-navidad\/regalos-originales-amigo-invisible\/\">Regalos amigo invisible<\/a> | <a href=\"https:\/\/www.smartbox.com\/es\/regalos-de-navidad\/regalos-originales\/\">Regalos de Navidad originales<\/a> | <a href=\"https:\/\/www.smartbox.com\/es\/regalos-de-navidad\/para-hombre\/\">Regalos de Navidad para \u00e9l<\/a>\u00a0|\u00a0<a href=\"https:\/\/www.smartbox.com\/es\/regalos-de-navidad\/para-mujeres\/\">Regalos de Navidad para ella<\/a>\u00a0|\u00a0<a href=\"https:\/\/www.smartbox.com\/es\/regalos-de-navidad\/para-dos\/\">Regalos de Navidad para parejas<\/a>\u00a0|\u00a0<a href=\"https:\/\/www.smartbox.com\/es\/regalos-de-navidad\/para-padres\/\">Regalos de Navidad para padres<\/a>\u00a0|\u00a0<a href=\"https:\/\/www.smartbox.com\/es\/regalos-de-navidad\/para-novio\/\">Regalos de Navidad para novio<\/a>\u00a0| <a href=\"https:\/\/www.smartbox.com\/es\/regalos-de-navidad\/para-novia\/\">Regalos de Navidad para novia<\/a>\u00a0| <a href=\"https:\/\/www.smartbox.com\/es\/regalos-de-navidad\/para-familia\/\">Regalos de Navidad para familias<\/a>\u00a0|\u00a0<a href=\"https:\/\/www.smartbox.com\/es\/regalos-de-navidad\/para-ninos\/\">Regalos de Navidad para ni\u00f1os<\/a> | <a href=\"https:\/\/www.smartbox.com\/es\/regalos-de-navidad\/para-amigos\/\">Regalos de Navidad para amigos<\/a> | <a href=\"https:\/\/www.smartbox.com\/es\/regalos-de-navidad\/ideas-economicas\/\">Regalos de Navidad baratos<\/a><\/p>\n\n\n\n<figure class=\"wp-block-image size-full\"><img loading=\"lazy\" decoding=\"async\" width=\"1024\" height=\"524\" src=\"https:\/\/www.smartbox.com\/es\/blog\/wp-content\/uploads\/2024\/11\/image-1.png\" alt=\"\" class=\"wp-image-36129\" srcset=\"https:\/\/www.smartbox.com\/es\/blog\/wp-content\/uploads\/2024\/11\/image-1.png 1024w, https:\/\/www.smartbox.com\/es\/blog\/wp-content\/uploads\/2024\/11\/image-1-300x154.png 300w, https:\/\/www.smartbox.com\/es\/blog\/wp-content\/uploads\/2024\/11\/image-1-768x393.png 768w\" sizes=\"auto, (max-width: 1024px) 100vw, 1024px\" \/><\/figure>\n\n\n\n<h2 class=\"wp-block-heading\">\ud83c\udf84<strong>Basilea: el mercado navide\u00f1o que no te puedes perder<\/strong><\/h2>\n\n\n\n<p>Basilea es, sin duda, una de las ciudades m\u00e1s emblem\u00e1ticas de Suiza cuando hablamos de tradiciones navide\u00f1as. Y no es solo por su famoso mercado, sino por la incre\u00edble variedad de actividades y atracciones que la ciudad ofrece en esta \u00e9poca del a\u00f1o. En el <strong>mercado navide\u00f1o de Basilea<\/strong>, rodeado de luces brillantes y decoraciones que te dejan sin aliento, podr\u00e1s pasear por m\u00e1s de 150 puestos de madera hechos a mano. Aqu\u00ed encontrar\u00e1s un sinf\u00edn de productos artesanales y delicias gourmet que te har\u00e1n la boca agua. \u00bfTe apetece un buen vaso de vino caliente? No te olvides de probar los <em>L\u00e4ckerli<\/em>, unas galletas t\u00edpicas de Basilea llenas de especias, frutas confitadas y frutos secos. \u00a1Una aut\u00e9ntica delicia navide\u00f1a!<\/p>\n\n\n\n<h3 class=\"wp-block-heading\">\ud83d\udcc6<strong>\u00bfCu\u00e1ndo empiezan los mercados navide\u00f1os en Basilea en 2024?<\/strong><\/h3>\n\n\n\n<p>Los <strong>mercados navide\u00f1os de Basilea<\/strong> abren sus puertas del 28 de noviembre al 23 de diciembre de 2024, en el horario de 11:00 a 20:30. Podr\u00e1s disfrutar de la magia navide\u00f1a en las encantadoras plazas de <strong>Barf\u00fcsserplatz<\/strong> y <strong>M\u00fcnsterplatz<\/strong>. Ten en cuenta que, el 23 de diciembre, el mercado de Barf\u00fcsserplatz cerrar\u00e1 a las 20:00, mientras que el de M\u00fcnsterplatz seguir\u00e1 hasta las 18:00. No olvides consultar la web de turismo de Basilea para estar al tanto de todas las novedades y actualizaciones de horarios. \u00a1As\u00ed no te perder\u00e1s ni un minuto de la diversi\u00f3n!<\/p>\n\n\n\n<h2 class=\"wp-block-heading\">\ud83c\udf84<strong>Bolzano: el mercado navide\u00f1o m\u00e1s grande de Italia<\/strong><\/h2>\n\n\n\n<p>Nos vamos al <strong>Trentino Alto Adige<\/strong>, concretamente a <strong>Bolzano<\/strong>, donde se celebra el mercado navide\u00f1o m\u00e1s grande de Italia. Con 98 expositores y 3 puestos de comida, este mercado, rodeado por el paisaje nevado de los <strong>Alpes Orientales<\/strong>, atrae a m\u00e1s de un mill\u00f3n de visitantes de todo el mundo desde hace casi 20 a\u00f1os. Se ha convertido en uno de los principales destinos navide\u00f1os de Europa. Si eres un amante de la buena comida, no puedes perderte los deliciosos <strong>canederli<\/strong>, el <strong>codillo ahumado<\/strong> y el cl\u00e1sico <strong>gulash tirol\u00e9s<\/strong>. \u00a1Son una aut\u00e9ntica delicia que te har\u00e1 volver por m\u00e1s!<\/p>\n\n\n\n<h3 class=\"wp-block-heading\">\ud83d\udcc6<strong>\u00bfCu\u00e1ndo se abren los mercados navide\u00f1os en Bolzano en 2024?<\/strong><\/h3>\n\n\n\n<p>El <strong>Mercado Navide\u00f1o de Bolzano<\/strong> abre el jueves 28 de noviembre a las 17:00 y permanecer\u00e1 abierto hasta el 6 de enero de 2025. El horario ser\u00e1 de lunes a jueves, de 11:00 a 19:00, y de viernes a domingo, de 10:00 a 19:00. En la v\u00edspera de Navidad (24 de diciembre), el mercado abrir\u00e1 de 10:00 a 14:00, mientras que el 25 de diciembre estar\u00e1 cerrado. El 31 de diciembre, el mercado estar\u00e1 abierto de 10:00 a 18:00, y el 1 de enero, de 12:00 a 19:00. \u00a1No te lo puedes perder!<\/p>\n\n\n\n<h2 class=\"wp-block-heading\">\ud83c\udf84<strong>Budapest: magia navide\u00f1a entre mercados tradicionales<\/strong><\/h2>\n\n\n\n<p>Durante la Navidad, <strong>Budapest<\/strong> se llena de magia con sus mercados, exhibiendo miles de puestos llenos de productos t\u00edpicos h\u00fangaros, velas arom\u00e1ticas, cer\u00e1micas pintadas a mano y, por supuesto, deliciosas golosinas locales. Si tienes planeado visitar esta encantadora ciudad europea, no te puedes perder una parada en la <strong>Plaza V\u00f6r\u00f6smarty<\/strong> y en el Mercado Navide\u00f1o de la <strong>Bas\u00edlica de San Esteban<\/strong>. All\u00ed podr\u00e1s disfrutar de eventos folcl\u00f3ricos tradicionales, como bailes populares, espect\u00e1culos en vivo y conciertos navide\u00f1os. \u00a1Ser\u00e1 una experiencia divertida y \u00fanica para tus compras navide\u00f1as!<\/p>\n\n\n\n<h3 class=\"wp-block-heading\">\ud83d\udcc6<strong>\u00bfQu\u00e9 mercados navide\u00f1os visitar en Budapest en 2024?<\/strong><\/h3>\n\n\n\n<p>Te recomendamos dos de los mercados m\u00e1s fascinantes de la ciudad, que est\u00e1n entre los cinco mejores de Europa: el <strong>Mercado Navide\u00f1o de la Plaza V\u00f6r\u00f6smarty<\/strong>, que se celebra del 15 de noviembre al 31 de diciembre de 2024, y el <strong>Mercado Navide\u00f1o frente a la Bas\u00edlica de San Esteban<\/strong> (Szent Istv\u00e1n-bazilika), que tendr\u00e1 lugar del 15 de noviembre de 2024 al 1 de enero de 2025. En estos mercados, disfrutar\u00e1s de incre\u00edbles proyecciones de luces en la fachada de la Bas\u00edlica y podr\u00e1s patinar sobre hielo en la pista de patinaje. \u00a1Un plan perfecto para vivir la Navidad en Budapest!<\/p>\n\n\n\n<figure class=\"wp-block-image size-full\"><img loading=\"lazy\" decoding=\"async\" width=\"1024\" height=\"683\" src=\"https:\/\/www.smartbox.com\/es\/blog\/wp-content\/uploads\/2024\/11\/image-4.png\" alt=\"\" class=\"wp-image-36136\" srcset=\"https:\/\/www.smartbox.com\/es\/blog\/wp-content\/uploads\/2024\/11\/image-4.png 1024w, https:\/\/www.smartbox.com\/es\/blog\/wp-content\/uploads\/2024\/11\/image-4-300x200.png 300w, https:\/\/www.smartbox.com\/es\/blog\/wp-content\/uploads\/2024\/11\/image-4-768x512.png 768w\" sizes=\"auto, (max-width: 1024px) 100vw, 1024px\" \/><\/figure>\n\n\n\n<h2 class=\"wp-block-heading\">\ud83c\udf84<strong>Colmar: un mercado navide\u00f1o de cuento en plena Alsacia<\/strong><\/h2>\n\n\n\n<p>Colmar, uno de los destinos m\u00e1s encantadores de Francia, se transforma por completo en Navidad. Las decoraciones navide\u00f1as adornan cada rinc\u00f3n del centro hist\u00f3rico, convirti\u00e9ndolo en un aut\u00e9ntico teatro al aire libre con una atm\u00f3sfera m\u00e1gica. En el pintoresco barrio de <strong>Petite Venise<\/strong> (la Peque\u00f1a Venecia), podr\u00e1s revivir la emoci\u00f3n de ser ni\u00f1o en un mercado dedicado especialmente a los m\u00e1s peque\u00f1os, lleno de juegos, carruseles y pesebres animados. \u00a1No te pierdas el buz\u00f3n gigante para enviar cartas a Pap\u00e1 Noel! Este lugar de cuento, con sus casitas de colores junto al r\u00edo, te enamorar\u00e1 a primera vista.<\/p>\n\n\n\n<h3 class=\"wp-block-heading\"><strong>\u00bfQu\u00e9 mercado navide\u00f1o visitar en Colmar en 2024?<\/strong><\/h3>\n\n\n\n<p>No te puedes perder el <strong>mercado navide\u00f1o de Colmar<\/strong>, que se celebra del 26 de noviembre al 29 de diciembre de 2024 en la <strong>Place de la Cath\u00e9drale<\/strong> y en la m\u00e1gica Peque\u00f1a Venecia de Alsacia. Este es un destino perfecto para toda la familia, ideal para vivir la Navidad en un entorno \u00fanico. Adem\u00e1s, Colmar es la ciudad natal de Fr\u00e9d\u00e9ric Auguste Bartholdi, el escultor que dise\u00f1\u00f3 la Estatua de la Libertad. Durante estos d\u00edas, la ciudad te sorprender\u00e1 con eventos, luces y ese ambiente de cuento tan especial.<\/p>\n\n\n\n<h3 class=\"wp-block-heading\">\ud83d\udcc6<strong>Horarios del mercado navide\u00f1o de Colmar:<\/strong><\/h3>\n\n\n\n<ul class=\"wp-block-list\">\n<li>Lunes a jueves: de 11:00 a 19:00<\/li>\n\n\n\n<li>Viernes, s\u00e1bado y domingo: de 10:00 a 20:00<\/li>\n\n\n\n<li>24 de diciembre: de 10:00 a 17:00<\/li>\n\n\n\n<li>25 y 26 de diciembre: de 11:00 a 19:00<\/li>\n<\/ul>\n\n\n\n<h2 class=\"wp-block-heading\">\ud83c\udf84<strong>N\u00faremberg: el mercado navide\u00f1o alem\u00e1n m\u00e1s famoso<\/strong><\/h2>\n\n\n\n<p>De todos los <strong>mercados navide\u00f1os de Alemania<\/strong>, pocos alcanzan la fama de <strong>N\u00faremberg<\/strong>, que cada Navidad atrae a m\u00e1s de 2 millones de visitantes. Una de las paradas obligadas es la iglesia <strong>Frauenkirche<\/strong>, donde cada d\u00eda a las 12:00 suena un elegante carrill\u00f3n que le da un toque especial al ambiente festivo. En el mercado navide\u00f1o de N\u00faremberg, encontrar\u00e1s encantadores puestos con techos en forma de bast\u00f3n de caramelo y una gran variedad de delicias t\u00edpicas, como las <strong>N\u00fcrnberger Rostbratw\u00fcrste<\/strong> (peque\u00f1as salchichas a la parrilla servidas con chucrut) y los <strong>Lebkuchen<\/strong>, las cl\u00e1sicas galletas de jengibre alemanas. \u00a1Aqu\u00ed podr\u00e1s saborear la aut\u00e9ntica Navidad b\u00e1vara!<\/p>\n\n\n\n<h3 class=\"wp-block-heading\">\ud83d\udcc6<strong>\u00bfD\u00f3nde est\u00e1n los mercados navide\u00f1os en N\u00faremberg en 2024?<\/strong><\/h3>\n\n\n\n<p>El mercado navide\u00f1o de N\u00faremberg, uno de los m\u00e1s antiguos y encantadores de Alemania, se celebra del 29 de noviembre al 23 de diciembre de 2024 en la majestuosa plaza <strong>Hauptmarkt<\/strong>. Este mercado est\u00e1 abierto todos los d\u00edas de 10:00 a 21:00 y el 24 de diciembre de 10:00 a 14:00. La ceremonia de apertura tendr\u00e1 lugar el 29 de noviembre a las 17:30, y ese d\u00eda estar\u00e1 abierto hasta las 22:00. Si te gusta organizar tus escapadas navide\u00f1as, el sitio web oficial del <strong>Nuremberg Christkindlesmarkt<\/strong> ya tiene las fechas previstas para las pr\u00f3ximas ediciones hasta 2025.<\/p>\n\n\n\n<h2 class=\"wp-block-heading\">\ud83c\udf84<strong>Innsbruck: Navidad con vistas panor\u00e1micas<\/strong><\/h2>\n\n\n\n<p>Si alguna vez has so\u00f1ado con empaparte del esp\u00edritu navide\u00f1o en Austria, tienes que visitar el <strong>mercado navide\u00f1o de Innsbruck<\/strong>, \u00a1un cl\u00e1sico internacional! Justo frente al <strong>Tejadillo de Oro<\/strong>, el s\u00edmbolo m\u00e1s famoso de la ciudad, encontrar\u00e1s cientos de puestos decorados con esmero, llenos de adornos hechos a mano, productos de lana, y artesan\u00edas para todos los gustos. Y si quieres una experiencia \u00fanica, no te pierdas el <strong>mercado navide\u00f1o de Hungerburg<\/strong>, tambi\u00e9n conocido como el \u201cmercado panor\u00e1mico,\u201d que est\u00e1 ubicado en una terraza con vistas alucinantes de Innsbruck nevada.<\/p>\n\n\n\n<h3 class=\"wp-block-heading\"><strong>\u00bfCu\u00e1ndo es el mercado navide\u00f1o en Hungerburg en 2024?<\/strong><\/h3>\n\n\n\n<p>Este 2024, el <strong>mercado navide\u00f1o de Hungerburg<\/strong> abre del 22 de noviembre al 6 de enero de 2025. Para llegar, puedes tomar el funicular <strong>Hungerburgbahn<\/strong>, que te llevar\u00e1 desde el centro de Innsbruck y te regalar\u00e1 una vista de 360\u00b0 entre la ciudad y el parque natural del Karwendel.<\/p>\n\n\n\n<h3 class=\"wp-block-heading\">\ud83d\udcc6<strong>Horarios del mercado navide\u00f1o de Hungerburg:<\/strong><\/h3>\n\n\n\n<ul class=\"wp-block-list\">\n<li><strong>Lunes a viernes:<\/strong> 13:00 a 19:00<\/li>\n\n\n\n<li><strong>S\u00e1bados, domingos y festivos:<\/strong> 12:00 a 19:00<\/li>\n\n\n\n<li><strong>24 de diciembre:<\/strong> 12:00 a 15:00<\/li>\n\n\n\n<li><strong>31 de diciembre:<\/strong> 12:00 a 17:00<\/li>\n\n\n\n<li><strong>Despu\u00e9s de Navidad:<\/strong> lunes a viernes de 13:00 a 18:00, y fines de semana y festivos de 12:00 a 18:00<\/li>\n<\/ul>\n\n\n\n<p>\u00a1Innsbruck te espera con el mejor plan navide\u00f1o en plena naturaleza!<\/p>\n\n\n\n<h2 class=\"wp-block-heading\">\ud83c\udf84<strong>Estrasburgo: la Capital de la Navidad<\/strong><\/h2>\n\n\n\n<p>Conocida como la <strong>Capital de la Navidad<\/strong>, Estrasburgo presume del mercado navide\u00f1o m\u00e1s antiguo de Europa, \u00a1activa desde 1570! Pasea entre m\u00e1s de <strong>300 chalets de madera<\/strong> rodeados de kil\u00f3metros de luces brillantes, asiste a conciertos en vivo y marav\u00edllate con espect\u00e1culos sobre hielo. Para una experiencia completa, pasa por el <strong>Mercado de Delicias Alsacianas<\/strong> al atardecer, donde podr\u00e1s probar especialidades como los famosos <strong>Bredeles<\/strong>, <strong>Sp\u00e4tzle<\/strong>, foie gras y trufas. Estrasburgo es, sin duda, el destino perfecto para los que disfrutan de la buena comida y la tradici\u00f3n navide\u00f1a.<\/p>\n\n\n\n<h3 class=\"wp-block-heading\">\ud83d\udcc6<strong>\u00bfCu\u00e1ndo estar\u00e1 abierto el mercado navide\u00f1o en Estrasburgo en 2024?<\/strong><\/h3>\n\n\n\n<p>Visita la capital navide\u00f1a por excelencia y descubre el \u00e1rbol de Navidad natural m\u00e1s alto de Europa. Este a\u00f1o, el mercado navide\u00f1o de Estrasburgo abre sus puertas del <strong>27 de noviembre al 27 de diciembre de 2024<\/strong>. Para m\u00e1s detalles sobre fechas, horarios y eventos, consulta la web oficial de la Oficina de Turismo de Estrasburgo. \u00a1No te pierdas esta experiencia navide\u00f1a \u00fanica!<\/p>\n\n\n<div class=\"single-article\">\n  <div class=\"single-article__image\">\n    <img loading=\"lazy\" decoding=\"async\" width=\"220\" height=\"200\" src=\"https:\/\/www.smartbox.com\/es\/blog\/wp-content\/uploads\/2023\/11\/personas-senalando-un-mapa-220x200.jpeg\" class=\"attachment-am2_thumbnail size-am2_thumbnail wp-post-image\" alt=\"Personas se\u00f1alando un punto en un mapa\" \/>  <\/div>\n  <div class=\"single-article__content\"> \n    <span class=\"single-article__top-title\">Los mejores regalos de Navidad para los m\u00e1s viajeros<\/span>\n    <a href=\"https:\/\/www.smartbox.com\/es\/blog\/ideas-regalo-navidad-viajeros\/\" class=\"single-article__title-link\">\n    <h5 class=\"single-article__title\">8 Ideas de regalo de Navidad para viajeros<\/h5>\n    <\/a>\n    <a href=\"https:\/\/www.smartbox.com\/es\/blog\/ideas-regalo-navidad-viajeros\/\" class=\"single-article__link\">Descubre c\u00f3mo sorprender con las mejores ideas de regalos de Navidad <svg class=\"svg-icon svg-arrow--arrow-right-new\"><use xlink:href=\"https:\/\/www.smartbox.com\/es\/blog\/wp-content\/themes\/smartbox-blog\/_\/inc\/images\/symbol\/svg\/sprite.symbol.svg#arrow--arrow-right-new\"><\/use><\/svg><\/a>\n  <\/div>\n<\/div>\n\n\n\n<h2 class=\"wp-block-heading\">\ud83c\udf84<strong>Trento: un mercado navide\u00f1o con esencia alpina y sostenible<\/strong><\/h2>\n\n\n\n<p>Ubicado en las hist\u00f3ricas murallas de la <strong>Piazza Fiera<\/strong>, el mercado navide\u00f1o de Trento re\u00fane cada a\u00f1o a un centenar de expositores seleccionados por su artesan\u00eda de calidad y compromiso con el medio ambiente. Entre bufandas de lana, cojines de pino suizo, muebles de recuperaci\u00f3n alpina y productos naturales, \u00a1no faltar\u00e1n opciones para tus compras navide\u00f1as! Adem\u00e1s, no puedes perderte los deliciosos dulces t\u00edpicos de Trentino, como el <strong>Strudel<\/strong>, el <strong>Zelten<\/strong> y los <strong>Pretzels rellenos<\/strong>, perfectos para acompa\u00f1ar con una sidra de manzana bien calentita.<\/p>\n\n\n\n<h3 class=\"wp-block-heading\">\ud83d\udcc6<strong>\u00bfCu\u00e1nto dura el mercado navide\u00f1o en Trento en 2024?<\/strong><\/h3>\n\n\n\n<p>El mercado navide\u00f1o de Trento estar\u00e1 abierto del <strong>22 de noviembre de 2024 al 6 de enero de 2025<\/strong>, en las plazas Fiera y Battisti. \u00a1Y atento a los horarios especiales!<\/p>\n\n\n\n<ul class=\"wp-block-list\">\n<li>Todos los d\u00edas, de 10:00 a 21:00.<\/li>\n\n\n\n<li>El <strong>7 de diciembre<\/strong>, la zona de comida se extiende hasta las 22:00, mientras que los puestos de artesan\u00eda cerrar\u00e1n a las 20:00.<\/li>\n\n\n\n<li>Los d\u00edas <strong>24 y 31 de diciembre<\/strong>, el horario ser\u00e1 de 10:00 a 18:00.<\/li>\n\n\n\n<li><strong>25 de diciembre<\/strong>, \u00a1descanso navide\u00f1o! El mercado permanecer\u00e1 cerrado.<\/li>\n\n\n\n<li><strong>5 de enero de 2025<\/strong>, \u00faltimo d\u00eda con horario extendido para la zona de comida de 10:00 a 22:00 y puestos comerciales hasta las 20:00.<\/li>\n<\/ul>\n\n\n\n<p>\u00a1No te pierdas esta experiencia navide\u00f1a \u00fanica en el coraz\u00f3n de Trentino!<\/p>\n\n\n\n<h2 class=\"wp-block-heading\">\ud83c\udf84<strong>Tr\u00e9veris: el mercado navide\u00f1o junto a la catedral<\/strong><\/h2>\n\n\n\n<p>Cada a\u00f1o, la <strong>Plaza Hauptmarkt<\/strong> y la impresionante catedral de Tr\u00e9veris se llenan de magia navide\u00f1a para acoger el tradicional mercado navide\u00f1o en esta ciudad Patrimonio Mundial de la UNESCO. Imagina recorrer <strong>90 casetas de madera<\/strong> entre coros g\u00f3spel, majestuosos abetos y un manto de nieve, todo ambientado con adornos de vidrio, juguetes hechos a mano y casta\u00f1as asadas. \u00a1Es una explosi\u00f3n de colores, luces y sonidos que encantar\u00e1 a visitantes de todas las edades!<\/p>\n\n\n\n<h3 class=\"wp-block-heading\">\ud83d\udcc6<strong>\u00bfCu\u00e1ndo visitar el mercado navide\u00f1o de Tr\u00e9veris en 2024?<\/strong><\/h3>\n\n\n\n<p>Este a\u00f1o, la <strong>42\u00aa edici\u00f3n del Trierer Weihnachtsmarkt<\/strong> se celebra del <strong>22 de noviembre al 22 de diciembre de 2024<\/strong>. Estos son los horarios:<\/p>\n\n\n\n<ul class=\"wp-block-list\">\n<li><strong>Lunes a jueves<\/strong>: de 10:30 a 20:00.<\/li>\n\n\n\n<li><strong>Viernes y s\u00e1bado<\/strong>: hasta las 21:30.<\/li>\n\n\n\n<li><strong>Domingos<\/strong>: de 11:00 a 20:00.<\/li>\n<\/ul>\n\n\n\n<p>Recuerda que el primer domingo, el <strong>24 de noviembre de 2024<\/strong>, el mercado cerrar\u00e1 excepcionalmente. Aprovecha para sumergirte en este ambiente medieval \u00fanico, con la catedral como tel\u00f3n de fondo, y vive una Navidad m\u00e1gica en el coraz\u00f3n de Tr\u00e9veris.<\/p>\n\n\n\n<h2 class=\"wp-block-heading\">\ud83c\udf84<strong>Viena: el encanto navide\u00f1o en su m\u00e1ximo esplendor<\/strong><\/h2>\n\n\n\n<p>En la \u00e9poca de Adviento, <strong>Viena<\/strong> se convierte en un aut\u00e9ntico para\u00edso navide\u00f1o, atrayendo cada a\u00f1o a millones de visitantes que desean vivir su m\u00e1gica tradici\u00f3n. Con una historia de m\u00e1s de siete siglos, el <strong>Wiener Christkindlmarkt<\/strong> no solo es uno de los mercados m\u00e1s antiguos de Europa, sino tambi\u00e9n uno de los m\u00e1s encantadores. Imagina pasear por sus casetas iluminadas, rodeado del esplendor de la ciudad imperial, con el <strong>Palacio de Sch\u00f6nbrunn<\/strong> brillando de fondo. Con una taza de chocolate caliente en mano, la Navidad vienesa se convierte en una experiencia inolvidable para disfrutar con los tuyos.<\/p>\n\n\n\n<h3 class=\"wp-block-heading\">\ud83d\udcc6<strong>\u00bfQu\u00e9 mercado navide\u00f1o visitar en Viena?<\/strong><\/h3>\n\n\n\n<p>Si buscas un mercado emblem\u00e1tico, no puedes perderte el <strong>Wiener Christkindlmarkt<\/strong> frente al Ayuntamiento (Rathaus), donde cada a\u00f1o se ilumina un impresionante \u00e1rbol de Navidad decorado con miles de luces. El <strong>mercado navide\u00f1o de Viena en 2024<\/strong> estar\u00e1 abierto del <strong>10 de noviembre al 26 de diciembre<\/strong>, con horarios de 10:00 a 18:00 y horas especiales de 11:00 a 21:30 los d\u00edas 24, 25 y 26 de diciembre. Tambi\u00e9n puedes visitar el acogedor <strong>Weihnachtsmarkt am Hof<\/strong>, otro mercado encantador, abierto del <strong>15 de noviembre al 23 de diciembre de 2024<\/strong>, todos los d\u00edas de 11:00 a 21:00 y desde las 10:00 los fines de semana.<\/p>\n\n\n\n<h2 class=\"wp-block-heading\"><strong>Y ahora, \u00bftienes ya claro cu\u00e1les son los mercados navide\u00f1os m\u00e1s bonitos de Europa?<\/strong><\/h2>\n\n\n\n<p>\u00bfListo para una Navidad m\u00e1gica en 2024? Si el esp\u00edritu navide\u00f1o te llama y quieres descubrir los mercados m\u00e1s bonitos de Europa, aprovecha para regalar o vivir una experiencia \u00fanica con Smartbox. Reserva una escapada con tus seres queridos, visita una encantadora capital europea y d\u00e9jate llevar por el ambiente festivo mientras exploras las casetas de los mercados y disfrutas de las delicias de la temporada. \u00a1Prep\u00e1rate para vivir una Navidad de ensue\u00f1o!<\/p>\n\n\n\n<div class=\"wp-block-buttons is-layout-flex wp-block-buttons-is-layout-flex\">\n<div class=\"wp-block-button is-style-fill\"><a class=\"wp-block-button__link has-text-align-center wp-element-button\" href=\"https:\/\/www.smartbox.com\/es\/mercadillos-navidenos-europa\/\" target=\"_blank\" rel=\"noreferrer noopener\">Descubre los mercadillos Navide\u00f1os de Europa este 2024<\/a><\/div>\n<\/div>\n\n\n\n<div class=\"wp-block-buttons is-layout-flex wp-block-buttons-is-layout-flex\"><\/div>\n\n\n\n<p><\/p>\n","protected":false},"excerpt":{"rendered":"<p>El aire huele a jengibre y canela, las mesas est\u00e1n preparadas, los adornos cuelgan del \u00e1rbol y las luces de colores iluminan las calles\u2026 todos sabemos que la Navidad es el per\u00edodo m\u00e1s m\u00e1gico del a\u00f1o. Es un momento lleno de ilusi\u00f3n, de alegr\u00eda por lo vivido y de esperanza por lo que est\u00e1 por [&hellip;]<\/p>\n","protected":false},"author":44,"featured_media":36131,"comment_status":"open","ping_status":"open","sticky":false,"template":"","format":"standard","meta":{"_acf_changed":false,"footnotes":""},"categories":[73],"tags":[],"class_list":["post-36110","post","type-post","status-publish","format-standard","has-post-thumbnail","hentry","category-navidad"],"acf":[],"yoast_head":"<!-- This site is optimized with the Yoast SEO Premium plugin v20.8 (Yoast SEO v27.4) - https:\/\/yoast.com\/product\/yoast-seo-premium-wordpress\/ -->\n<title>\ud83c\udf84Fechas actualizadas noviembre: Los mercados navide\u00f1os m\u00e1s bonitos de Europa 2024<\/title>\n<meta name=\"description\" content=\"Conoce las fechas y lugares de los mejores mercados navide\u00f1os de Europa 2024. Encuentra aqu\u00ed toda la informaci\u00f3n para disfrutar de una Navidad \u00fanica.\" \/>\n<meta name=\"robots\" content=\"index, follow, max-snippet:-1, max-image-preview:large, max-video-preview:-1\" \/>\n<link rel=\"canonical\" href=\"https:\/\/www.smartbox.com\/es\/blog\/mercados-navidenos-mas-bonitos-de-europa-2024\/\" \/>\n<meta property=\"og:locale\" content=\"es_ES\" \/>\n<meta property=\"og:type\" content=\"article\" \/>\n<meta property=\"og:title\" content=\"\ud83c\udf84Fechas actualizadas noviembre: Los mercados navide\u00f1os m\u00e1s bonitos de Europa 2024\" \/>\n<meta property=\"og:description\" content=\"Conoce las fechas y lugares de los mejores mercados navide\u00f1os de Europa 2024. Encuentra aqu\u00ed toda la informaci\u00f3n para disfrutar de una Navidad \u00fanica.\" \/>\n<meta property=\"og:url\" content=\"https:\/\/www.smartbox.com\/es\/blog\/mercados-navidenos-mas-bonitos-de-europa-2024\/\" \/>\n<meta property=\"og:site_name\" content=\"Espa\u00f1a\" \/>\n<meta property=\"article:published_time\" content=\"2024-11-11T15:43:09+00:00\" \/>\n<meta property=\"article:modified_time\" content=\"2024-11-12T10:00:49+00:00\" \/>\n<meta property=\"og:image\" content=\"https:\/\/www.smartbox.com\/es\/blog\/wp-content\/uploads\/2024\/11\/image-3.png\" \/>\n\t<meta property=\"og:image:width\" content=\"1024\" \/>\n\t<meta property=\"og:image:height\" content=\"524\" \/>\n\t<meta property=\"og:image:type\" content=\"image\/png\" \/>\n<meta name=\"author\" content=\"Natalia AlcazarRuiz\" \/>\n<meta name=\"twitter:card\" content=\"summary_large_image\" \/>\n<meta name=\"twitter:label1\" content=\"Escrito por\" \/>\n\t<meta name=\"twitter:data1\" content=\"Natalia AlcazarRuiz\" \/>\n\t<meta name=\"twitter:label2\" content=\"Tiempo de lectura\" \/>\n\t<meta name=\"twitter:data2\" content=\"12 minutos\" \/>\n<script type=\"application\/ld+json\" class=\"yoast-schema-graph\">{\"@context\":\"https:\\\/\\\/schema.org\",\"@graph\":[{\"@type\":\"Article\",\"@id\":\"https:\\\/\\\/www.smartbox.com\\\/es\\\/blog\\\/mercados-navidenos-mas-bonitos-de-europa-2024\\\/#article\",\"isPartOf\":{\"@id\":\"https:\\\/\\\/www.smartbox.com\\\/es\\\/blog\\\/mercados-navidenos-mas-bonitos-de-europa-2024\\\/\"},\"author\":{\"name\":\"Natalia AlcazarRuiz\",\"@id\":\"https:\\\/\\\/www.smartbox.com\\\/es\\\/blog\\\/#\\\/schema\\\/person\\\/6504bc605c1c4bc91d75e716ac494d65\"},\"headline\":\"Los mercados navide\u00f1os m\u00e1s bonitos de Europa este 2024\",\"datePublished\":\"2024-11-11T15:43:09+00:00\",\"dateModified\":\"2024-11-12T10:00:49+00:00\",\"mainEntityOfPage\":{\"@id\":\"https:\\\/\\\/www.smartbox.com\\\/es\\\/blog\\\/mercados-navidenos-mas-bonitos-de-europa-2024\\\/\"},\"wordCount\":2508,\"commentCount\":0,\"publisher\":{\"@id\":\"https:\\\/\\\/www.smartbox.com\\\/es\\\/blog\\\/#organization\"},\"image\":{\"@id\":\"https:\\\/\\\/www.smartbox.com\\\/es\\\/blog\\\/mercados-navidenos-mas-bonitos-de-europa-2024\\\/#primaryimage\"},\"thumbnailUrl\":\"https:\\\/\\\/www.smartbox.com\\\/es\\\/blog\\\/wp-content\\\/uploads\\\/2024\\\/11\\\/image-3.png\",\"articleSection\":[\"Navidad\"],\"inLanguage\":\"es\",\"potentialAction\":[{\"@type\":\"CommentAction\",\"name\":\"Comment\",\"target\":[\"https:\\\/\\\/www.smartbox.com\\\/es\\\/blog\\\/mercados-navidenos-mas-bonitos-de-europa-2024\\\/#respond\"]}]},{\"@type\":\"WebPage\",\"@id\":\"https:\\\/\\\/www.smartbox.com\\\/es\\\/blog\\\/mercados-navidenos-mas-bonitos-de-europa-2024\\\/\",\"url\":\"https:\\\/\\\/www.smartbox.com\\\/es\\\/blog\\\/mercados-navidenos-mas-bonitos-de-europa-2024\\\/\",\"name\":\"\ud83c\udf84Fechas actualizadas noviembre: Los mercados navide\u00f1os m\u00e1s bonitos de Europa 2024\",\"isPartOf\":{\"@id\":\"https:\\\/\\\/www.smartbox.com\\\/es\\\/blog\\\/#website\"},\"primaryImageOfPage\":{\"@id\":\"https:\\\/\\\/www.smartbox.com\\\/es\\\/blog\\\/mercados-navidenos-mas-bonitos-de-europa-2024\\\/#primaryimage\"},\"image\":{\"@id\":\"https:\\\/\\\/www.smartbox.com\\\/es\\\/blog\\\/mercados-navidenos-mas-bonitos-de-europa-2024\\\/#primaryimage\"},\"thumbnailUrl\":\"https:\\\/\\\/www.smartbox.com\\\/es\\\/blog\\\/wp-content\\\/uploads\\\/2024\\\/11\\\/image-3.png\",\"datePublished\":\"2024-11-11T15:43:09+00:00\",\"dateModified\":\"2024-11-12T10:00:49+00:00\",\"description\":\"Conoce las fechas y lugares de los mejores mercados navide\u00f1os de Europa 2024. Encuentra aqu\u00ed toda la informaci\u00f3n para disfrutar de una Navidad \u00fanica.\",\"inLanguage\":\"es\",\"potentialAction\":[{\"@type\":\"ReadAction\",\"target\":[\"https:\\\/\\\/www.smartbox.com\\\/es\\\/blog\\\/mercados-navidenos-mas-bonitos-de-europa-2024\\\/\"]}]},{\"@type\":\"ImageObject\",\"inLanguage\":\"es\",\"@id\":\"https:\\\/\\\/www.smartbox.com\\\/es\\\/blog\\\/mercados-navidenos-mas-bonitos-de-europa-2024\\\/#primaryimage\",\"url\":\"https:\\\/\\\/www.smartbox.com\\\/es\\\/blog\\\/wp-content\\\/uploads\\\/2024\\\/11\\\/image-3.png\",\"contentUrl\":\"https:\\\/\\\/www.smartbox.com\\\/es\\\/blog\\\/wp-content\\\/uploads\\\/2024\\\/11\\\/image-3.png\",\"width\":1024,\"height\":524},{\"@type\":\"WebSite\",\"@id\":\"https:\\\/\\\/www.smartbox.com\\\/es\\\/blog\\\/#website\",\"url\":\"https:\\\/\\\/www.smartbox.com\\\/es\\\/blog\\\/\",\"name\":\"Espa\u00f1a\",\"description\":\"\",\"publisher\":{\"@id\":\"https:\\\/\\\/www.smartbox.com\\\/es\\\/blog\\\/#organization\"},\"potentialAction\":[{\"@type\":\"SearchAction\",\"target\":{\"@type\":\"EntryPoint\",\"urlTemplate\":\"https:\\\/\\\/www.smartbox.com\\\/es\\\/blog\\\/?s={search_term_string}\"},\"query-input\":{\"@type\":\"PropertyValueSpecification\",\"valueRequired\":true,\"valueName\":\"search_term_string\"}}],\"inLanguage\":\"es\"},{\"@type\":\"Organization\",\"@id\":\"https:\\\/\\\/www.smartbox.com\\\/es\\\/blog\\\/#organization\",\"name\":\"Smartbox\",\"url\":\"https:\\\/\\\/www.smartbox.com\\\/es\\\/blog\\\/\",\"logo\":{\"@type\":\"ImageObject\",\"inLanguage\":\"es\",\"@id\":\"https:\\\/\\\/www.smartbox.com\\\/es\\\/blog\\\/#\\\/schema\\\/logo\\\/image\\\/\",\"url\":\"https:\\\/\\\/digital.sbxtest.net\\\/es\\\/blog\\\/wp-content\\\/uploads\\\/2022\\\/04\\\/LOGO-GROUPE_BLOG_ESP.svg\",\"contentUrl\":\"https:\\\/\\\/digital.sbxtest.net\\\/es\\\/blog\\\/wp-content\\\/uploads\\\/2022\\\/04\\\/LOGO-GROUPE_BLOG_ESP.svg\",\"width\":1,\"height\":1,\"caption\":\"Smartbox\"},\"image\":{\"@id\":\"https:\\\/\\\/www.smartbox.com\\\/es\\\/blog\\\/#\\\/schema\\\/logo\\\/image\\\/\"}},{\"@type\":\"Person\",\"@id\":\"https:\\\/\\\/www.smartbox.com\\\/es\\\/blog\\\/#\\\/schema\\\/person\\\/6504bc605c1c4bc91d75e716ac494d65\",\"name\":\"Natalia AlcazarRuiz\",\"image\":{\"@type\":\"ImageObject\",\"inLanguage\":\"es\",\"@id\":\"https:\\\/\\\/secure.gravatar.com\\\/avatar\\\/e28ecfddda7b1a248d362de3b9a20d475dc37ba8a002034563c0e34d0940e96f?s=96&d=mm&r=g\",\"url\":\"https:\\\/\\\/secure.gravatar.com\\\/avatar\\\/e28ecfddda7b1a248d362de3b9a20d475dc37ba8a002034563c0e34d0940e96f?s=96&d=mm&r=g\",\"contentUrl\":\"https:\\\/\\\/secure.gravatar.com\\\/avatar\\\/e28ecfddda7b1a248d362de3b9a20d475dc37ba8a002034563c0e34d0940e96f?s=96&d=mm&r=g\",\"caption\":\"Natalia AlcazarRuiz\"}}]}<\/script>\n<!-- \/ Yoast SEO Premium plugin. -->","yoast_head_json":{"title":"\ud83c\udf84Fechas actualizadas noviembre: Los mercados navide\u00f1os m\u00e1s bonitos de Europa 2024","description":"Conoce las fechas y lugares de los mejores mercados navide\u00f1os de Europa 2024. Encuentra aqu\u00ed toda la informaci\u00f3n para disfrutar de una Navidad \u00fanica.","robots":{"index":"index","follow":"follow","max-snippet":"max-snippet:-1","max-image-preview":"max-image-preview:large","max-video-preview":"max-video-preview:-1"},"canonical":"https:\/\/www.smartbox.com\/es\/blog\/mercados-navidenos-mas-bonitos-de-europa-2024\/","og_locale":"es_ES","og_type":"article","og_title":"\ud83c\udf84Fechas actualizadas noviembre: Los mercados navide\u00f1os m\u00e1s bonitos de Europa 2024","og_description":"Conoce las fechas y lugares de los mejores mercados navide\u00f1os de Europa 2024. Encuentra aqu\u00ed toda la informaci\u00f3n para disfrutar de una Navidad \u00fanica.","og_url":"https:\/\/www.smartbox.com\/es\/blog\/mercados-navidenos-mas-bonitos-de-europa-2024\/","og_site_name":"Espa\u00f1a","article_published_time":"2024-11-11T15:43:09+00:00","article_modified_time":"2024-11-12T10:00:49+00:00","og_image":[{"width":1024,"height":524,"url":"https:\/\/www.smartbox.com\/es\/blog\/wp-content\/uploads\/2024\/11\/image-3.png","type":"image\/png"}],"author":"Natalia AlcazarRuiz","twitter_card":"summary_large_image","twitter_misc":{"Escrito por":"Natalia AlcazarRuiz","Tiempo de lectura":"12 minutos"},"schema":{"@context":"https:\/\/schema.org","@graph":[{"@type":"Article","@id":"https:\/\/www.smartbox.com\/es\/blog\/mercados-navidenos-mas-bonitos-de-europa-2024\/#article","isPartOf":{"@id":"https:\/\/www.smartbox.com\/es\/blog\/mercados-navidenos-mas-bonitos-de-europa-2024\/"},"author":{"name":"Natalia AlcazarRuiz","@id":"https:\/\/www.smartbox.com\/es\/blog\/#\/schema\/person\/6504bc605c1c4bc91d75e716ac494d65"},"headline":"Los mercados navide\u00f1os m\u00e1s bonitos de Europa este 2024","datePublished":"2024-11-11T15:43:09+00:00","dateModified":"2024-11-12T10:00:49+00:00","mainEntityOfPage":{"@id":"https:\/\/www.smartbox.com\/es\/blog\/mercados-navidenos-mas-bonitos-de-europa-2024\/"},"wordCount":2508,"commentCount":0,"publisher":{"@id":"https:\/\/www.smartbox.com\/es\/blog\/#organization"},"image":{"@id":"https:\/\/www.smartbox.com\/es\/blog\/mercados-navidenos-mas-bonitos-de-europa-2024\/#primaryimage"},"thumbnailUrl":"https:\/\/www.smartbox.com\/es\/blog\/wp-content\/uploads\/2024\/11\/image-3.png","articleSection":["Navidad"],"inLanguage":"es","potentialAction":[{"@type":"CommentAction","name":"Comment","target":["https:\/\/www.smartbox.com\/es\/blog\/mercados-navidenos-mas-bonitos-de-europa-2024\/#respond"]}]},{"@type":"WebPage","@id":"https:\/\/www.smartbox.com\/es\/blog\/mercados-navidenos-mas-bonitos-de-europa-2024\/","url":"https:\/\/www.smartbox.com\/es\/blog\/mercados-navidenos-mas-bonitos-de-europa-2024\/","name":"\ud83c\udf84Fechas actualizadas noviembre: Los mercados navide\u00f1os m\u00e1s bonitos de Europa 2024","isPartOf":{"@id":"https:\/\/www.smartbox.com\/es\/blog\/#website"},"primaryImageOfPage":{"@id":"https:\/\/www.smartbox.com\/es\/blog\/mercados-navidenos-mas-bonitos-de-europa-2024\/#primaryimage"},"image":{"@id":"https:\/\/www.smartbox.com\/es\/blog\/mercados-navidenos-mas-bonitos-de-europa-2024\/#primaryimage"},"thumbnailUrl":"https:\/\/www.smartbox.com\/es\/blog\/wp-content\/uploads\/2024\/11\/image-3.png","datePublished":"2024-11-11T15:43:09+00:00","dateModified":"2024-11-12T10:00:49+00:00","description":"Conoce las fechas y lugares de los mejores mercados navide\u00f1os de Europa 2024. Encuentra aqu\u00ed toda la informaci\u00f3n para disfrutar de una Navidad \u00fanica.","inLanguage":"es","potentialAction":[{"@type":"ReadAction","target":["https:\/\/www.smartbox.com\/es\/blog\/mercados-navidenos-mas-bonitos-de-europa-2024\/"]}]},{"@type":"ImageObject","inLanguage":"es","@id":"https:\/\/www.smartbox.com\/es\/blog\/mercados-navidenos-mas-bonitos-de-europa-2024\/#primaryimage","url":"https:\/\/www.smartbox.com\/es\/blog\/wp-content\/uploads\/2024\/11\/image-3.png","contentUrl":"https:\/\/www.smartbox.com\/es\/blog\/wp-content\/uploads\/2024\/11\/image-3.png","width":1024,"height":524},{"@type":"WebSite","@id":"https:\/\/www.smartbox.com\/es\/blog\/#website","url":"https:\/\/www.smartbox.com\/es\/blog\/","name":"Espa\u00f1a","description":"","publisher":{"@id":"https:\/\/www.smartbox.com\/es\/blog\/#organization"},"potentialAction":[{"@type":"SearchAction","target":{"@type":"EntryPoint","urlTemplate":"https:\/\/www.smartbox.com\/es\/blog\/?s={search_term_string}"},"query-input":{"@type":"PropertyValueSpecification","valueRequired":true,"valueName":"search_term_string"}}],"inLanguage":"es"},{"@type":"Organization","@id":"https:\/\/www.smartbox.com\/es\/blog\/#organization","name":"Smartbox","url":"https:\/\/www.smartbox.com\/es\/blog\/","logo":{"@type":"ImageObject","inLanguage":"es","@id":"https:\/\/www.smartbox.com\/es\/blog\/#\/schema\/logo\/image\/","url":"https:\/\/digital.sbxtest.net\/es\/blog\/wp-content\/uploads\/2022\/04\/LOGO-GROUPE_BLOG_ESP.svg","contentUrl":"https:\/\/digital.sbxtest.net\/es\/blog\/wp-content\/uploads\/2022\/04\/LOGO-GROUPE_BLOG_ESP.svg","width":1,"height":1,"caption":"Smartbox"},"image":{"@id":"https:\/\/www.smartbox.com\/es\/blog\/#\/schema\/logo\/image\/"}},{"@type":"Person","@id":"https:\/\/www.smartbox.com\/es\/blog\/#\/schema\/person\/6504bc605c1c4bc91d75e716ac494d65","name":"Natalia AlcazarRuiz","image":{"@type":"ImageObject","inLanguage":"es","@id":"https:\/\/secure.gravatar.com\/avatar\/e28ecfddda7b1a248d362de3b9a20d475dc37ba8a002034563c0e34d0940e96f?s=96&d=mm&r=g","url":"https:\/\/secure.gravatar.com\/avatar\/e28ecfddda7b1a248d362de3b9a20d475dc37ba8a002034563c0e34d0940e96f?s=96&d=mm&r=g","contentUrl":"https:\/\/secure.gravatar.com\/avatar\/e28ecfddda7b1a248d362de3b9a20d475dc37ba8a002034563c0e34d0940e96f?s=96&d=mm&r=g","caption":"Natalia AlcazarRuiz"}}]}},"_links":{"self":[{"href":"https:\/\/www.smartbox.com\/es\/blog\/wp-json\/wp\/v2\/posts\/36110","targetHints":{"allow":["GET"]}}],"collection":[{"href":"https:\/\/www.smartbox.com\/es\/blog\/wp-json\/wp\/v2\/posts"}],"about":[{"href":"https:\/\/www.smartbox.com\/es\/blog\/wp-json\/wp\/v2\/types\/post"}],"author":[{"embeddable":true,"href":"https:\/\/www.smartbox.com\/es\/blog\/wp-json\/wp\/v2\/users\/44"}],"replies":[{"embeddable":true,"href":"https:\/\/www.smartbox.com\/es\/blog\/wp-json\/wp\/v2\/comments?post=36110"}],"version-history":[{"count":3,"href":"https:\/\/www.smartbox.com\/es\/blog\/wp-json\/wp\/v2\/posts\/36110\/revisions"}],"predecessor-version":[{"id":36145,"href":"https:\/\/www.smartbox.com\/es\/blog\/wp-json\/wp\/v2\/posts\/36110\/revisions\/36145"}],"wp:featuredmedia":[{"embeddable":true,"href":"https:\/\/www.smartbox.com\/es\/blog\/wp-json\/wp\/v2\/media\/36131"}],"wp:attachment":[{"href":"https:\/\/www.smartbox.com\/es\/blog\/wp-json\/wp\/v2\/media?parent=36110"}],"wp:term":[{"taxonomy":"category","embeddable":true,"href":"https:\/\/www.smartbox.com\/es\/blog\/wp-json\/wp\/v2\/categories?post=36110"},{"taxonomy":"post_tag","embeddable":true,"href":"https:\/\/www.smartbox.com\/es\/blog\/wp-json\/wp\/v2\/tags?post=36110"}],"curies":[{"name":"wp","href":"https:\/\/api.w.org\/{rel}","templated":true}]}}