{"id":35862,"date":"2022-11-07T17:08:54","date_gmt":"2022-11-07T17:08:54","guid":{"rendered":"https:\/\/www.smartbox.com\/es\/blog\/?p=35862"},"modified":"2022-11-07T17:08:54","modified_gmt":"2022-11-07T17:08:54","slug":"expedicion-espana-azul-y-smartbox","status":"publish","type":"post","link":"https:\/\/www.smartbox.com\/es\/blog\/expedicion-espana-azul-y-smartbox\/","title":{"rendered":"Smartbox se sube al velero de La Espa\u00f1a Azul"},"content":{"rendered":"\n<p>Participamos en la expedici\u00f3n que arranc\u00f3 en Septiembre en San Sebasti\u00e1n (Gip\u00fazcoa) y recorrer\u00e1 las costas espa\u00f1olas y portuguesas durante diez meses, recogiendo muestras para su an\u00e1lisis cient\u00edfico y limpiando fondos marinos y playas.<\/p>\n\n\n\n<p>Smartbox Group, se sube al velero de la expedici\u00f3n La Espa\u00f1a Azul. Durante diez meses, Smartbox acompa\u00f1ar\u00e1 al explorador, naturalista y divulgador Nacho Dean, y a su equipo de investigadores, por las costas espa\u00f1olas y portuguesas para recoger muestras de basura marina, que posteriormente ser\u00e1n analizadas en el laboratorio, y para limpiar los fondos marinos y las playas.<\/p>\n\n\n\n<figure class=\"wp-block-image size-large\"><img loading=\"lazy\" decoding=\"async\" width=\"1024\" height=\"655\" src=\"https:\/\/www.smartbox.com\/es\/blog\/wp-content\/uploads\/2022\/11\/Smartbox-x-Espana-Azul-1024x655.jpg\" alt=\"\" class=\"wp-image-35863\" srcset=\"https:\/\/www.smartbox.com\/es\/blog\/wp-content\/uploads\/2022\/11\/Smartbox-x-Espana-Azul-1024x655.jpg 1024w, https:\/\/www.smartbox.com\/es\/blog\/wp-content\/uploads\/2022\/11\/Smartbox-x-Espana-Azul-300x192.jpg 300w, https:\/\/www.smartbox.com\/es\/blog\/wp-content\/uploads\/2022\/11\/Smartbox-x-Espana-Azul-768x492.jpg 768w, https:\/\/www.smartbox.com\/es\/blog\/wp-content\/uploads\/2022\/11\/Smartbox-x-Espana-Azul.jpg 1250w\" sizes=\"auto, (max-width: 1024px) 100vw, 1024px\" \/><\/figure>\n\n\n\n<p>Apoyemos esta iniciativa medioambiental a trav\u00e9s de un patrocinio oficial: \u00abParticipar en este tipo de acciones que, por un lado, buscan reducir a trav\u00e9s de la investigaci\u00f3n la contaminaci\u00f3n en el ecosistema marino y, por otro, divulgan la importancia de proteger los oc\u00e9anos y mares forma parte de nuestro prop\u00f3sito como compa\u00f1\u00eda de contribuir a crear un mundo mejor para todos nosotros y para las generaciones futuras. La basura marina y, en concreto, las toneladas de pl\u00e1stico que cada a\u00f1o se vierten a los oc\u00e9anos, es una amenaza para la vida marina y para nuestra salud, por lo que hay que actuar de manera urgente. En Smartbox estamos sustituyendo el pl\u00e1stico por materiales sostenibles y estamos apostando por las cajas digitales\u00bb, se\u00f1ala el Country Manager de Smartbox en Espa\u00f1a, Yago Mart\u00edn.<\/p>\n\n\n\n<p>Formaremos parte activa de la expedici\u00f3n a trav\u00e9s de nuestras redes sociales. Haremos un seguimiento del recorrido del velero por las costas espa\u00f1olas buscando promover el respeto y el cuidado por los mares y oc\u00e9anos, \u201cy es que, las <a href=\"https:\/\/www.smartbox.com\/es\/nuestras-smartbox\/aventura\/\">experiencias de aventura<\/a>, en este caso acu\u00e1ticas, de nuestras cajas no tienen sentido si no cuidamos el lugar en las que se llevan a cabo\u201d concluye Yago.<\/p>\n\n\n\n<figure class=\"wp-block-gallery has-nested-images columns-default is-cropped wp-block-gallery-1 is-layout-flex wp-block-gallery-is-layout-flex\">\n<figure class=\"wp-block-image size-large\"><img loading=\"lazy\" decoding=\"async\" width=\"600\" height=\"900\" data-id=\"35864\" src=\"https:\/\/www.smartbox.com\/es\/blog\/wp-content\/uploads\/2022\/11\/expedicion-espana-azul.jpg\" alt=\"\" class=\"wp-image-35864\" srcset=\"https:\/\/www.smartbox.com\/es\/blog\/wp-content\/uploads\/2022\/11\/expedicion-espana-azul.jpg 600w, https:\/\/www.smartbox.com\/es\/blog\/wp-content\/uploads\/2022\/11\/expedicion-espana-azul-200x300.jpg 200w\" sizes=\"auto, (max-width: 600px) 100vw, 600px\" \/><\/figure>\n\n\n\n<figure class=\"wp-block-image size-large\"><img loading=\"lazy\" decoding=\"async\" width=\"600\" height=\"900\" data-id=\"35865\" src=\"https:\/\/www.smartbox.com\/es\/blog\/wp-content\/uploads\/2022\/11\/expedicion-espana-azul-y-Smartbox.jpg\" alt=\"\" class=\"wp-image-35865\" srcset=\"https:\/\/www.smartbox.com\/es\/blog\/wp-content\/uploads\/2022\/11\/expedicion-espana-azul-y-Smartbox.jpg 600w, https:\/\/www.smartbox.com\/es\/blog\/wp-content\/uploads\/2022\/11\/expedicion-espana-azul-y-Smartbox-200x300.jpg 200w\" sizes=\"auto, (max-width: 600px) 100vw, 600px\" \/><\/figure>\n<\/figure>\n\n\n\n<p>Nacho Dean fue la primera persona en la historia en dar la vuelta al mundo caminando y unir nadando los cinco continentes. A trav\u00e9s de expediciones como La Espa\u00f1a Azul, Dean y su equipo documentan el estado de los ecosistemas y visibilizan el impacto cient\u00edfico y medioambiental de la contaminaci\u00f3n.<\/p>\n\n\n\n<p>Esta investigaci\u00f3n, que contar\u00e1 tambi\u00e9n con la participaci\u00f3n de cient\u00edficos locales en cada una de las etapas, pone el foco en el estudio de factores como la contaminaci\u00f3n (pl\u00e1sticos, hidrocarburos, etc.), porcentaje de ox\u00edgeno en el agua; p\u00e9rdida de la biodiversidad y sobreexplotaci\u00f3n pesquera; subida del nivel del mar; aumento de la temperatura; construcci\u00f3n, urbanismo y turismo. Un estudio que quedar\u00e1 recogido en un documental.<\/p>\n\n\n\n<p>La expedici\u00f3n, que arranc\u00f3 en San Sebasti\u00e1n (Gip\u00fazcoa), se podr\u00e1 seguir a trav\u00e9s de nuestras redes sociales y de la web La Espa\u00f1a Azul y sus canales.<\/p>\n","protected":false},"excerpt":{"rendered":"<p>Participamos en la expedici\u00f3n que arranc\u00f3 en Septiembre en San Sebasti\u00e1n (Gip\u00fazcoa) y recorrer\u00e1 las costas espa\u00f1olas y portuguesas durante diez meses, recogiendo muestras para su an\u00e1lisis cient\u00edfico y limpiando fondos marinos y playas. Smartbox Group, se sube al velero de la expedici\u00f3n La Espa\u00f1a Azul. Durante diez meses, Smartbox acompa\u00f1ar\u00e1 al explorador, naturalista y [&hellip;]<\/p>\n","protected":false},"author":21,"featured_media":35863,"comment_status":"open","ping_status":"open","sticky":false,"template":"","format":"standard","meta":{"_acf_changed":false,"footnotes":""},"categories":[65],"tags":[],"class_list":["post-35862","post","type-post","status-publish","format-standard","has-post-thumbnail","hentry","category-aventura"],"acf":[],"yoast_head":"<!-- This site is optimized with the Yoast SEO Premium plugin v20.8 (Yoast SEO v27.4) - https:\/\/yoast.com\/product\/yoast-seo-premium-wordpress\/ -->\n<title>Smartbox se sube al velero de La Espa\u00f1a Azul - Smartbox Blog<\/title>\n<meta name=\"description\" content=\"Durante 10 meses, Smartbox acompa\u00f1ar\u00e1 al explorador Nacho Dean, y a su equipo de investigadores, por las costas espa\u00f1olas y portuguesas\" \/>\n<meta name=\"robots\" content=\"index, follow, max-snippet:-1, max-image-preview:large, max-video-preview:-1\" \/>\n<link rel=\"canonical\" href=\"https:\/\/www.smartbox.com\/es\/blog\/expedicion-espana-azul-y-smartbox\/\" \/>\n<meta property=\"og:locale\" content=\"es_ES\" \/>\n<meta property=\"og:type\" content=\"article\" \/>\n<meta property=\"og:title\" content=\"Smartbox se sube al velero de La Espa\u00f1a Azul - Smartbox Blog\" \/>\n<meta property=\"og:description\" content=\"Durante 10 meses, Smartbox acompa\u00f1ar\u00e1 al explorador Nacho Dean, y a su equipo de investigadores, por las costas espa\u00f1olas y portuguesas\" \/>\n<meta property=\"og:url\" content=\"https:\/\/www.smartbox.com\/es\/blog\/expedicion-espana-azul-y-smartbox\/\" \/>\n<meta property=\"og:site_name\" content=\"Espa\u00f1a\" \/>\n<meta property=\"article:published_time\" content=\"2022-11-07T17:08:54+00:00\" \/>\n<meta property=\"og:image\" content=\"https:\/\/www.smartbox.com\/es\/blog\/wp-content\/uploads\/2022\/11\/Smartbox-x-Espana-Azul.jpg\" \/>\n\t<meta property=\"og:image:width\" content=\"1250\" \/>\n\t<meta property=\"og:image:height\" content=\"800\" \/>\n\t<meta property=\"og:image:type\" content=\"image\/jpeg\" \/>\n<meta name=\"author\" content=\"Pauline\" \/>\n<meta name=\"twitter:card\" content=\"summary_large_image\" \/>\n<meta name=\"twitter:label1\" content=\"Escrito por\" \/>\n\t<meta name=\"twitter:data1\" content=\"Pauline\" \/>\n\t<meta name=\"twitter:label2\" content=\"Tiempo de lectura\" \/>\n\t<meta name=\"twitter:data2\" content=\"3 minutos\" \/>\n<script type=\"application\/ld+json\" class=\"yoast-schema-graph\">{\"@context\":\"https:\\\/\\\/schema.org\",\"@graph\":[{\"@type\":\"Article\",\"@id\":\"https:\\\/\\\/www.smartbox.com\\\/es\\\/blog\\\/expedicion-espana-azul-y-smartbox\\\/#article\",\"isPartOf\":{\"@id\":\"https:\\\/\\\/www.smartbox.com\\\/es\\\/blog\\\/expedicion-espana-azul-y-smartbox\\\/\"},\"author\":{\"name\":\"Pauline\",\"@id\":\"https:\\\/\\\/www.smartbox.com\\\/es\\\/blog\\\/#\\\/schema\\\/person\\\/0def93adb00e53abc58b626f646950ac\"},\"headline\":\"Smartbox se sube al velero de La Espa\u00f1a Azul\",\"datePublished\":\"2022-11-07T17:08:54+00:00\",\"mainEntityOfPage\":{\"@id\":\"https:\\\/\\\/www.smartbox.com\\\/es\\\/blog\\\/expedicion-espana-azul-y-smartbox\\\/\"},\"wordCount\":490,\"commentCount\":0,\"publisher\":{\"@id\":\"https:\\\/\\\/www.smartbox.com\\\/es\\\/blog\\\/#organization\"},\"image\":{\"@id\":\"https:\\\/\\\/www.smartbox.com\\\/es\\\/blog\\\/expedicion-espana-azul-y-smartbox\\\/#primaryimage\"},\"thumbnailUrl\":\"https:\\\/\\\/www.smartbox.com\\\/es\\\/blog\\\/wp-content\\\/uploads\\\/2022\\\/11\\\/Smartbox-x-Espana-Azul.jpg\",\"articleSection\":[\"Aventura\"],\"inLanguage\":\"es\",\"potentialAction\":[{\"@type\":\"CommentAction\",\"name\":\"Comment\",\"target\":[\"https:\\\/\\\/www.smartbox.com\\\/es\\\/blog\\\/expedicion-espana-azul-y-smartbox\\\/#respond\"]}]},{\"@type\":\"WebPage\",\"@id\":\"https:\\\/\\\/www.smartbox.com\\\/es\\\/blog\\\/expedicion-espana-azul-y-smartbox\\\/\",\"url\":\"https:\\\/\\\/www.smartbox.com\\\/es\\\/blog\\\/expedicion-espana-azul-y-smartbox\\\/\",\"name\":\"Smartbox se sube al velero de La Espa\u00f1a Azul - Smartbox Blog\",\"isPartOf\":{\"@id\":\"https:\\\/\\\/www.smartbox.com\\\/es\\\/blog\\\/#website\"},\"primaryImageOfPage\":{\"@id\":\"https:\\\/\\\/www.smartbox.com\\\/es\\\/blog\\\/expedicion-espana-azul-y-smartbox\\\/#primaryimage\"},\"image\":{\"@id\":\"https:\\\/\\\/www.smartbox.com\\\/es\\\/blog\\\/expedicion-espana-azul-y-smartbox\\\/#primaryimage\"},\"thumbnailUrl\":\"https:\\\/\\\/www.smartbox.com\\\/es\\\/blog\\\/wp-content\\\/uploads\\\/2022\\\/11\\\/Smartbox-x-Espana-Azul.jpg\",\"datePublished\":\"2022-11-07T17:08:54+00:00\",\"description\":\"Durante 10 meses, Smartbox acompa\u00f1ar\u00e1 al explorador Nacho Dean, y a su equipo de investigadores, por las costas espa\u00f1olas y portuguesas\",\"inLanguage\":\"es\",\"potentialAction\":[{\"@type\":\"ReadAction\",\"target\":[\"https:\\\/\\\/www.smartbox.com\\\/es\\\/blog\\\/expedicion-espana-azul-y-smartbox\\\/\"]}]},{\"@type\":\"ImageObject\",\"inLanguage\":\"es\",\"@id\":\"https:\\\/\\\/www.smartbox.com\\\/es\\\/blog\\\/expedicion-espana-azul-y-smartbox\\\/#primaryimage\",\"url\":\"https:\\\/\\\/www.smartbox.com\\\/es\\\/blog\\\/wp-content\\\/uploads\\\/2022\\\/11\\\/Smartbox-x-Espana-Azul.jpg\",\"contentUrl\":\"https:\\\/\\\/www.smartbox.com\\\/es\\\/blog\\\/wp-content\\\/uploads\\\/2022\\\/11\\\/Smartbox-x-Espana-Azul.jpg\",\"width\":1250,\"height\":800},{\"@type\":\"WebSite\",\"@id\":\"https:\\\/\\\/www.smartbox.com\\\/es\\\/blog\\\/#website\",\"url\":\"https:\\\/\\\/www.smartbox.com\\\/es\\\/blog\\\/\",\"name\":\"Espa\u00f1a\",\"description\":\"\",\"publisher\":{\"@id\":\"https:\\\/\\\/www.smartbox.com\\\/es\\\/blog\\\/#organization\"},\"potentialAction\":[{\"@type\":\"SearchAction\",\"target\":{\"@type\":\"EntryPoint\",\"urlTemplate\":\"https:\\\/\\\/www.smartbox.com\\\/es\\\/blog\\\/?s={search_term_string}\"},\"query-input\":{\"@type\":\"PropertyValueSpecification\",\"valueRequired\":true,\"valueName\":\"search_term_string\"}}],\"inLanguage\":\"es\"},{\"@type\":\"Organization\",\"@id\":\"https:\\\/\\\/www.smartbox.com\\\/es\\\/blog\\\/#organization\",\"name\":\"Smartbox\",\"url\":\"https:\\\/\\\/www.smartbox.com\\\/es\\\/blog\\\/\",\"logo\":{\"@type\":\"ImageObject\",\"inLanguage\":\"es\",\"@id\":\"https:\\\/\\\/www.smartbox.com\\\/es\\\/blog\\\/#\\\/schema\\\/logo\\\/image\\\/\",\"url\":\"https:\\\/\\\/digital.sbxtest.net\\\/es\\\/blog\\\/wp-content\\\/uploads\\\/2022\\\/04\\\/LOGO-GROUPE_BLOG_ESP.svg\",\"contentUrl\":\"https:\\\/\\\/digital.sbxtest.net\\\/es\\\/blog\\\/wp-content\\\/uploads\\\/2022\\\/04\\\/LOGO-GROUPE_BLOG_ESP.svg\",\"width\":1,\"height\":1,\"caption\":\"Smartbox\"},\"image\":{\"@id\":\"https:\\\/\\\/www.smartbox.com\\\/es\\\/blog\\\/#\\\/schema\\\/logo\\\/image\\\/\"}},{\"@type\":\"Person\",\"@id\":\"https:\\\/\\\/www.smartbox.com\\\/es\\\/blog\\\/#\\\/schema\\\/person\\\/0def93adb00e53abc58b626f646950ac\",\"name\":\"Pauline\",\"image\":{\"@type\":\"ImageObject\",\"inLanguage\":\"es\",\"@id\":\"https:\\\/\\\/secure.gravatar.com\\\/avatar\\\/de247de632eb1e17a9350d47148b33d6ef1bc46bdb2bbb993587895eaa66d4b5?s=96&d=mm&r=g\",\"url\":\"https:\\\/\\\/secure.gravatar.com\\\/avatar\\\/de247de632eb1e17a9350d47148b33d6ef1bc46bdb2bbb993587895eaa66d4b5?s=96&d=mm&r=g\",\"contentUrl\":\"https:\\\/\\\/secure.gravatar.com\\\/avatar\\\/de247de632eb1e17a9350d47148b33d6ef1bc46bdb2bbb993587895eaa66d4b5?s=96&d=mm&r=g\",\"caption\":\"Pauline\"}}]}<\/script>\n<!-- \/ Yoast SEO Premium plugin. -->","yoast_head_json":{"title":"Smartbox se sube al velero de La Espa\u00f1a Azul - Smartbox Blog","description":"Durante 10 meses, Smartbox acompa\u00f1ar\u00e1 al explorador Nacho Dean, y a su equipo de investigadores, por las costas espa\u00f1olas y portuguesas","robots":{"index":"index","follow":"follow","max-snippet":"max-snippet:-1","max-image-preview":"max-image-preview:large","max-video-preview":"max-video-preview:-1"},"canonical":"https:\/\/www.smartbox.com\/es\/blog\/expedicion-espana-azul-y-smartbox\/","og_locale":"es_ES","og_type":"article","og_title":"Smartbox se sube al velero de La Espa\u00f1a Azul - Smartbox Blog","og_description":"Durante 10 meses, Smartbox acompa\u00f1ar\u00e1 al explorador Nacho Dean, y a su equipo de investigadores, por las costas espa\u00f1olas y portuguesas","og_url":"https:\/\/www.smartbox.com\/es\/blog\/expedicion-espana-azul-y-smartbox\/","og_site_name":"Espa\u00f1a","article_published_time":"2022-11-07T17:08:54+00:00","og_image":[{"width":1250,"height":800,"url":"https:\/\/www.smartbox.com\/es\/blog\/wp-content\/uploads\/2022\/11\/Smartbox-x-Espana-Azul.jpg","type":"image\/jpeg"}],"author":"Pauline","twitter_card":"summary_large_image","twitter_misc":{"Escrito por":"Pauline","Tiempo de lectura":"3 minutos"},"schema":{"@context":"https:\/\/schema.org","@graph":[{"@type":"Article","@id":"https:\/\/www.smartbox.com\/es\/blog\/expedicion-espana-azul-y-smartbox\/#article","isPartOf":{"@id":"https:\/\/www.smartbox.com\/es\/blog\/expedicion-espana-azul-y-smartbox\/"},"author":{"name":"Pauline","@id":"https:\/\/www.smartbox.com\/es\/blog\/#\/schema\/person\/0def93adb00e53abc58b626f646950ac"},"headline":"Smartbox se sube al velero de La Espa\u00f1a Azul","datePublished":"2022-11-07T17:08:54+00:00","mainEntityOfPage":{"@id":"https:\/\/www.smartbox.com\/es\/blog\/expedicion-espana-azul-y-smartbox\/"},"wordCount":490,"commentCount":0,"publisher":{"@id":"https:\/\/www.smartbox.com\/es\/blog\/#organization"},"image":{"@id":"https:\/\/www.smartbox.com\/es\/blog\/expedicion-espana-azul-y-smartbox\/#primaryimage"},"thumbnailUrl":"https:\/\/www.smartbox.com\/es\/blog\/wp-content\/uploads\/2022\/11\/Smartbox-x-Espana-Azul.jpg","articleSection":["Aventura"],"inLanguage":"es","potentialAction":[{"@type":"CommentAction","name":"Comment","target":["https:\/\/www.smartbox.com\/es\/blog\/expedicion-espana-azul-y-smartbox\/#respond"]}]},{"@type":"WebPage","@id":"https:\/\/www.smartbox.com\/es\/blog\/expedicion-espana-azul-y-smartbox\/","url":"https:\/\/www.smartbox.com\/es\/blog\/expedicion-espana-azul-y-smartbox\/","name":"Smartbox se sube al velero de La Espa\u00f1a Azul - Smartbox Blog","isPartOf":{"@id":"https:\/\/www.smartbox.com\/es\/blog\/#website"},"primaryImageOfPage":{"@id":"https:\/\/www.smartbox.com\/es\/blog\/expedicion-espana-azul-y-smartbox\/#primaryimage"},"image":{"@id":"https:\/\/www.smartbox.com\/es\/blog\/expedicion-espana-azul-y-smartbox\/#primaryimage"},"thumbnailUrl":"https:\/\/www.smartbox.com\/es\/blog\/wp-content\/uploads\/2022\/11\/Smartbox-x-Espana-Azul.jpg","datePublished":"2022-11-07T17:08:54+00:00","description":"Durante 10 meses, Smartbox acompa\u00f1ar\u00e1 al explorador Nacho Dean, y a su equipo de investigadores, por las costas espa\u00f1olas y portuguesas","inLanguage":"es","potentialAction":[{"@type":"ReadAction","target":["https:\/\/www.smartbox.com\/es\/blog\/expedicion-espana-azul-y-smartbox\/"]}]},{"@type":"ImageObject","inLanguage":"es","@id":"https:\/\/www.smartbox.com\/es\/blog\/expedicion-espana-azul-y-smartbox\/#primaryimage","url":"https:\/\/www.smartbox.com\/es\/blog\/wp-content\/uploads\/2022\/11\/Smartbox-x-Espana-Azul.jpg","contentUrl":"https:\/\/www.smartbox.com\/es\/blog\/wp-content\/uploads\/2022\/11\/Smartbox-x-Espana-Azul.jpg","width":1250,"height":800},{"@type":"WebSite","@id":"https:\/\/www.smartbox.com\/es\/blog\/#website","url":"https:\/\/www.smartbox.com\/es\/blog\/","name":"Espa\u00f1a","description":"","publisher":{"@id":"https:\/\/www.smartbox.com\/es\/blog\/#organization"},"potentialAction":[{"@type":"SearchAction","target":{"@type":"EntryPoint","urlTemplate":"https:\/\/www.smartbox.com\/es\/blog\/?s={search_term_string}"},"query-input":{"@type":"PropertyValueSpecification","valueRequired":true,"valueName":"search_term_string"}}],"inLanguage":"es"},{"@type":"Organization","@id":"https:\/\/www.smartbox.com\/es\/blog\/#organization","name":"Smartbox","url":"https:\/\/www.smartbox.com\/es\/blog\/","logo":{"@type":"ImageObject","inLanguage":"es","@id":"https:\/\/www.smartbox.com\/es\/blog\/#\/schema\/logo\/image\/","url":"https:\/\/digital.sbxtest.net\/es\/blog\/wp-content\/uploads\/2022\/04\/LOGO-GROUPE_BLOG_ESP.svg","contentUrl":"https:\/\/digital.sbxtest.net\/es\/blog\/wp-content\/uploads\/2022\/04\/LOGO-GROUPE_BLOG_ESP.svg","width":1,"height":1,"caption":"Smartbox"},"image":{"@id":"https:\/\/www.smartbox.com\/es\/blog\/#\/schema\/logo\/image\/"}},{"@type":"Person","@id":"https:\/\/www.smartbox.com\/es\/blog\/#\/schema\/person\/0def93adb00e53abc58b626f646950ac","name":"Pauline","image":{"@type":"ImageObject","inLanguage":"es","@id":"https:\/\/secure.gravatar.com\/avatar\/de247de632eb1e17a9350d47148b33d6ef1bc46bdb2bbb993587895eaa66d4b5?s=96&d=mm&r=g","url":"https:\/\/secure.gravatar.com\/avatar\/de247de632eb1e17a9350d47148b33d6ef1bc46bdb2bbb993587895eaa66d4b5?s=96&d=mm&r=g","contentUrl":"https:\/\/secure.gravatar.com\/avatar\/de247de632eb1e17a9350d47148b33d6ef1bc46bdb2bbb993587895eaa66d4b5?s=96&d=mm&r=g","caption":"Pauline"}}]}},"_links":{"self":[{"href":"https:\/\/www.smartbox.com\/es\/blog\/wp-json\/wp\/v2\/posts\/35862","targetHints":{"allow":["GET"]}}],"collection":[{"href":"https:\/\/www.smartbox.com\/es\/blog\/wp-json\/wp\/v2\/posts"}],"about":[{"href":"https:\/\/www.smartbox.com\/es\/blog\/wp-json\/wp\/v2\/types\/post"}],"author":[{"embeddable":true,"href":"https:\/\/www.smartbox.com\/es\/blog\/wp-json\/wp\/v2\/users\/21"}],"replies":[{"embeddable":true,"href":"https:\/\/www.smartbox.com\/es\/blog\/wp-json\/wp\/v2\/comments?post=35862"}],"version-history":[{"count":2,"href":"https:\/\/www.smartbox.com\/es\/blog\/wp-json\/wp\/v2\/posts\/35862\/revisions"}],"predecessor-version":[{"id":35867,"href":"https:\/\/www.smartbox.com\/es\/blog\/wp-json\/wp\/v2\/posts\/35862\/revisions\/35867"}],"wp:featuredmedia":[{"embeddable":true,"href":"https:\/\/www.smartbox.com\/es\/blog\/wp-json\/wp\/v2\/media\/35863"}],"wp:attachment":[{"href":"https:\/\/www.smartbox.com\/es\/blog\/wp-json\/wp\/v2\/media?parent=35862"}],"wp:term":[{"taxonomy":"category","embeddable":true,"href":"https:\/\/www.smartbox.com\/es\/blog\/wp-json\/wp\/v2\/categories?post=35862"},{"taxonomy":"post_tag","embeddable":true,"href":"https:\/\/www.smartbox.com\/es\/blog\/wp-json\/wp\/v2\/tags?post=35862"}],"curies":[{"name":"wp","href":"https:\/\/api.w.org\/{rel}","templated":true}]}}