{"id":35192,"date":"2025-08-19T16:17:00","date_gmt":"2025-08-19T15:17:00","guid":{"rendered":"https:\/\/www.smartbox.com\/es\/blog\/?p=35192"},"modified":"2025-09-18T14:43:05","modified_gmt":"2025-09-18T13:43:05","slug":"todo-sobre-fallas-valencia","status":"publish","type":"post","link":"https:\/\/www.smartbox.com\/es\/blog\/todo-sobre-fallas-valencia\/","title":{"rendered":"Todo sobre las Fallas de Valencia de este 2026"},"content":{"rendered":"\n<p>Declarada como <strong>Patrimonio Inmaterial de la Humanidad<\/strong> por la mism\u00edsima <a href=\"https:\/\/www.smartbox.com\/es\/blog\/lugares-patrimonio-mundial-unesco-madrid\/\">UNESCO<\/a>, las <strong>Fallas de Valencia<\/strong> se han convertido en una de las fiestas esenciales del pa\u00eds.<\/p>\n\n\n\n<p>Los elementos b\u00e1sicos nos los conocemos todos muy bien; las <em>masclet\u00e0s<\/em>, los <em>ninots<\/em>, la quema de fallas, los trajes regionales, el ambiente festivo\u2026 Pero, <strong>\u00bfcu\u00e1ndo son las fallas de Valencia 2026?<\/strong> \u00bfSabes cu\u00e1l es el origen de la celebraci\u00f3n de las Fallas de Valencia? Qu\u00e9date un ratito a leernos porque vamos a contarte todo lo que necesitas saber para conocer y <strong>disfrutar al m\u00e1ximo estas Fallas de Valencia 202<\/strong>6.<\/p>\n\n\n\n<p><strong><a class=\"rel-pdt-btn\" href=\"https:\/\/www.smartbox.com\/es\/actividades-por-regiones-en-espana\/comunidad-valenciana\/valencia\/\" rel=\"noopener noreferrer\">Descubre Valencia<\/a><\/strong><\/p>\n\n\n\n<figure class=\"wp-block-image size-large is-resized\"><img loading=\"lazy\" decoding=\"async\" width=\"1024\" height=\"768\" src=\"https:\/\/www.smartbox.com\/es\/blog\/wp-content\/uploads\/2022\/03\/banderas-de-valencia-1024x768.jpg\" alt=\"Tira de banderas de Valencia rondeando una masclet\u00e1\" class=\"wp-image-35176\" style=\"width:840px;height:630px\" srcset=\"https:\/\/www.smartbox.com\/es\/blog\/wp-content\/uploads\/2022\/03\/banderas-de-valencia-1024x768.jpg 1024w, https:\/\/www.smartbox.com\/es\/blog\/wp-content\/uploads\/2022\/03\/banderas-de-valencia-300x225.jpg 300w, https:\/\/www.smartbox.com\/es\/blog\/wp-content\/uploads\/2022\/03\/banderas-de-valencia-768x576.jpg 768w, https:\/\/www.smartbox.com\/es\/blog\/wp-content\/uploads\/2022\/03\/banderas-de-valencia.jpg 1200w\" sizes=\"auto, (max-width: 1024px) 100vw, 1024px\" \/><figcaption class=\"wp-element-caption\"><sup>\u00a9 Rizar el pixel \/ Via Shutterstock<\/sup><\/figcaption><\/figure>\n\n\n\n<p>En torno a los siglos XVIII y XIX, surgi\u00f3 entre el gremio de los carpinteros la curiosa costumbre de recibir la primavera limpiando y purificando sus talleres con la quema de todo lo que ya no les era \u00fatil y de los \u00abparots\u00bb, las piezas que les alumbraban durante el invierno. La elecci\u00f3n de la fecha no pod\u00eda ser aleatoria; los carpinteros valencianos se deshac\u00edan de lo viejo en la v\u00edspera del d\u00eda de San Jos\u00e9, su patr\u00f3n, el 19 de marzo.<\/p>\n\n\n\n<p>Se cuenta que estos \u00abparots\u00bb acabaron evolucionando hasta convertirse en los \u00abninots\u00bb, que actualmente son cada una de las figuras que componen una falla.<\/p>\n\n\n\n<p>Si hay algo que hace especiales a las fallas, eso es, sin duda, el car\u00e1cter sarc\u00e1stico de las mismas y la capacidad de los falleros de recrear los temas m\u00e1s peliagudos de nuestro d\u00eda a d\u00eda con un peculiar toque de humor. Caminar junto a las Fallas de Valencia es como un paseo por la cr\u00edtica popular. Hay quien piensa que algunos solo quieren avivar ciertas llamas \u2014y, en realidad, no van muy desencaminados\u2014, pero, si de algo nos ense\u00f1an estas tradiciones, es precisamente del arte y el poder de la s\u00e1tira.<\/p>\n\n\n\n<h2 class=\"wp-block-heading\" id=\"h-senyor-pirotecnic-pot-comencar-la-mascleta\" style=\"font-size:22px\">\u201cSenyor pirot\u00e8cnic, pot comen\u00e7ar la masclet\u00e0\u201d<\/h2>\n\n\n\n<h3 class=\"wp-block-heading has-medium-font-size\" id=\"h-todo-lo-que-necesitas-saber-para-vivir-les-falles-como-un-autentico-valenciano\">Todo lo que necesitas saber para vivir \u00ables Falles\u00bb como un aut\u00e9ntico valenciano.<\/h3>\n\n\n\n<p>Pr\u00e1cticamente todo el mundo es conocedor de la existencia de las Fallas, pero \u00bfcu\u00e1ndo son las Fallas de Valencia y c\u00f3mo se celebran en la actualidad?<\/p>\n\n\n\n<p>Ya hemos dado una peque\u00f1a pista \u201419 de marzo\u2014, pero es evidente que los valencianos no pod\u00edan quedarse con un mero d\u00eda para celebrar tanto. Oficialmente, la celebraci\u00f3n de las Fallas de Valencia es del 16 al 19 de marzo, aunque desde el mism\u00edsimo d\u00eda 1 del mes, las calles de Valencia y, en concreto, la Pla\u00e7a de l&#8217;Ajuntament, se inunda de gente deseosa de disfrutar de las famosas \u00abmasclet\u00e0s\u00bb y de escuchar a la Fallera Mayor anunciarlas bajo el \u00absenyor pirot\u00e8cnic, pot comen\u00e7ar la masclet\u00e0\u00bb. Sin duda, un aut\u00e9ntico espect\u00e1culo de p\u00f3lvora y petardos. \u00a0<\/p>\n\n\n\n<figure class=\"wp-block-image size-large\"><img loading=\"lazy\" decoding=\"async\" width=\"1024\" height=\"768\" src=\"https:\/\/www.smartbox.com\/es\/blog\/wp-content\/uploads\/2022\/03\/grupo-en-mascleta-1024x768.jpg\" alt=\"Grupo de gente de espaldas en Fallas en una masclet\u00e0\" class=\"wp-image-35177\" srcset=\"https:\/\/www.smartbox.com\/es\/blog\/wp-content\/uploads\/2022\/03\/grupo-en-mascleta-1024x768.jpg 1024w, https:\/\/www.smartbox.com\/es\/blog\/wp-content\/uploads\/2022\/03\/grupo-en-mascleta-300x225.jpg 300w, https:\/\/www.smartbox.com\/es\/blog\/wp-content\/uploads\/2022\/03\/grupo-en-mascleta-768x576.jpg 768w, https:\/\/www.smartbox.com\/es\/blog\/wp-content\/uploads\/2022\/03\/grupo-en-mascleta.jpg 1200w\" sizes=\"auto, (max-width: 1024px) 100vw, 1024px\" \/><figcaption class=\"wp-element-caption\"><sup>\u00a9 Vicente Ortega Losa \/ Via Shutterstock<\/sup><\/figcaption><\/figure>\n\n\n\n<p>Despu\u00e9s de 15 d\u00edas fren\u00e9ticos, llega un momento crucial: la Plant\u00e0. En la madrugada del 15 al 16, los falleros trabajan sin descanso para preparar las fallas a las que tanto se han dedicado. De esta forma, en la ma\u00f1ana del 16 de marzo se elige al <em>ninot indultat<\/em>, que ser\u00e1 el \u00fanico que se salve de la Crem\u00e0 del d\u00eda 19, celebraci\u00f3n en la que se queman el resto de fallas.<\/p>\n\n\n\n<figure class=\"wp-block-image size-large\"><img loading=\"lazy\" decoding=\"async\" width=\"1024\" height=\"768\" src=\"https:\/\/www.smartbox.com\/es\/blog\/wp-content\/uploads\/2022\/03\/ninots-1024x768.jpg\" alt=\"Ninots de las Fallas de Valencia\" class=\"wp-image-35178\" srcset=\"https:\/\/www.smartbox.com\/es\/blog\/wp-content\/uploads\/2022\/03\/ninots-1024x768.jpg 1024w, https:\/\/www.smartbox.com\/es\/blog\/wp-content\/uploads\/2022\/03\/ninots-300x225.jpg 300w, https:\/\/www.smartbox.com\/es\/blog\/wp-content\/uploads\/2022\/03\/ninots-768x576.jpg 768w, https:\/\/www.smartbox.com\/es\/blog\/wp-content\/uploads\/2022\/03\/ninots.jpg 1200w\" sizes=\"auto, (max-width: 1024px) 100vw, 1024px\" \/><figcaption class=\"wp-element-caption\"><sup>\u00a9 Rizar el pixel \/ Via Shutterstock<\/sup><\/figcaption><\/figure>\n\n\n\n<p>Organizar una <a href=\"https:\/\/www.smartbox.com\/es\/actividades-por-regiones-en-espana\/comunidad-valenciana\/valencia\/\">escapada a Valencia<\/a> en plena \u00e9poca fallera puede ser una aut\u00e9ntica locura, as\u00ed que \u00a1te recomendamos empezar cuanto antes!<\/p>\n\n\n\n<p>Por supuesto, la celebraci\u00f3n de las Fallas de Valencia tambi\u00e9n incluye una buena dosis de gastronom\u00eda y \u00a1un buen sarao! Desay\u00fanate unos deliciosos bu\u00f1uelos tradicionales o una horchata con <em>fartons <\/em>y vive el ambiente que se respira a todas horas en una ciudad que lo da todo por sus Falles.<\/p>\n\n\n\n<p>En resumen, los valencianos s\u00ed que saben darle una c\u00e1lida bienvenida a la primavera.<\/p>\n\n\n\n<h2 class=\"wp-block-heading has-medium-font-size\" id=\"h-valencia-fallas-y-mucho-mas\">Valencia: Fallas y mucho m\u00e1s<\/h2>\n\n\n\n<p>Un <a href=\"https:\/\/www.smartbox.com\/es\/nuestras-smartbox\/estancias\/hoteles-playa\/\">viaje a la costa<\/a> mediterr\u00e1nea es un viaje a un universo incomparable y si no que se lo pregunten a Serrat. D\u00e9jate ba\u00f1ar por el sol y la brisa que han inspirado \u2014e inspiran\u2014 a tantos y tantos artistas.<\/p>\n\n\n\n<p>Estas Fallas de Valencia 2026 pueden ser mucho m\u00e1s que fallas. Aprovecha tu viaje al m\u00e1ximo, visita la Ciutat de les Arts i les Ci\u00e8ncies, el Mercat Central y la enorme variedad de propuestas que Valencia tiene para ofrecerte. Con un centenar de rincones que no podr\u00e1s olvidar, el barrio del Carmen te robar\u00e1 un pedacito de coraz\u00f3n.<\/p>\n\n\n\n<figure class=\"wp-block-image size-large\"><img loading=\"lazy\" decoding=\"async\" width=\"1024\" height=\"768\" src=\"https:\/\/www.smartbox.com\/es\/blog\/wp-content\/uploads\/2022\/03\/mercado-central-de-valencia-1024x768.jpg\" alt=\"Fachada del Mercado Central de Valencia\" class=\"wp-image-35179\" srcset=\"https:\/\/www.smartbox.com\/es\/blog\/wp-content\/uploads\/2022\/03\/mercado-central-de-valencia-1024x768.jpg 1024w, https:\/\/www.smartbox.com\/es\/blog\/wp-content\/uploads\/2022\/03\/mercado-central-de-valencia-300x225.jpg 300w, https:\/\/www.smartbox.com\/es\/blog\/wp-content\/uploads\/2022\/03\/mercado-central-de-valencia-768x576.jpg 768w, https:\/\/www.smartbox.com\/es\/blog\/wp-content\/uploads\/2022\/03\/mercado-central-de-valencia.jpg 1200w\" sizes=\"auto, (max-width: 1024px) 100vw, 1024px\" \/><figcaption class=\"wp-element-caption\"><sup>\u00a9 Vivvi Smak \/ Via Shutterstock<\/sup><\/figcaption><\/figure>\n\n\n\n<p>Si tu plan es una <a href=\"https:\/\/www.smartbox.com\/es\/vacaciones-en-familia\/\">escapada familiar<\/a>, Valencia es la ciudad ideal y las Fallas, una celebraci\u00f3n que disfrutar\u00e9is todos, sin importar la edad. Los m\u00e1s peque\u00f1os se quedar\u00e1n fascinados con las fallas infantiles, sentir\u00e1n que tienen en frente un aut\u00e9ntico cuento hecho realidad.<\/p>\n\n\n\n<p>Sea como sea, la celebraci\u00f3n de las Fallas de Valencia es algo que hay que vivir. Si es tu primera vez, \u00a1prep\u00e1rate para sentir la pasi\u00f3n de los valencianos por la p\u00f3lvora!<\/p>\n\n\n\n<h2 class=\"wp-block-heading\" id=\"h-sacale-provecho-a-tu-escapada\" style=\"font-size:22px\">S\u00e1cale provecho a tu escapada<\/h2>\n\n\n\n<p>Valencia tiene mucho que ofrecer, ya lo hemos dejado claro. Si eres de los que saben aprovechar hasta el \u00faltimo instante de cada viaje, tu escapada a las Fallas de Valencia de 2026 puede ser una oportunidad fant\u00e1stica para vivir una experiencia inolvidable en el <a href=\"https:\/\/www.smartbox.com\/es\/nuestras-smartbox\/aventura\/experiencias-de-conduccion\/circuito-ricardo-tormo-cheste\/\">circuito Ricardo Tormo <\/a>\u00a0en Cheste, situado a tan solo 20 km de la ciudad.<\/p>\n\n\n\n<p>Disfruta de planes de aventura, de gastronom\u00eda y de una costa \u00fanica: Valencia en Fallas lo tiene todo.<\/p>\n\n\n\n<p>Despu\u00e9s de un largo par\u00f3n, por fin podemos decir que \u00abja estem en Falles\u00bb.<\/p>\n\n\n\n<figure class=\"wp-block-image size-large\"><img loading=\"lazy\" decoding=\"async\" width=\"1024\" height=\"768\" src=\"https:\/\/www.smartbox.com\/es\/blog\/wp-content\/uploads\/2022\/03\/fallera-en-ofrenda-flores-1024x768.jpg\" alt=\"Fallera con un ramo en la Ofrenda de Flores\" class=\"wp-image-35180\" srcset=\"https:\/\/www.smartbox.com\/es\/blog\/wp-content\/uploads\/2022\/03\/fallera-en-ofrenda-flores-1024x768.jpg 1024w, https:\/\/www.smartbox.com\/es\/blog\/wp-content\/uploads\/2022\/03\/fallera-en-ofrenda-flores-300x225.jpg 300w, https:\/\/www.smartbox.com\/es\/blog\/wp-content\/uploads\/2022\/03\/fallera-en-ofrenda-flores-768x576.jpg 768w, https:\/\/www.smartbox.com\/es\/blog\/wp-content\/uploads\/2022\/03\/fallera-en-ofrenda-flores.jpg 1200w\" sizes=\"auto, (max-width: 1024px) 100vw, 1024px\" \/><figcaption class=\"wp-element-caption\"><sup>\u00a9 Korgan75 \/ Via Shutterstock<\/sup><\/figcaption><\/figure>\n\n\n\n<hr class=\"wp-block-separator has-css-opacity\"\/>\n\n\n\n<p><\/p>\n\n\n\n<p><\/p>\n","protected":false},"excerpt":{"rendered":"<p>Declarada como Patrimonio Inmaterial de la Humanidad por la mism\u00edsima UNESCO, las Fallas de Valencia se han convertido en una de las fiestas esenciales del pa\u00eds. Los elementos b\u00e1sicos nos los conocemos todos muy bien; las masclet\u00e0s, los ninots, la quema de fallas, los trajes regionales, el ambiente festivo\u2026 Pero, \u00bfcu\u00e1ndo son las fallas de [&hellip;]<\/p>\n","protected":false},"author":42,"featured_media":35175,"comment_status":"open","ping_status":"open","sticky":false,"template":"","format":"standard","meta":{"_acf_changed":false,"footnotes":""},"categories":[48],"tags":[],"class_list":["post-35192","post","type-post","status-publish","format-standard","has-post-thumbnail","hentry","category-viajes"],"acf":[],"yoast_head":"<!-- This site is optimized with the Yoast SEO Premium plugin v20.8 (Yoast SEO v27.4) - https:\/\/yoast.com\/product\/yoast-seo-premium-wordpress\/ -->\n<title>Todo sobre las Fallas de Valencia de este 2026 | Blog Smartbox<\/title>\n<meta name=\"description\" content=\"\u00bfSiempre has querido vivir las Fallas de Valencia? Te contamos todo lo que necesitas saber sobre estas fiestas: masclet\u00e0s, ninots y m\u00e1s.\" \/>\n<meta name=\"robots\" content=\"index, follow, max-snippet:-1, max-image-preview:large, max-video-preview:-1\" \/>\n<link rel=\"canonical\" href=\"https:\/\/www.smartbox.com\/es\/blog\/todo-sobre-fallas-valencia\/\" \/>\n<meta property=\"og:locale\" content=\"es_ES\" \/>\n<meta property=\"og:type\" content=\"article\" \/>\n<meta property=\"og:title\" content=\"Todo sobre las Fallas de Valencia de este 2026 | Blog Smartbox\" \/>\n<meta property=\"og:description\" content=\"\u00bfSiempre has querido vivir las Fallas de Valencia? Te contamos todo lo que necesitas saber sobre estas fiestas: masclet\u00e0s, ninots y m\u00e1s.\" \/>\n<meta property=\"og:url\" content=\"https:\/\/www.smartbox.com\/es\/blog\/todo-sobre-fallas-valencia\/\" \/>\n<meta property=\"og:site_name\" content=\"Espa\u00f1a\" \/>\n<meta property=\"article:published_time\" content=\"2025-08-19T15:17:00+00:00\" \/>\n<meta property=\"article:modified_time\" content=\"2025-09-18T13:43:05+00:00\" \/>\n<meta property=\"og:image\" content=\"https:\/\/www.smartbox.com\/es\/blog\/wp-content\/uploads\/2022\/03\/fallera-de-espaldas.jpg\" \/>\n\t<meta property=\"og:image:width\" content=\"1200\" \/>\n\t<meta property=\"og:image:height\" content=\"900\" \/>\n\t<meta property=\"og:image:type\" content=\"image\/jpeg\" \/>\n<meta name=\"author\" content=\"Marta Nieto\" \/>\n<meta name=\"twitter:card\" content=\"summary_large_image\" \/>\n<meta name=\"twitter:label1\" content=\"Escrito por\" \/>\n\t<meta name=\"twitter:data1\" content=\"Marta Nieto\" \/>\n\t<meta name=\"twitter:label2\" content=\"Tiempo de lectura\" \/>\n\t<meta name=\"twitter:data2\" content=\"6 minutos\" \/>\n<script type=\"application\/ld+json\" class=\"yoast-schema-graph\">{\"@context\":\"https:\\\/\\\/schema.org\",\"@graph\":[{\"@type\":\"Article\",\"@id\":\"https:\\\/\\\/www.smartbox.com\\\/es\\\/blog\\\/todo-sobre-fallas-valencia\\\/#article\",\"isPartOf\":{\"@id\":\"https:\\\/\\\/www.smartbox.com\\\/es\\\/blog\\\/todo-sobre-fallas-valencia\\\/\"},\"author\":{\"name\":\"Marta Nieto\",\"@id\":\"https:\\\/\\\/www.smartbox.com\\\/es\\\/blog\\\/#\\\/schema\\\/person\\\/1f7a9f87fb0a9d4b7f3d76e3d843b538\"},\"headline\":\"Todo sobre las Fallas de Valencia de este 2026\",\"datePublished\":\"2025-08-19T15:17:00+00:00\",\"dateModified\":\"2025-09-18T13:43:05+00:00\",\"mainEntityOfPage\":{\"@id\":\"https:\\\/\\\/www.smartbox.com\\\/es\\\/blog\\\/todo-sobre-fallas-valencia\\\/\"},\"wordCount\":962,\"commentCount\":0,\"publisher\":{\"@id\":\"https:\\\/\\\/www.smartbox.com\\\/es\\\/blog\\\/#organization\"},\"image\":{\"@id\":\"https:\\\/\\\/www.smartbox.com\\\/es\\\/blog\\\/todo-sobre-fallas-valencia\\\/#primaryimage\"},\"thumbnailUrl\":\"https:\\\/\\\/www.smartbox.com\\\/es\\\/blog\\\/wp-content\\\/uploads\\\/2022\\\/03\\\/fallera-de-espaldas.jpg\",\"articleSection\":[\"Viajes\"],\"inLanguage\":\"es\",\"potentialAction\":[{\"@type\":\"CommentAction\",\"name\":\"Comment\",\"target\":[\"https:\\\/\\\/www.smartbox.com\\\/es\\\/blog\\\/todo-sobre-fallas-valencia\\\/#respond\"]}]},{\"@type\":\"WebPage\",\"@id\":\"https:\\\/\\\/www.smartbox.com\\\/es\\\/blog\\\/todo-sobre-fallas-valencia\\\/\",\"url\":\"https:\\\/\\\/www.smartbox.com\\\/es\\\/blog\\\/todo-sobre-fallas-valencia\\\/\",\"name\":\"Todo sobre las Fallas de Valencia de este 2026 | Blog Smartbox\",\"isPartOf\":{\"@id\":\"https:\\\/\\\/www.smartbox.com\\\/es\\\/blog\\\/#website\"},\"primaryImageOfPage\":{\"@id\":\"https:\\\/\\\/www.smartbox.com\\\/es\\\/blog\\\/todo-sobre-fallas-valencia\\\/#primaryimage\"},\"image\":{\"@id\":\"https:\\\/\\\/www.smartbox.com\\\/es\\\/blog\\\/todo-sobre-fallas-valencia\\\/#primaryimage\"},\"thumbnailUrl\":\"https:\\\/\\\/www.smartbox.com\\\/es\\\/blog\\\/wp-content\\\/uploads\\\/2022\\\/03\\\/fallera-de-espaldas.jpg\",\"datePublished\":\"2025-08-19T15:17:00+00:00\",\"dateModified\":\"2025-09-18T13:43:05+00:00\",\"description\":\"\u00bfSiempre has querido vivir las Fallas de Valencia? Te contamos todo lo que necesitas saber sobre estas fiestas: masclet\u00e0s, ninots y m\u00e1s.\",\"inLanguage\":\"es\",\"potentialAction\":[{\"@type\":\"ReadAction\",\"target\":[\"https:\\\/\\\/www.smartbox.com\\\/es\\\/blog\\\/todo-sobre-fallas-valencia\\\/\"]}]},{\"@type\":\"ImageObject\",\"inLanguage\":\"es\",\"@id\":\"https:\\\/\\\/www.smartbox.com\\\/es\\\/blog\\\/todo-sobre-fallas-valencia\\\/#primaryimage\",\"url\":\"https:\\\/\\\/www.smartbox.com\\\/es\\\/blog\\\/wp-content\\\/uploads\\\/2022\\\/03\\\/fallera-de-espaldas.jpg\",\"contentUrl\":\"https:\\\/\\\/www.smartbox.com\\\/es\\\/blog\\\/wp-content\\\/uploads\\\/2022\\\/03\\\/fallera-de-espaldas.jpg\",\"width\":1200,\"height\":900,\"caption\":\"Woman dressed as a Fallera with her back turned, observes the facade of the Valencia City Hall, out of focus in the background.\"},{\"@type\":\"WebSite\",\"@id\":\"https:\\\/\\\/www.smartbox.com\\\/es\\\/blog\\\/#website\",\"url\":\"https:\\\/\\\/www.smartbox.com\\\/es\\\/blog\\\/\",\"name\":\"Espa\u00f1a\",\"description\":\"\",\"publisher\":{\"@id\":\"https:\\\/\\\/www.smartbox.com\\\/es\\\/blog\\\/#organization\"},\"potentialAction\":[{\"@type\":\"SearchAction\",\"target\":{\"@type\":\"EntryPoint\",\"urlTemplate\":\"https:\\\/\\\/www.smartbox.com\\\/es\\\/blog\\\/?s={search_term_string}\"},\"query-input\":{\"@type\":\"PropertyValueSpecification\",\"valueRequired\":true,\"valueName\":\"search_term_string\"}}],\"inLanguage\":\"es\"},{\"@type\":\"Organization\",\"@id\":\"https:\\\/\\\/www.smartbox.com\\\/es\\\/blog\\\/#organization\",\"name\":\"Smartbox\",\"url\":\"https:\\\/\\\/www.smartbox.com\\\/es\\\/blog\\\/\",\"logo\":{\"@type\":\"ImageObject\",\"inLanguage\":\"es\",\"@id\":\"https:\\\/\\\/www.smartbox.com\\\/es\\\/blog\\\/#\\\/schema\\\/logo\\\/image\\\/\",\"url\":\"https:\\\/\\\/digital.sbxtest.net\\\/es\\\/blog\\\/wp-content\\\/uploads\\\/2022\\\/04\\\/LOGO-GROUPE_BLOG_ESP.svg\",\"contentUrl\":\"https:\\\/\\\/digital.sbxtest.net\\\/es\\\/blog\\\/wp-content\\\/uploads\\\/2022\\\/04\\\/LOGO-GROUPE_BLOG_ESP.svg\",\"width\":1,\"height\":1,\"caption\":\"Smartbox\"},\"image\":{\"@id\":\"https:\\\/\\\/www.smartbox.com\\\/es\\\/blog\\\/#\\\/schema\\\/logo\\\/image\\\/\"}},{\"@type\":\"Person\",\"@id\":\"https:\\\/\\\/www.smartbox.com\\\/es\\\/blog\\\/#\\\/schema\\\/person\\\/1f7a9f87fb0a9d4b7f3d76e3d843b538\",\"name\":\"Marta Nieto\",\"image\":{\"@type\":\"ImageObject\",\"inLanguage\":\"es\",\"@id\":\"https:\\\/\\\/secure.gravatar.com\\\/avatar\\\/02b34071be865b55ae2e47ed7ee2273afada2b1ddf84d3f6c4ea4b42b64d2a20?s=96&d=mm&r=g\",\"url\":\"https:\\\/\\\/secure.gravatar.com\\\/avatar\\\/02b34071be865b55ae2e47ed7ee2273afada2b1ddf84d3f6c4ea4b42b64d2a20?s=96&d=mm&r=g\",\"contentUrl\":\"https:\\\/\\\/secure.gravatar.com\\\/avatar\\\/02b34071be865b55ae2e47ed7ee2273afada2b1ddf84d3f6c4ea4b42b64d2a20?s=96&d=mm&r=g\",\"caption\":\"Marta Nieto\"}}]}<\/script>\n<!-- \/ Yoast SEO Premium plugin. -->","yoast_head_json":{"title":"Todo sobre las Fallas de Valencia de este 2026 | Blog Smartbox","description":"\u00bfSiempre has querido vivir las Fallas de Valencia? Te contamos todo lo que necesitas saber sobre estas fiestas: masclet\u00e0s, ninots y m\u00e1s.","robots":{"index":"index","follow":"follow","max-snippet":"max-snippet:-1","max-image-preview":"max-image-preview:large","max-video-preview":"max-video-preview:-1"},"canonical":"https:\/\/www.smartbox.com\/es\/blog\/todo-sobre-fallas-valencia\/","og_locale":"es_ES","og_type":"article","og_title":"Todo sobre las Fallas de Valencia de este 2026 | Blog Smartbox","og_description":"\u00bfSiempre has querido vivir las Fallas de Valencia? Te contamos todo lo que necesitas saber sobre estas fiestas: masclet\u00e0s, ninots y m\u00e1s.","og_url":"https:\/\/www.smartbox.com\/es\/blog\/todo-sobre-fallas-valencia\/","og_site_name":"Espa\u00f1a","article_published_time":"2025-08-19T15:17:00+00:00","article_modified_time":"2025-09-18T13:43:05+00:00","og_image":[{"width":1200,"height":900,"url":"https:\/\/www.smartbox.com\/es\/blog\/wp-content\/uploads\/2022\/03\/fallera-de-espaldas.jpg","type":"image\/jpeg"}],"author":"Marta Nieto","twitter_card":"summary_large_image","twitter_misc":{"Escrito por":"Marta Nieto","Tiempo de lectura":"6 minutos"},"schema":{"@context":"https:\/\/schema.org","@graph":[{"@type":"Article","@id":"https:\/\/www.smartbox.com\/es\/blog\/todo-sobre-fallas-valencia\/#article","isPartOf":{"@id":"https:\/\/www.smartbox.com\/es\/blog\/todo-sobre-fallas-valencia\/"},"author":{"name":"Marta Nieto","@id":"https:\/\/www.smartbox.com\/es\/blog\/#\/schema\/person\/1f7a9f87fb0a9d4b7f3d76e3d843b538"},"headline":"Todo sobre las Fallas de Valencia de este 2026","datePublished":"2025-08-19T15:17:00+00:00","dateModified":"2025-09-18T13:43:05+00:00","mainEntityOfPage":{"@id":"https:\/\/www.smartbox.com\/es\/blog\/todo-sobre-fallas-valencia\/"},"wordCount":962,"commentCount":0,"publisher":{"@id":"https:\/\/www.smartbox.com\/es\/blog\/#organization"},"image":{"@id":"https:\/\/www.smartbox.com\/es\/blog\/todo-sobre-fallas-valencia\/#primaryimage"},"thumbnailUrl":"https:\/\/www.smartbox.com\/es\/blog\/wp-content\/uploads\/2022\/03\/fallera-de-espaldas.jpg","articleSection":["Viajes"],"inLanguage":"es","potentialAction":[{"@type":"CommentAction","name":"Comment","target":["https:\/\/www.smartbox.com\/es\/blog\/todo-sobre-fallas-valencia\/#respond"]}]},{"@type":"WebPage","@id":"https:\/\/www.smartbox.com\/es\/blog\/todo-sobre-fallas-valencia\/","url":"https:\/\/www.smartbox.com\/es\/blog\/todo-sobre-fallas-valencia\/","name":"Todo sobre las Fallas de Valencia de este 2026 | Blog Smartbox","isPartOf":{"@id":"https:\/\/www.smartbox.com\/es\/blog\/#website"},"primaryImageOfPage":{"@id":"https:\/\/www.smartbox.com\/es\/blog\/todo-sobre-fallas-valencia\/#primaryimage"},"image":{"@id":"https:\/\/www.smartbox.com\/es\/blog\/todo-sobre-fallas-valencia\/#primaryimage"},"thumbnailUrl":"https:\/\/www.smartbox.com\/es\/blog\/wp-content\/uploads\/2022\/03\/fallera-de-espaldas.jpg","datePublished":"2025-08-19T15:17:00+00:00","dateModified":"2025-09-18T13:43:05+00:00","description":"\u00bfSiempre has querido vivir las Fallas de Valencia? Te contamos todo lo que necesitas saber sobre estas fiestas: masclet\u00e0s, ninots y m\u00e1s.","inLanguage":"es","potentialAction":[{"@type":"ReadAction","target":["https:\/\/www.smartbox.com\/es\/blog\/todo-sobre-fallas-valencia\/"]}]},{"@type":"ImageObject","inLanguage":"es","@id":"https:\/\/www.smartbox.com\/es\/blog\/todo-sobre-fallas-valencia\/#primaryimage","url":"https:\/\/www.smartbox.com\/es\/blog\/wp-content\/uploads\/2022\/03\/fallera-de-espaldas.jpg","contentUrl":"https:\/\/www.smartbox.com\/es\/blog\/wp-content\/uploads\/2022\/03\/fallera-de-espaldas.jpg","width":1200,"height":900,"caption":"Woman dressed as a Fallera with her back turned, observes the facade of the Valencia City Hall, out of focus in the background."},{"@type":"WebSite","@id":"https:\/\/www.smartbox.com\/es\/blog\/#website","url":"https:\/\/www.smartbox.com\/es\/blog\/","name":"Espa\u00f1a","description":"","publisher":{"@id":"https:\/\/www.smartbox.com\/es\/blog\/#organization"},"potentialAction":[{"@type":"SearchAction","target":{"@type":"EntryPoint","urlTemplate":"https:\/\/www.smartbox.com\/es\/blog\/?s={search_term_string}"},"query-input":{"@type":"PropertyValueSpecification","valueRequired":true,"valueName":"search_term_string"}}],"inLanguage":"es"},{"@type":"Organization","@id":"https:\/\/www.smartbox.com\/es\/blog\/#organization","name":"Smartbox","url":"https:\/\/www.smartbox.com\/es\/blog\/","logo":{"@type":"ImageObject","inLanguage":"es","@id":"https:\/\/www.smartbox.com\/es\/blog\/#\/schema\/logo\/image\/","url":"https:\/\/digital.sbxtest.net\/es\/blog\/wp-content\/uploads\/2022\/04\/LOGO-GROUPE_BLOG_ESP.svg","contentUrl":"https:\/\/digital.sbxtest.net\/es\/blog\/wp-content\/uploads\/2022\/04\/LOGO-GROUPE_BLOG_ESP.svg","width":1,"height":1,"caption":"Smartbox"},"image":{"@id":"https:\/\/www.smartbox.com\/es\/blog\/#\/schema\/logo\/image\/"}},{"@type":"Person","@id":"https:\/\/www.smartbox.com\/es\/blog\/#\/schema\/person\/1f7a9f87fb0a9d4b7f3d76e3d843b538","name":"Marta Nieto","image":{"@type":"ImageObject","inLanguage":"es","@id":"https:\/\/secure.gravatar.com\/avatar\/02b34071be865b55ae2e47ed7ee2273afada2b1ddf84d3f6c4ea4b42b64d2a20?s=96&d=mm&r=g","url":"https:\/\/secure.gravatar.com\/avatar\/02b34071be865b55ae2e47ed7ee2273afada2b1ddf84d3f6c4ea4b42b64d2a20?s=96&d=mm&r=g","contentUrl":"https:\/\/secure.gravatar.com\/avatar\/02b34071be865b55ae2e47ed7ee2273afada2b1ddf84d3f6c4ea4b42b64d2a20?s=96&d=mm&r=g","caption":"Marta Nieto"}}]}},"_links":{"self":[{"href":"https:\/\/www.smartbox.com\/es\/blog\/wp-json\/wp\/v2\/posts\/35192","targetHints":{"allow":["GET"]}}],"collection":[{"href":"https:\/\/www.smartbox.com\/es\/blog\/wp-json\/wp\/v2\/posts"}],"about":[{"href":"https:\/\/www.smartbox.com\/es\/blog\/wp-json\/wp\/v2\/types\/post"}],"author":[{"embeddable":true,"href":"https:\/\/www.smartbox.com\/es\/blog\/wp-json\/wp\/v2\/users\/42"}],"replies":[{"embeddable":true,"href":"https:\/\/www.smartbox.com\/es\/blog\/wp-json\/wp\/v2\/comments?post=35192"}],"version-history":[{"count":2,"href":"https:\/\/www.smartbox.com\/es\/blog\/wp-json\/wp\/v2\/posts\/35192\/revisions"}],"predecessor-version":[{"id":36854,"href":"https:\/\/www.smartbox.com\/es\/blog\/wp-json\/wp\/v2\/posts\/35192\/revisions\/36854"}],"wp:featuredmedia":[{"embeddable":true,"href":"https:\/\/www.smartbox.com\/es\/blog\/wp-json\/wp\/v2\/media\/35175"}],"wp:attachment":[{"href":"https:\/\/www.smartbox.com\/es\/blog\/wp-json\/wp\/v2\/media?parent=35192"}],"wp:term":[{"taxonomy":"category","embeddable":true,"href":"https:\/\/www.smartbox.com\/es\/blog\/wp-json\/wp\/v2\/categories?post=35192"},{"taxonomy":"post_tag","embeddable":true,"href":"https:\/\/www.smartbox.com\/es\/blog\/wp-json\/wp\/v2\/tags?post=35192"}],"curies":[{"name":"wp","href":"https:\/\/api.w.org\/{rel}","templated":true}]}}