{"id":34843,"date":"2022-03-02T14:29:35","date_gmt":"2022-03-02T14:29:35","guid":{"rendered":"https:\/\/www.smartbox.com\/es\/blog\/?p=34843"},"modified":"2022-03-02T14:29:36","modified_gmt":"2022-03-02T14:29:36","slug":"como-celebra-semana-santa-espana","status":"publish","type":"post","link":"https:\/\/www.smartbox.com\/es\/blog\/como-celebra-semana-santa-espana\/","title":{"rendered":"\u00bfC\u00f3mo se celebra Semana Santa por Espa\u00f1a?"},"content":{"rendered":"\n<p>Como ya sabr\u00e1s, <strong>la Semana Santa es una festividad Cristiana que conmemora todos los episodios que vivi\u00f3 Jesucristo<\/strong>, desde la entrada a Jerusal\u00e9n hasta el d\u00eda de resurrecci\u00f3n. Las fechas de la celebraci\u00f3n var\u00edan dependiendo del a\u00f1o, pero siempre se suele festejar entre los meses de marzo y abril. Este a\u00f1o las tradiciones de <a href=\"https:\/\/www.smartbox.com\/es\/blog\/los-mejores-destinos-de-semana-santa\/\">Semana Santa<\/a> se celebrar\u00e1n desde el domingo 10 de abril hasta el s\u00e1bado 16 de abril, \u00bftienes alg\u00fan plan en mente?<\/p>\n\n\n\n<p>Si buscas conocer Espa\u00f1a en profundidad, deber\u00edas descubrirla durante Semana Santa. En el pa\u00eds se celebra<strong> la Pascua con gran emoci\u00f3n<\/strong>, y <strong>cada regi\u00f3n tiene sus caracter\u00edsticas propias <\/strong>que la diferencian de las dem\u00e1s. Es un buen momento para <a href=\"https:\/\/www.smartbox.com\/es\/escapadas-y-actividades-semana-santa\/\">escaparse en Semana Santa<\/a> y disfrutar de este per\u00edodo. <\/p>\n\n\n\n<p><strong>\u00bfTe gustar\u00eda saber c\u00f3mo se celebra la Semana Santa?<\/strong> Te lo contamos todo sobre esta gran festividad, las tradiciones y costumbres de Semana Santa m\u00e1s conocidas y las particularidades que tiene en algunos de los territorios espa\u00f1oles.<\/p>\n\n\n\n<p><strong><a class=\"rel-pdt-btn\"href=\"https:\/\/www.smartbox.com\/es\/escapadas-y-actividades-semana-santa\/\" rel=\"noopener noreferrer\"> \u00bfQu\u00e9 hacer en Semana Santa? <\/a><\/strong><\/p> \n\n\n\n<h2 class=\"wp-block-heading\" id=\"h-tradiciones-de-semana-santa-culinarias\" style=\"font-size:22px\">Tradiciones de Semana Santa culinarias<\/h2>\n\n\n\n<p>\u00bfConoces todas las tradiciones de estas fechas? Existen muchas costumbres de Semana Santa en Espa\u00f1a, algunas de ellas son muy curiosas y provienen de la historia.<\/p>\n\n\n\n<p><strong>\u00bfSab\u00edas que durante La Pascua aumenta el consumo de pescado?<\/strong> La Iglesia Cat\u00f3lica estableci\u00f3 una normativa basada en la abstinencia de carne el Mi\u00e9rcoles de Ceniza y el Viernes Santo. \u00bfPor qu\u00e9? Hist\u00f3ricamente, comer carne se relacionaba a festejos y durante la Semana Santa se recuerda el dolor de Cristo, por esta raz\u00f3n, es una falta de respeto y a la vez un momento de purificaci\u00f3n para los cristianos. Adem\u00e1s, tambi\u00e9n es una oportunidad de reflexi\u00f3n para todos. \u00a1Una de las tradiciones de Semana Santa m\u00e1s respetadas en estas fechas!<\/p>\n\n\n\n<figure class=\"wp-block-image size-large\"><img loading=\"lazy\" decoding=\"async\" width=\"1024\" height=\"683\" src=\"https:\/\/www.smartbox.com\/es\/blog\/wp-content\/uploads\/2022\/02\/salmon-cocinado-1024x683.jpeg\" alt=\"Chica cocinando salm\u00f3n a la plancha\" class=\"wp-image-34825\" srcset=\"https:\/\/www.smartbox.com\/es\/blog\/wp-content\/uploads\/2022\/02\/salmon-cocinado-1024x683.jpeg 1024w, https:\/\/www.smartbox.com\/es\/blog\/wp-content\/uploads\/2022\/02\/salmon-cocinado-300x200.jpeg 300w, https:\/\/www.smartbox.com\/es\/blog\/wp-content\/uploads\/2022\/02\/salmon-cocinado-768x512.jpeg 768w, https:\/\/www.smartbox.com\/es\/blog\/wp-content\/uploads\/2022\/02\/salmon-cocinado-1536x1024.jpeg 1536w, https:\/\/www.smartbox.com\/es\/blog\/wp-content\/uploads\/2022\/02\/salmon-cocinado-2048x1365.jpeg 2048w\" sizes=\"auto, (max-width: 1024px) 100vw, 1024px\" \/><figcaption><sub>\u00a9 Dean Drobot \/ Via Shutterstock<\/sub><\/figcaption><\/figure>\n\n\n\n<p><strong>Espa\u00f1a y su <a href=\"https:\/\/www.smartbox.com\/es\/blog\/category\/gastronomia\/\">gastronom\u00eda<\/a> son alucinantes<\/strong>, pues no te lo pierdas, tambi\u00e9n tenemos platos t\u00edpicos que se comen durante la festividad religiosa y muchos de ellos son deliciosos postres. Como no pod\u00eda ser de otro modo, empezaremos por las populares <strong>torrijas<\/strong>, son tan sencillas de hacer como buenas de comer. Este dulce se hace a base de leche, huevo y pan, y se empezaron a cocinar para no tener que tirar el pan duro. <\/p>\n\n\n\n<p>Los espa\u00f1oles no tiramos a la basura nada de comida, \u00a1como tiene que ser! Y a d\u00eda de hoy se considera la tradici\u00f3n de Semana Santa culinaria que m\u00e1s gusta entre la poblaci\u00f3n, ya que incluso podemos encontrar en muchos establecimientos y restaurantes este rico manjar como postre aun no siendo Semana Santa.<\/p>\n\n\n\n<figure class=\"wp-block-image size-large\"><img loading=\"lazy\" decoding=\"async\" width=\"1024\" height=\"683\" src=\"https:\/\/www.smartbox.com\/es\/blog\/wp-content\/uploads\/2022\/02\/torrijas-espan\u0303olas-1024x683.jpeg\" alt=\"Tradicionales torrijas espa\u00f1olas\" class=\"wp-image-34826\" srcset=\"https:\/\/www.smartbox.com\/es\/blog\/wp-content\/uploads\/2022\/02\/torrijas-espan\u0303olas-1024x683.jpeg 1024w, https:\/\/www.smartbox.com\/es\/blog\/wp-content\/uploads\/2022\/02\/torrijas-espan\u0303olas-300x200.jpeg 300w, https:\/\/www.smartbox.com\/es\/blog\/wp-content\/uploads\/2022\/02\/torrijas-espan\u0303olas-768x512.jpeg 768w, https:\/\/www.smartbox.com\/es\/blog\/wp-content\/uploads\/2022\/02\/torrijas-espan\u0303olas-1536x1024.jpeg 1536w, https:\/\/www.smartbox.com\/es\/blog\/wp-content\/uploads\/2022\/02\/torrijas-espan\u0303olas-2048x1365.jpeg 2048w\" sizes=\"auto, (max-width: 1024px) 100vw, 1024px\" \/><figcaption><sub>\u00a9 Mariontxa \/ Via Shutterstock<\/sub><\/figcaption><\/figure>\n\n\n\n<p>La <strong>leche frita<\/strong> es otro de los postres t\u00edpicos en Semana Santa, aunque para que nos vamos a enga\u00f1ar, lo solemos comer durante todo el a\u00f1o de lo rica que est\u00e1, y lo f\u00e1cil que es de cocinar. Otro de los azucarados comunes es <strong>la mona de Pascua<\/strong>, un postre muy t\u00edpico en Catalunya y la Comunidad Valenciana. Tradicionalmente era un bizcocho de mermelada con nata y chocolate, pero a d\u00eda de hoy se encuentran monas de todo tipo de figuras originales, hay algunas que son aut\u00e9nticas obras de arte. \u00bfTe ha entrado el hambre? Siempre podr\u00e1s <a href=\"https:\/\/www.smartbox.com\/es\/nuestras-smartbox\/gastronomia\/\">regalar la m\u00e1s rica gastronom\u00eda<\/a> para disfrutar con los tuyos en estas fechas tan familiares. \u00bfD\u00f3nde? Te ayudamos a que conozcas un poco m\u00e1s c\u00f3mo se celebra la Semana Santa en algunos sitios que lo festejan de una manera muy popular. \u00a1All\u00e1 vamos!<\/p>\n\n\n\n<h2 class=\"wp-block-heading\" style=\"font-size:22px\">C\u00f3mo se celebra Semana Santa en Andaluc\u00eda<\/h2>\n\n\n\n<p>Siempre es buen momento para <a href=\"https:\/\/www.smartbox.com\/es\/actividades-por-regiones-en-espana\/andalucia\/\">visitar nuestra querida Andaluc\u00eda,<\/a> pero si est\u00e1s buscando un pretexto, tu excusa perfecta es la Semana Santa. Las procesiones de la regi\u00f3n son realmente muy conocidas por toda Espa\u00f1a por su gran contenido emocional. <\/p>\n\n\n\n<p>Pero, <strong>\u00bfc\u00f3mo se celebra la Semana Santa en Sevilla?<\/strong> Los sevillanos se organizan con cofrad\u00edas, un grupo de devotos que llevan a hombros las V\u00edrgenes que contienen adornos preciosos. Estos, llevan a hombros las im\u00e1genes religiosas realizando as\u00ed las procesiones, un desfile de personas que salen desde distintos puntos hasta llegar a la Catedral de Sevilla. \u00a1Es realmente impresionante!<\/p>\n\n\n\n<div class=\"wp-block-buttons is-content-justification-center is-layout-flex wp-container-core-buttons-is-layout-16018d1d wp-block-buttons-is-layout-flex\">\n<div class=\"wp-block-button\"><a class=\"wp-block-button__link has-white-color has-luminous-vivid-orange-background-color has-text-color has-background\" href=\"https:\/\/www.smartbox.com\/es\/actividades-por-regiones-en-espana\/andalucia\/\">Mejores planes en Andaluc\u00eda<\/a><\/div>\n<\/div>\n\n\n\n<div style=\"height:30px\" aria-hidden=\"true\" class=\"wp-block-spacer\"><\/div>\n\n\n\n<figure class=\"wp-block-image size-large\"><img loading=\"lazy\" decoding=\"async\" width=\"1024\" height=\"685\" src=\"https:\/\/www.smartbox.com\/es\/blog\/wp-content\/uploads\/2022\/02\/procesiones-espan\u0303olas-1024x685.jpeg\" alt=\"Cofrad\u00eda en una procesi\u00f3n\" class=\"wp-image-34827\" srcset=\"https:\/\/www.smartbox.com\/es\/blog\/wp-content\/uploads\/2022\/02\/procesiones-espan\u0303olas-1024x685.jpeg 1024w, https:\/\/www.smartbox.com\/es\/blog\/wp-content\/uploads\/2022\/02\/procesiones-espan\u0303olas-300x201.jpeg 300w, https:\/\/www.smartbox.com\/es\/blog\/wp-content\/uploads\/2022\/02\/procesiones-espan\u0303olas-768x514.jpeg 768w, https:\/\/www.smartbox.com\/es\/blog\/wp-content\/uploads\/2022\/02\/procesiones-espan\u0303olas-1536x1028.jpeg 1536w, https:\/\/www.smartbox.com\/es\/blog\/wp-content\/uploads\/2022\/02\/procesiones-espan\u0303olas-2048x1371.jpeg 2048w\" sizes=\"auto, (max-width: 1024px) 100vw, 1024px\" \/><figcaption><sub>\u00a9 Corrado Baratta \/ Via Shutterstock<\/sub><\/figcaption><\/figure>\n\n\n\n<p>Hablemos tambi\u00e9n de la maravillosa ciudad de M\u00e1laga y sus tradiciones de Semana Santa. En 1756 hubo una epidemia de peste en la ciudad, hasta que termin\u00f3 llegando a la c\u00e1rcel. Un grupo de carceleros pidi\u00f3 al director de la prisi\u00f3n poder sacar en procesi\u00f3n la imagen de un Cristo nazareno, deneg\u00e1ndoles este la petici\u00f3n. La leyenda tambi\u00e9n cuenta que tras la gran epidemia no quedaron hombres para llevar a cabo las procesiones, por ese motivo muchos presos escaparon dirigi\u00e9ndose al convento m\u00e1s cercano para conseguir la imagen de Cristo y lo terminaron paseando por toda la ciudad. A ra\u00edz de esto, <strong>la tradici\u00f3n en Semana Santa en M\u00e1laga es liberar e indultar a un preso<\/strong>, uno de los momentos m\u00e1s emotivos de la Semana Santa. Es verdaderamente curioso. \u00bfConoc\u00edas la leyenda?<\/p>\n\n\n\n<h2 class=\"wp-block-heading\" style=\"font-size:22px\">Tradiciones de Semana Santa en <a href=\"https:\/\/www.smartbox.com\/es\/actividades-por-regiones-en-espana\/castilla-y-leon\/\">Castilla y Le\u00f3n<\/a><\/h2>\n\n\n\n<p>La <a href=\"https:\/\/www.smartbox.com\/es\/blog\/6-viajes-semana-santa-ultima-hora\/\">Semana Santa<\/a> en Le\u00f3n es de los eventos m\u00e1s importantes de la ciudad, incluso fue declarada de Inter\u00e9s Tur\u00edstico Internacional en 2002. \u00a1Impresionante! <strong>La Procesi\u00f3n de los Pasos<\/strong> es de las costumbres de Semana Santa m\u00e1s importantes, arranca ni m\u00e1s ni menos que a las 7h30 de la ma\u00f1ana y concluye a las 16h, participan m\u00e1s de 4000 papones, se les conoce as\u00ed a las personas que llevan a cabo las procesiones. Lo m\u00e1s impactante del evento suele ser \u00abel encuentro\u00bb, se lleva a cabo en la Plaza Mayor de Le\u00f3n sobre las 9h30 coloc\u00e1ndose las im\u00e1genes que han sido portadas a hombros alrededor de la plaza, para terminar siendo \u00abbailadas\u00bb con la marcha de La Dolorosa. \u00a1Emoci\u00f3n, arte y devoci\u00f3n!<\/p>\n\n\n\n<div class=\"wp-block-buttons is-content-justification-center is-layout-flex wp-container-core-buttons-is-layout-16018d1d wp-block-buttons-is-layout-flex\">\n<div class=\"wp-block-button\"><a class=\"wp-block-button__link has-white-color has-luminous-vivid-orange-background-color has-text-color has-background\" href=\"https:\/\/www.smartbox.com\/es\/actividades-por-regiones-en-espana\/castilla-y-leon\/\">Experiencias en Castilla y Le\u00f3n<\/a><\/div>\n<\/div>\n\n\n\n<div style=\"height:30px\" aria-hidden=\"true\" class=\"wp-block-spacer\"><\/div>\n\n\n\n<figure class=\"wp-block-image size-large\"><a href=\"https:\/\/www.smartbox.com\/es\/nuestras-smartbox\/momentos-magicos\/castilla-y-leon-para-dos-1385.html\"><img loading=\"lazy\" decoding=\"async\" width=\"1024\" height=\"683\" src=\"https:\/\/www.smartbox.com\/es\/blog\/wp-content\/uploads\/2022\/02\/plaza-mayor-leon-1024x683.jpeg\" alt=\"La Plaza Mayor de Le\u00f3n de noche\" class=\"wp-image-34828\" srcset=\"https:\/\/www.smartbox.com\/es\/blog\/wp-content\/uploads\/2022\/02\/plaza-mayor-leon-1024x683.jpeg 1024w, https:\/\/www.smartbox.com\/es\/blog\/wp-content\/uploads\/2022\/02\/plaza-mayor-leon-300x200.jpeg 300w, https:\/\/www.smartbox.com\/es\/blog\/wp-content\/uploads\/2022\/02\/plaza-mayor-leon-768x512.jpeg 768w, https:\/\/www.smartbox.com\/es\/blog\/wp-content\/uploads\/2022\/02\/plaza-mayor-leon-1536x1024.jpeg 1536w, https:\/\/www.smartbox.com\/es\/blog\/wp-content\/uploads\/2022\/02\/plaza-mayor-leon-2048x1366.jpeg 2048w\" sizes=\"auto, (max-width: 1024px) 100vw, 1024px\" \/><\/a><figcaption><sub>\u00a9 agsaz \/ Via Shutterstock<\/sub><\/figcaption><\/figure>\n\n\n\n<h2 class=\"wp-block-heading\" style=\"font-size:22px\">Costumbres de Semana Santa en <a href=\"https:\/\/www.smartbox.com\/es\/actividades-por-regiones-en-espana\/cataluna\/\">Catalunya<\/a><\/h2>\n\n\n\n<p>\u00bfY en <a href=\"https:\/\/www.smartbox.com\/es\/blog\/ruta-restaurantes-michelin-cataluna\/\">Catalunya<\/a>, c\u00f3mo se celebra la Semana Santa? En Girona se llevan a cabo representaciones religiosas muy llamativas para todos. Los m\u00e1s conocidos son <strong>los manaies o soldados romanos<\/strong>, que los conforman la cofrad\u00eda de Jes\u00fas Crucificado. Se conoce que en el siglo XVIII eran los encargados de cuidar del santo sepulcro. El Mi\u00e9rcoles y Viernes Santo los manaies descienden de la catedral de la ciudad mientras golpean sus lanzas contra el suelo, acompa\u00f1ados por el sonido de timbales. <\/p>\n\n\n\n<p>Un momento muy especial es cuando se entrecruzan para formar la Estrella y la Rueda. El hist\u00f3rico origen nos remite a la muerte de Jes\u00fas, cuando Poncio Pilatos envi\u00f3 una guarnici\u00f3n de legionarios para comprobar si el Mes\u00edas hab\u00eda resucitado.<\/p>\n\n\n\n<figure class=\"wp-block-image size-large\"><img loading=\"lazy\" decoding=\"async\" width=\"1024\" height=\"495\" src=\"https:\/\/www.smartbox.com\/es\/blog\/wp-content\/uploads\/2022\/02\/soldados-romanos-1024x495.jpeg\" alt=\"Las piernas de unos soldados romanos\" class=\"wp-image-34829\" srcset=\"https:\/\/www.smartbox.com\/es\/blog\/wp-content\/uploads\/2022\/02\/soldados-romanos-1024x495.jpeg 1024w, https:\/\/www.smartbox.com\/es\/blog\/wp-content\/uploads\/2022\/02\/soldados-romanos-300x145.jpeg 300w, https:\/\/www.smartbox.com\/es\/blog\/wp-content\/uploads\/2022\/02\/soldados-romanos-768x372.jpeg 768w, https:\/\/www.smartbox.com\/es\/blog\/wp-content\/uploads\/2022\/02\/soldados-romanos-1536x743.jpeg 1536w, https:\/\/www.smartbox.com\/es\/blog\/wp-content\/uploads\/2022\/02\/soldados-romanos-2048x991.jpeg 2048w\" sizes=\"auto, (max-width: 1024px) 100vw, 1024px\" \/><figcaption><sub>\u00a9 WH_Pics \/ Via Shutterstock<\/sub><\/figcaption><\/figure>\n\n\n\n<p>\u00bfConoc\u00edas<strong> todas estas tradiciones de Semana Santa<\/strong>? La realidad es que <strong>en Espa\u00f1a tenemos muchas bonitas costumbres en estas fechas<\/strong>, por esta raz\u00f3n, os invitamos a que descubr\u00e1is c\u00f3mo se festeja esta conmemoraci\u00f3n religiosa en cada uno de los rincones de nuestro pa\u00eds y aprovech\u00e9is para homenajearos con una <a href=\"https:\/\/www.smartbox.com\/es\/vacaciones-en-familia\/\">escapada en familia<\/a>\u00a0. \u00a1A disfrutar!<\/p>\n\n\n    <div class=\"products\">\n                    <h3 class=\"products__title\">\n                Actividades para Semana Santa            <\/h3>\n                            \n                            <div class=\"products__wrap\">\n                                            <article class=\"product\">\n                                                          <figure class=\"product__image-wrap\">\n                                <img decoding=\"async\" class=\"product__image\" src=\"https:\/\/www.smartbox.com\/es\/blog\/wp-content\/uploads\/2022\/03\/experiencia-Castilla-y-Leon.jpg\" alt=\"\" loading=\"lazy\">\n                                                              <\/figure>\n                                                                                      <div class=\"product__rating\">\n                                  <div class=\"product__rating-stars\">\n                                                                        <\/div>\n\n                                  \n                              <\/div>\n                            \n                                                            <h4 class=\"product__title\">\n                                    Castilla y Le\u00f3n para dos                                <\/h4>\n                            \n                                                            <div class=\"product__description\">\n                                    <ul class=\"checked-list\">\n<li>1 noche de hotel o 1 experiencia de bienestar, aventura o gastronom\u00eda para 2 personas<\/li>\n<li>160 hoteles de hasta 5*, restaurantes, centros de bienestar y de aventura<\/li>\n<\/ul>\n                                <\/div>\n                                                        \n                                                            <div class=\"product__meta\">\n                                    <p class=\"product__price\">\n                                        59,90\u20ac                                    <\/p>\n                                    <p class=\"product__old-price\">\n                                                                            <\/p>\n                                <\/div>\n                                                                    <a href=\"https:\/\/www.smartbox.com\/es\/nuestras-smartbox\/momentos-magicos\/castilla-y-leon-para-dos-1385.html\" class=\"button product__cta\">\n                                        Ver la caja regalo                                        <svg class=\"svg-icon svg-arrow--arrow-right-new\"><use xlink:href=\"https:\/\/www.smartbox.com\/es\/blog\/wp-content\/themes\/smartbox-blog\/_\/inc\/images\/symbol\/svg\/sprite.symbol.svg#arrow--arrow-right-new\"><\/use><\/svg>                                    <\/a>\n                                                                                    <\/article>\n                                            <article class=\"product\">\n                                                          <figure class=\"product__image-wrap\">\n                                <img decoding=\"async\" class=\"product__image\" src=\"https:\/\/www.smartbox.com\/es\/blog\/wp-content\/uploads\/2022\/03\/Relax-en-Andalucia.jpg\" alt=\"\" loading=\"lazy\">\n                                                              <\/figure>\n                                                                                      <div class=\"product__rating\">\n                                  <div class=\"product__rating-stars\">\n                                                                        <\/div>\n\n                                  \n                              <\/div>\n                            \n                                                            <h4 class=\"product__title\">\n                                    Relax para 2 en Andaluc\u00eda                                <\/h4>\n                            \n                                                            <div class=\"product__description\">\n                                    <ul class=\"checked-list\">\n<li>1 actividad de bienestar para 2 personas<\/li>\n<li>55 actividades como circuitos spa, masajes, balnearios y mucho m\u00e1s<\/li>\n<\/ul>\n                                <\/div>\n                                                        \n                                                            <div class=\"product__meta\">\n                                    <p class=\"product__price\">\n                                        49,90\u20ac                                    <\/p>\n                                    <p class=\"product__old-price\">\n                                                                            <\/p>\n                                <\/div>\n                                                                    <a href=\"https:\/\/www.smartbox.com\/es\/nuestras-smartbox\/bienestar\/relax-para-dos-en-andalucia-1135497.html\" class=\"button product__cta\">\n                                        Ver la caja regalo                                        <svg class=\"svg-icon svg-arrow--arrow-right-new\"><use xlink:href=\"https:\/\/www.smartbox.com\/es\/blog\/wp-content\/themes\/smartbox-blog\/_\/inc\/images\/symbol\/svg\/sprite.symbol.svg#arrow--arrow-right-new\"><\/use><\/svg>                                    <\/a>\n                                                                                    <\/article>\n                                            <article class=\"product\">\n                                                          <figure class=\"product__image-wrap\">\n                                <img decoding=\"async\" class=\"product__image\" src=\"https:\/\/www.smartbox.com\/es\/blog\/wp-content\/uploads\/2022\/03\/degustacio-de-vins.jpg\" alt=\"\" loading=\"lazy\">\n                                                              <\/figure>\n                                                                                      <div class=\"product__rating\">\n                                  <div class=\"product__rating-stars\">\n                                                                        <\/div>\n\n                                  \n                              <\/div>\n                            \n                                                            <h4 class=\"product__title\">\n                                    Visita a celler i degustaci\u00f3 de vins a Catalunya                                <\/h4>\n                            \n                                                            <div class=\"product__description\">\n                                    <ul class=\"checked-list\">\n<li>Una jornada entre natura amb una visita a un celler i degustaci\u00f3 de vi per a 2 persones<\/li>\n<li>40 cellers emblem\u00e0tics<\/li>\n<\/ul>\n                                <\/div>\n                                                        \n                                                            <div class=\"product__meta\">\n                                    <p class=\"product__price\">\n                                        19,90\u20ac                                    <\/p>\n                                    <p class=\"product__old-price\">\n                                                                            <\/p>\n                                <\/div>\n                                                                    <a href=\"https:\/\/www.smartbox.com\/es\/nuestras-smartbox\/gastronomia\/visita-a-celler-i-degustacio-de-vins-a-catalunya-1265160.html\" class=\"button product__cta\">\n                                        Ver la caja regalo                                        <svg class=\"svg-icon svg-arrow--arrow-right-new\"><use xlink:href=\"https:\/\/www.smartbox.com\/es\/blog\/wp-content\/themes\/smartbox-blog\/_\/inc\/images\/symbol\/svg\/sprite.symbol.svg#arrow--arrow-right-new\"><\/use><\/svg>                                    <\/a>\n                                                                                    <\/article>\n                    \n                <\/div>\n            \n            \n            <\/div>\n\n\n\n<p><a id=\"_msocom_1\"><\/a><\/p>\n","protected":false},"excerpt":{"rendered":"<p>Como ya sabr\u00e1s, la Semana Santa es una festividad Cristiana que conmemora todos los episodios que vivi\u00f3 Jesucristo, desde la entrada a Jerusal\u00e9n hasta el d\u00eda de resurrecci\u00f3n. Las fechas de la celebraci\u00f3n var\u00edan dependiendo del a\u00f1o, pero siempre se suele festejar entre los meses de marzo y abril. Este a\u00f1o las tradiciones de Semana [&hellip;]<\/p>\n","protected":false},"author":40,"featured_media":34824,"comment_status":"open","ping_status":"open","sticky":false,"template":"","format":"standard","meta":{"_acf_changed":false,"footnotes":""},"categories":[50],"tags":[],"class_list":["post-34843","post","type-post","status-publish","format-standard","has-post-thumbnail","hentry","category-lifestyle"],"acf":[],"yoast_head":"<!-- This site is optimized with the Yoast SEO Premium plugin v20.8 (Yoast SEO v27.4) - https:\/\/yoast.com\/product\/yoast-seo-premium-wordpress\/ -->\n<title>\u00bfC\u00f3mo se celebra Semana Santa por Espa\u00f1a? | Blog Smartbox<\/title>\n<meta name=\"description\" content=\"\u00bfConoces las tradiciones y costumbres de c\u00f3mo se celebra Semana Santa por Espa\u00f1a? Te contamos algunas curiosidades de la Pascua.\" \/>\n<meta name=\"robots\" content=\"index, follow, max-snippet:-1, max-image-preview:large, max-video-preview:-1\" \/>\n<link rel=\"canonical\" href=\"https:\/\/www.smartbox.com\/es\/blog\/como-celebra-semana-santa-espana\/\" \/>\n<meta property=\"og:locale\" content=\"es_ES\" \/>\n<meta property=\"og:type\" content=\"article\" \/>\n<meta property=\"og:title\" content=\"\u00bfC\u00f3mo se celebra Semana Santa por Espa\u00f1a? | Blog Smartbox\" \/>\n<meta property=\"og:description\" content=\"\u00bfConoces las tradiciones y costumbres de c\u00f3mo se celebra Semana Santa por Espa\u00f1a? Te contamos algunas curiosidades de la Pascua.\" \/>\n<meta property=\"og:url\" content=\"https:\/\/www.smartbox.com\/es\/blog\/como-celebra-semana-santa-espana\/\" \/>\n<meta property=\"og:site_name\" content=\"Espa\u00f1a\" \/>\n<meta property=\"article:published_time\" content=\"2022-03-02T14:29:35+00:00\" \/>\n<meta property=\"article:modified_time\" content=\"2022-03-02T14:29:36+00:00\" \/>\n<meta property=\"og:image\" content=\"https:\/\/www.smartbox.com\/es\/blog\/wp-content\/uploads\/2022\/02\/nazareno-semana-santa-scaled.jpeg\" \/>\n\t<meta property=\"og:image:width\" content=\"2560\" \/>\n\t<meta property=\"og:image:height\" content=\"1709\" \/>\n\t<meta property=\"og:image:type\" content=\"image\/jpeg\" \/>\n<meta name=\"author\" content=\"Esther Casas\" \/>\n<meta name=\"twitter:card\" content=\"summary_large_image\" \/>\n<meta name=\"twitter:label1\" content=\"Escrito por\" \/>\n\t<meta name=\"twitter:data1\" content=\"Esther Casas\" \/>\n\t<meta name=\"twitter:label2\" content=\"Tiempo de lectura\" \/>\n\t<meta name=\"twitter:data2\" content=\"6 minutos\" \/>\n<script type=\"application\/ld+json\" class=\"yoast-schema-graph\">{\"@context\":\"https:\\\/\\\/schema.org\",\"@graph\":[{\"@type\":\"Article\",\"@id\":\"https:\\\/\\\/www.smartbox.com\\\/es\\\/blog\\\/como-celebra-semana-santa-espana\\\/#article\",\"isPartOf\":{\"@id\":\"https:\\\/\\\/www.smartbox.com\\\/es\\\/blog\\\/como-celebra-semana-santa-espana\\\/\"},\"author\":{\"name\":\"Esther Casas\",\"@id\":\"https:\\\/\\\/www.smartbox.com\\\/es\\\/blog\\\/#\\\/schema\\\/person\\\/8b193ea3dc9a4c1417d746c05f5bfacc\"},\"headline\":\"\u00bfC\u00f3mo se celebra Semana Santa por Espa\u00f1a?\",\"datePublished\":\"2022-03-02T14:29:35+00:00\",\"dateModified\":\"2022-03-02T14:29:36+00:00\",\"mainEntityOfPage\":{\"@id\":\"https:\\\/\\\/www.smartbox.com\\\/es\\\/blog\\\/como-celebra-semana-santa-espana\\\/\"},\"wordCount\":1250,\"commentCount\":0,\"publisher\":{\"@id\":\"https:\\\/\\\/www.smartbox.com\\\/es\\\/blog\\\/#organization\"},\"image\":{\"@id\":\"https:\\\/\\\/www.smartbox.com\\\/es\\\/blog\\\/como-celebra-semana-santa-espana\\\/#primaryimage\"},\"thumbnailUrl\":\"https:\\\/\\\/www.smartbox.com\\\/es\\\/blog\\\/wp-content\\\/uploads\\\/2022\\\/02\\\/nazareno-semana-santa-scaled.jpeg\",\"articleSection\":[\"Lifestyle\"],\"inLanguage\":\"es\",\"potentialAction\":[{\"@type\":\"CommentAction\",\"name\":\"Comment\",\"target\":[\"https:\\\/\\\/www.smartbox.com\\\/es\\\/blog\\\/como-celebra-semana-santa-espana\\\/#respond\"]}]},{\"@type\":\"WebPage\",\"@id\":\"https:\\\/\\\/www.smartbox.com\\\/es\\\/blog\\\/como-celebra-semana-santa-espana\\\/\",\"url\":\"https:\\\/\\\/www.smartbox.com\\\/es\\\/blog\\\/como-celebra-semana-santa-espana\\\/\",\"name\":\"\u00bfC\u00f3mo se celebra Semana Santa por Espa\u00f1a? | Blog Smartbox\",\"isPartOf\":{\"@id\":\"https:\\\/\\\/www.smartbox.com\\\/es\\\/blog\\\/#website\"},\"primaryImageOfPage\":{\"@id\":\"https:\\\/\\\/www.smartbox.com\\\/es\\\/blog\\\/como-celebra-semana-santa-espana\\\/#primaryimage\"},\"image\":{\"@id\":\"https:\\\/\\\/www.smartbox.com\\\/es\\\/blog\\\/como-celebra-semana-santa-espana\\\/#primaryimage\"},\"thumbnailUrl\":\"https:\\\/\\\/www.smartbox.com\\\/es\\\/blog\\\/wp-content\\\/uploads\\\/2022\\\/02\\\/nazareno-semana-santa-scaled.jpeg\",\"datePublished\":\"2022-03-02T14:29:35+00:00\",\"dateModified\":\"2022-03-02T14:29:36+00:00\",\"description\":\"\u00bfConoces las tradiciones y costumbres de c\u00f3mo se celebra Semana Santa por Espa\u00f1a? Te contamos algunas curiosidades de la Pascua.\",\"inLanguage\":\"es\",\"potentialAction\":[{\"@type\":\"ReadAction\",\"target\":[\"https:\\\/\\\/www.smartbox.com\\\/es\\\/blog\\\/como-celebra-semana-santa-espana\\\/\"]}]},{\"@type\":\"ImageObject\",\"inLanguage\":\"es\",\"@id\":\"https:\\\/\\\/www.smartbox.com\\\/es\\\/blog\\\/como-celebra-semana-santa-espana\\\/#primaryimage\",\"url\":\"https:\\\/\\\/www.smartbox.com\\\/es\\\/blog\\\/wp-content\\\/uploads\\\/2022\\\/02\\\/nazareno-semana-santa-scaled.jpeg\",\"contentUrl\":\"https:\\\/\\\/www.smartbox.com\\\/es\\\/blog\\\/wp-content\\\/uploads\\\/2022\\\/02\\\/nazareno-semana-santa-scaled.jpeg\",\"width\":2560,\"height\":1709,\"caption\":\"Nazareno sosteniendo un largo cirio\"},{\"@type\":\"WebSite\",\"@id\":\"https:\\\/\\\/www.smartbox.com\\\/es\\\/blog\\\/#website\",\"url\":\"https:\\\/\\\/www.smartbox.com\\\/es\\\/blog\\\/\",\"name\":\"Espa\u00f1a\",\"description\":\"\",\"publisher\":{\"@id\":\"https:\\\/\\\/www.smartbox.com\\\/es\\\/blog\\\/#organization\"},\"potentialAction\":[{\"@type\":\"SearchAction\",\"target\":{\"@type\":\"EntryPoint\",\"urlTemplate\":\"https:\\\/\\\/www.smartbox.com\\\/es\\\/blog\\\/?s={search_term_string}\"},\"query-input\":{\"@type\":\"PropertyValueSpecification\",\"valueRequired\":true,\"valueName\":\"search_term_string\"}}],\"inLanguage\":\"es\"},{\"@type\":\"Organization\",\"@id\":\"https:\\\/\\\/www.smartbox.com\\\/es\\\/blog\\\/#organization\",\"name\":\"Smartbox\",\"url\":\"https:\\\/\\\/www.smartbox.com\\\/es\\\/blog\\\/\",\"logo\":{\"@type\":\"ImageObject\",\"inLanguage\":\"es\",\"@id\":\"https:\\\/\\\/www.smartbox.com\\\/es\\\/blog\\\/#\\\/schema\\\/logo\\\/image\\\/\",\"url\":\"https:\\\/\\\/digital.sbxtest.net\\\/es\\\/blog\\\/wp-content\\\/uploads\\\/2022\\\/04\\\/LOGO-GROUPE_BLOG_ESP.svg\",\"contentUrl\":\"https:\\\/\\\/digital.sbxtest.net\\\/es\\\/blog\\\/wp-content\\\/uploads\\\/2022\\\/04\\\/LOGO-GROUPE_BLOG_ESP.svg\",\"width\":1,\"height\":1,\"caption\":\"Smartbox\"},\"image\":{\"@id\":\"https:\\\/\\\/www.smartbox.com\\\/es\\\/blog\\\/#\\\/schema\\\/logo\\\/image\\\/\"}},{\"@type\":\"Person\",\"@id\":\"https:\\\/\\\/www.smartbox.com\\\/es\\\/blog\\\/#\\\/schema\\\/person\\\/8b193ea3dc9a4c1417d746c05f5bfacc\",\"name\":\"Esther Casas\",\"image\":{\"@type\":\"ImageObject\",\"inLanguage\":\"es\",\"@id\":\"https:\\\/\\\/secure.gravatar.com\\\/avatar\\\/863de4a27c458614cb5072a824779e4f0ef67787d73848d5e0be4c2f236c0f6d?s=96&d=mm&r=g\",\"url\":\"https:\\\/\\\/secure.gravatar.com\\\/avatar\\\/863de4a27c458614cb5072a824779e4f0ef67787d73848d5e0be4c2f236c0f6d?s=96&d=mm&r=g\",\"contentUrl\":\"https:\\\/\\\/secure.gravatar.com\\\/avatar\\\/863de4a27c458614cb5072a824779e4f0ef67787d73848d5e0be4c2f236c0f6d?s=96&d=mm&r=g\",\"caption\":\"Esther Casas\"}}]}<\/script>\n<!-- \/ Yoast SEO Premium plugin. -->","yoast_head_json":{"title":"\u00bfC\u00f3mo se celebra Semana Santa por Espa\u00f1a? | Blog Smartbox","description":"\u00bfConoces las tradiciones y costumbres de c\u00f3mo se celebra Semana Santa por Espa\u00f1a? Te contamos algunas curiosidades de la Pascua.","robots":{"index":"index","follow":"follow","max-snippet":"max-snippet:-1","max-image-preview":"max-image-preview:large","max-video-preview":"max-video-preview:-1"},"canonical":"https:\/\/www.smartbox.com\/es\/blog\/como-celebra-semana-santa-espana\/","og_locale":"es_ES","og_type":"article","og_title":"\u00bfC\u00f3mo se celebra Semana Santa por Espa\u00f1a? | Blog Smartbox","og_description":"\u00bfConoces las tradiciones y costumbres de c\u00f3mo se celebra Semana Santa por Espa\u00f1a? Te contamos algunas curiosidades de la Pascua.","og_url":"https:\/\/www.smartbox.com\/es\/blog\/como-celebra-semana-santa-espana\/","og_site_name":"Espa\u00f1a","article_published_time":"2022-03-02T14:29:35+00:00","article_modified_time":"2022-03-02T14:29:36+00:00","og_image":[{"width":2560,"height":1709,"url":"https:\/\/www.smartbox.com\/es\/blog\/wp-content\/uploads\/2022\/02\/nazareno-semana-santa-scaled.jpeg","type":"image\/jpeg"}],"author":"Esther Casas","twitter_card":"summary_large_image","twitter_misc":{"Escrito por":"Esther Casas","Tiempo de lectura":"6 minutos"},"schema":{"@context":"https:\/\/schema.org","@graph":[{"@type":"Article","@id":"https:\/\/www.smartbox.com\/es\/blog\/como-celebra-semana-santa-espana\/#article","isPartOf":{"@id":"https:\/\/www.smartbox.com\/es\/blog\/como-celebra-semana-santa-espana\/"},"author":{"name":"Esther Casas","@id":"https:\/\/www.smartbox.com\/es\/blog\/#\/schema\/person\/8b193ea3dc9a4c1417d746c05f5bfacc"},"headline":"\u00bfC\u00f3mo se celebra Semana Santa por Espa\u00f1a?","datePublished":"2022-03-02T14:29:35+00:00","dateModified":"2022-03-02T14:29:36+00:00","mainEntityOfPage":{"@id":"https:\/\/www.smartbox.com\/es\/blog\/como-celebra-semana-santa-espana\/"},"wordCount":1250,"commentCount":0,"publisher":{"@id":"https:\/\/www.smartbox.com\/es\/blog\/#organization"},"image":{"@id":"https:\/\/www.smartbox.com\/es\/blog\/como-celebra-semana-santa-espana\/#primaryimage"},"thumbnailUrl":"https:\/\/www.smartbox.com\/es\/blog\/wp-content\/uploads\/2022\/02\/nazareno-semana-santa-scaled.jpeg","articleSection":["Lifestyle"],"inLanguage":"es","potentialAction":[{"@type":"CommentAction","name":"Comment","target":["https:\/\/www.smartbox.com\/es\/blog\/como-celebra-semana-santa-espana\/#respond"]}]},{"@type":"WebPage","@id":"https:\/\/www.smartbox.com\/es\/blog\/como-celebra-semana-santa-espana\/","url":"https:\/\/www.smartbox.com\/es\/blog\/como-celebra-semana-santa-espana\/","name":"\u00bfC\u00f3mo se celebra Semana Santa por Espa\u00f1a? | Blog Smartbox","isPartOf":{"@id":"https:\/\/www.smartbox.com\/es\/blog\/#website"},"primaryImageOfPage":{"@id":"https:\/\/www.smartbox.com\/es\/blog\/como-celebra-semana-santa-espana\/#primaryimage"},"image":{"@id":"https:\/\/www.smartbox.com\/es\/blog\/como-celebra-semana-santa-espana\/#primaryimage"},"thumbnailUrl":"https:\/\/www.smartbox.com\/es\/blog\/wp-content\/uploads\/2022\/02\/nazareno-semana-santa-scaled.jpeg","datePublished":"2022-03-02T14:29:35+00:00","dateModified":"2022-03-02T14:29:36+00:00","description":"\u00bfConoces las tradiciones y costumbres de c\u00f3mo se celebra Semana Santa por Espa\u00f1a? Te contamos algunas curiosidades de la Pascua.","inLanguage":"es","potentialAction":[{"@type":"ReadAction","target":["https:\/\/www.smartbox.com\/es\/blog\/como-celebra-semana-santa-espana\/"]}]},{"@type":"ImageObject","inLanguage":"es","@id":"https:\/\/www.smartbox.com\/es\/blog\/como-celebra-semana-santa-espana\/#primaryimage","url":"https:\/\/www.smartbox.com\/es\/blog\/wp-content\/uploads\/2022\/02\/nazareno-semana-santa-scaled.jpeg","contentUrl":"https:\/\/www.smartbox.com\/es\/blog\/wp-content\/uploads\/2022\/02\/nazareno-semana-santa-scaled.jpeg","width":2560,"height":1709,"caption":"Nazareno sosteniendo un largo cirio"},{"@type":"WebSite","@id":"https:\/\/www.smartbox.com\/es\/blog\/#website","url":"https:\/\/www.smartbox.com\/es\/blog\/","name":"Espa\u00f1a","description":"","publisher":{"@id":"https:\/\/www.smartbox.com\/es\/blog\/#organization"},"potentialAction":[{"@type":"SearchAction","target":{"@type":"EntryPoint","urlTemplate":"https:\/\/www.smartbox.com\/es\/blog\/?s={search_term_string}"},"query-input":{"@type":"PropertyValueSpecification","valueRequired":true,"valueName":"search_term_string"}}],"inLanguage":"es"},{"@type":"Organization","@id":"https:\/\/www.smartbox.com\/es\/blog\/#organization","name":"Smartbox","url":"https:\/\/www.smartbox.com\/es\/blog\/","logo":{"@type":"ImageObject","inLanguage":"es","@id":"https:\/\/www.smartbox.com\/es\/blog\/#\/schema\/logo\/image\/","url":"https:\/\/digital.sbxtest.net\/es\/blog\/wp-content\/uploads\/2022\/04\/LOGO-GROUPE_BLOG_ESP.svg","contentUrl":"https:\/\/digital.sbxtest.net\/es\/blog\/wp-content\/uploads\/2022\/04\/LOGO-GROUPE_BLOG_ESP.svg","width":1,"height":1,"caption":"Smartbox"},"image":{"@id":"https:\/\/www.smartbox.com\/es\/blog\/#\/schema\/logo\/image\/"}},{"@type":"Person","@id":"https:\/\/www.smartbox.com\/es\/blog\/#\/schema\/person\/8b193ea3dc9a4c1417d746c05f5bfacc","name":"Esther Casas","image":{"@type":"ImageObject","inLanguage":"es","@id":"https:\/\/secure.gravatar.com\/avatar\/863de4a27c458614cb5072a824779e4f0ef67787d73848d5e0be4c2f236c0f6d?s=96&d=mm&r=g","url":"https:\/\/secure.gravatar.com\/avatar\/863de4a27c458614cb5072a824779e4f0ef67787d73848d5e0be4c2f236c0f6d?s=96&d=mm&r=g","contentUrl":"https:\/\/secure.gravatar.com\/avatar\/863de4a27c458614cb5072a824779e4f0ef67787d73848d5e0be4c2f236c0f6d?s=96&d=mm&r=g","caption":"Esther Casas"}}]}},"_links":{"self":[{"href":"https:\/\/www.smartbox.com\/es\/blog\/wp-json\/wp\/v2\/posts\/34843","targetHints":{"allow":["GET"]}}],"collection":[{"href":"https:\/\/www.smartbox.com\/es\/blog\/wp-json\/wp\/v2\/posts"}],"about":[{"href":"https:\/\/www.smartbox.com\/es\/blog\/wp-json\/wp\/v2\/types\/post"}],"author":[{"embeddable":true,"href":"https:\/\/www.smartbox.com\/es\/blog\/wp-json\/wp\/v2\/users\/40"}],"replies":[{"embeddable":true,"href":"https:\/\/www.smartbox.com\/es\/blog\/wp-json\/wp\/v2\/comments?post=34843"}],"version-history":[{"count":3,"href":"https:\/\/www.smartbox.com\/es\/blog\/wp-json\/wp\/v2\/posts\/34843\/revisions"}],"predecessor-version":[{"id":34925,"href":"https:\/\/www.smartbox.com\/es\/blog\/wp-json\/wp\/v2\/posts\/34843\/revisions\/34925"}],"wp:featuredmedia":[{"embeddable":true,"href":"https:\/\/www.smartbox.com\/es\/blog\/wp-json\/wp\/v2\/media\/34824"}],"wp:attachment":[{"href":"https:\/\/www.smartbox.com\/es\/blog\/wp-json\/wp\/v2\/media?parent=34843"}],"wp:term":[{"taxonomy":"category","embeddable":true,"href":"https:\/\/www.smartbox.com\/es\/blog\/wp-json\/wp\/v2\/categories?post=34843"},{"taxonomy":"post_tag","embeddable":true,"href":"https:\/\/www.smartbox.com\/es\/blog\/wp-json\/wp\/v2\/tags?post=34843"}],"curies":[{"name":"wp","href":"https:\/\/api.w.org\/{rel}","templated":true}]}}