{"id":33985,"date":"2021-11-08T15:22:19","date_gmt":"2021-11-08T15:22:19","guid":{"rendered":"https:\/\/www.smartbox.com\/es\/blog\/?p=33985"},"modified":"2022-01-14T16:35:37","modified_gmt":"2022-01-14T16:35:37","slug":"cual-es-el-origen-del-black-friday","status":"publish","type":"post","link":"https:\/\/www.smartbox.com\/es\/blog\/cual-es-el-origen-del-black-friday\/","title":{"rendered":"\u00bfCu\u00e1l es el origen del Black Friday?"},"content":{"rendered":"\n<p>\u00bfA\u00fan no ha llegado la Navidad pero ves que las tiendas est\u00e1n abarrotadas de gente? \u00bfTienes que soportar m\u00e1s cola de lo normal a la hora de pagar? Tranquilo, estas escenas son cada vez m\u00e1s frecuentes a estas alturas del a\u00f1o en casi todos los pa\u00edses del mundo, ya que el tiempo apremia para hacerse con los mejores <a href=\"https:\/\/www.smartbox.com\/es\/regalos-de-navidad\/\">regalos de Navidad<\/a> un a\u00f1o m\u00e1s. Se trata del llamado <em>Black Friday<\/em> (en castellano \u00abviernes negro\u00bb), que tiene lugar el viernes despu\u00e9s del d\u00eda de Acci\u00f3n de Gracias (que se celebra en Estados Unidos el cuarto jueves de noviembre). El <a href=\"https:\/\/www.smartbox.com\/es\/black-friday\/\"><em>Black Friday<\/em><\/a> se ha convertido en un ritual consumista donde miles de personas se echan a la calle, llenan los centros comerciales arrasando con todo y las p\u00e1ginas de internet se colapsan en busca de ofertas. Pero, \u00bfsab\u00edas que el origen del <em>Black Friday<\/em> y de esta costumbre consumista nada tiene que ver con comprar a lo loco? Sigue leyendo, porque te contamos el verdadero origen, en realidad varios, y parte de la famosa historia del <em>Black Friday<\/em>.<\/p>\n\n\n\n<div class=\"wp-block-image\"><figure class=\"aligncenter size-full\"><img loading=\"lazy\" decoding=\"async\" width=\"1200\" height=\"675\" src=\"https:\/\/www.smartbox.com\/es\/blog\/wp-content\/uploads\/sites\/8\/2021\/11\/Origen-del-Black-Friday.jpg\" alt=\"\" class=\"wp-image-33987\" srcset=\"https:\/\/www.smartbox.com\/es\/blog\/wp-content\/uploads\/2021\/11\/Origen-del-Black-Friday.jpg 1200w, https:\/\/www.smartbox.com\/es\/blog\/wp-content\/uploads\/2021\/11\/Origen-del-Black-Friday-300x169.jpg 300w, https:\/\/www.smartbox.com\/es\/blog\/wp-content\/uploads\/2021\/11\/Origen-del-Black-Friday-1024x576.jpg 1024w, https:\/\/www.smartbox.com\/es\/blog\/wp-content\/uploads\/2021\/11\/Origen-del-Black-Friday-768x432.jpg 768w\" sizes=\"auto, (max-width: 1200px) 100vw, 1200px\" \/><\/figure><\/div>\n\n\n\n<h2 class=\"wp-block-heading\" id=\"h-cuando-nace-el-black-friday\" style=\"font-size:22px\"><strong>\u00bfCu\u00e1ndo nace el <em>Black Friday<\/em>?<\/strong><\/h2>\n\n\n\n<p>No una, sino hasta tres teor\u00edas hemos encontramos sobre el origen del <em>Black Friday<\/em> en Estados Unidos:<\/p>\n\n\n\n<p style=\"font-size:18px\">1. Teor\u00eda del origen del <em>Black Friday<\/em> \u00abesclavista\u00bb<\/p>\n\n\n\n<p>La primera teor\u00eda se remonta a los siglos XVIII y XIX y explica que, tras Acci\u00f3n de Gracias, los traficantes de esclavos rebajaban el precio de estos para venderlos en el invierno. Teor\u00eda totalmente descartada ya que no creemos que se ajuste con la historia del <em>Black Friday<\/em>.<\/p>\n\n\n\n<p style=\"font-size:18px\">2. Teor\u00eda del origen del <em>Black Friday<\/em> de \u00abWall Street\u00bb<\/p>\n\n\n\n<p>El 24 de septiembre de 1869 dos agentes de bolsa de Wall Street y un famoso pol\u00edtico neoyorquino intentaron robar todo el oro posible sobornando a jueces y altos cargos de la ciudad. Lo cierto es que el valor del oro cay\u00f3 estrepitosamente en pocos minutos y muchos inversores acabaron arruinados\u2026 por lo que la jornada empez\u00f3 a ser conocida como \u00abviernes negro\u00bb, un curioso precedente que recuerda a la otra gran ca\u00edda de la bolsa de Nueva York en 1929. \u00bfPodr\u00eda ser esta la historia real del <em>Black Friday<\/em>? Quiz\u00e1s se ajusta un poco m\u00e1s que la anterior.<\/p>\n\n\n\n<p style=\"font-size:18px\">3. Teor\u00eda del origen del <em>Black Friday<\/em> de \u00abcolapso en Filadelfia\u00bb<\/p>\n\n\n\n<p>Se dice que la historia del <em>Black Friday<\/em> viene de un viernes despu\u00e9s de Acci\u00f3n de Gracias en el que en la d\u00e9cada de los 50, la ciudad de Filadelfia se vio colapsada por la gran cantidad de personas que iban a asistir al d\u00eda siguiente a un partido de f\u00fatbol americano entre la marina y el ej\u00e9rcito. Las grandes multitudes acapararon calles, parques y centros comerciales, aprovechando la estancia en la ciudad para hacer compras previas de Navidad. Ning\u00fan agente de polic\u00eda pudo tomarse el d\u00eda libre ese viernes y las jornadas laborales se extendieron para muchos a 12 horas, tratando de controlar el caos en la ciudad. La propia polic\u00eda bautiz\u00f3 el d\u00eda como <em>Black Friday<\/em>. El 19 de noviembre de 1975, <em>The New York Times<\/em> us\u00f3 la expresi\u00f3n por primera vez en un medio de comunicaci\u00f3n, advirtiendo del posible problema circulatorio que se puede dar en el <em>Black Friday<\/em> debido a los descuentos que algunas ciudades hacen el d\u00eda posterior a Acci\u00f3n de Gracias.<\/p>\n\n\n\n<h2 class=\"wp-block-heading\" id=\"h-black-friday-en-el-siglo-xxi\" style=\"font-size:22px\"><strong><em>Black Friday<\/em><\/strong><strong> en el siglo XXI<\/strong><\/h2>\n\n\n\n<p>Como hemos visto, la teor\u00eda m\u00e1s fiable del origen del <em>Black Friday<\/em> es la que tiene lugar en Filadelfia, y partir de los a\u00f1os 70 el t\u00e9rmino no hace m\u00e1s que extenderse de Estados Unidos a pr\u00e1cticamente cualquier rinc\u00f3n del mundo. Y lo que inicialmente se relacion\u00f3 con el colapso de una ciudad, ahora se asocia a una fecha consumista en todo el planeta. Para muestra, un bot\u00f3n: en Estados Unidos, en 2003, los famosos grandes almacenes Walmart y Sears ofrecieron a sus clientes grandes descuentos ya antes de las cinco o las seis de la madrugada\u2026 En Espa\u00f1a, tuvimos que esperar a noviembre de 2012 para enterarnos de la historia del<em> Black Friday <\/em>gracias a las ofertas lanzadas por la empresa alemana MediaMarkt. Pero fue en 2013 cuando el <em>Black Friday<\/em> empieza a calar entre la gente, gracias a que otras grandes empresas como Amazon o El Corte Ingl\u00e9s crean grandes descuentos para ese d\u00eda.&nbsp; En la actualidad la mayor\u00eda de las tiendas y marcas extienden sus ofertas desde el viernes hasta el mismo lunes, conocido popularmente como <em>Cyber Monday<\/em>, dedicado especialmente a las ventas por internet.<\/p>\n\n\n\n<p>Ahora que ya conoces la famosa historia del <em>Black Friday<\/em>, \u00bfte sumar\u00e1s a las compras pre navide\u00f1as en busca de las mejores rebajas?<\/p>\n","protected":false},"excerpt":{"rendered":"<p>\u00bfA\u00fan no ha llegado la Navidad pero ves que las tiendas est\u00e1n abarrotadas de gente? \u00bfTienes que soportar m\u00e1s cola de lo normal a la hora de pagar? Tranquilo, estas escenas son cada vez m\u00e1s frecuentes a estas alturas del a\u00f1o en casi todos los pa\u00edses del mundo, ya que el tiempo apremia para hacerse [&hellip;]<\/p>\n","protected":false},"author":21,"featured_media":33987,"comment_status":"open","ping_status":"open","sticky":false,"template":"","format":"standard","meta":{"_acf_changed":false,"footnotes":""},"categories":[50],"tags":[],"class_list":["post-33985","post","type-post","status-publish","format-standard","has-post-thumbnail","hentry","category-lifestyle"],"acf":[],"yoast_head":"<!-- This site is optimized with the Yoast SEO Premium plugin v20.8 (Yoast SEO v27.4) - https:\/\/yoast.com\/product\/yoast-seo-premium-wordpress\/ -->\n<title>\u00bfCu\u00e1l es el origen del Black Friday? \u00a1Descubre las teor\u00edas! | Smartbox<\/title>\n<meta name=\"description\" content=\"\u00bfConoces el origen del Black Friday en Estados Unidos? Te contamos con detalle c\u00f3mo y cu\u00e1ndo naci\u00f3 esta fecha tan esperada del a\u00f1o. \u00a1Sigue leyendo!\" \/>\n<meta name=\"robots\" content=\"index, follow, max-snippet:-1, max-image-preview:large, max-video-preview:-1\" \/>\n<link rel=\"canonical\" href=\"https:\/\/www.smartbox.com\/es\/blog\/cual-es-el-origen-del-black-friday\/\" \/>\n<meta property=\"og:locale\" content=\"es_ES\" \/>\n<meta property=\"og:type\" content=\"article\" \/>\n<meta property=\"og:title\" content=\"\u00bfCu\u00e1l es el origen del Black Friday? \u00a1Descubre las teor\u00edas! | Smartbox\" \/>\n<meta property=\"og:description\" content=\"\u00bfConoces el origen del Black Friday en Estados Unidos? Te contamos con detalle c\u00f3mo y cu\u00e1ndo naci\u00f3 esta fecha tan esperada del a\u00f1o. \u00a1Sigue leyendo!\" \/>\n<meta property=\"og:url\" content=\"https:\/\/www.smartbox.com\/es\/blog\/cual-es-el-origen-del-black-friday\/\" \/>\n<meta property=\"og:site_name\" content=\"Espa\u00f1a\" \/>\n<meta property=\"article:published_time\" content=\"2021-11-08T15:22:19+00:00\" \/>\n<meta property=\"article:modified_time\" content=\"2022-01-14T16:35:37+00:00\" \/>\n<meta property=\"og:image\" content=\"https:\/\/www.smartbox.com\/es\/blog\/wp-content\/uploads\/2021\/11\/Origen-del-Black-Friday.jpg\" \/>\n\t<meta property=\"og:image:width\" content=\"1200\" \/>\n\t<meta property=\"og:image:height\" content=\"675\" \/>\n\t<meta property=\"og:image:type\" content=\"image\/jpeg\" \/>\n<meta name=\"author\" content=\"Pauline\" \/>\n<meta name=\"twitter:card\" content=\"summary_large_image\" \/>\n<meta name=\"twitter:label1\" content=\"Escrito por\" \/>\n\t<meta name=\"twitter:data1\" content=\"Pauline\" \/>\n\t<meta name=\"twitter:label2\" content=\"Tiempo de lectura\" \/>\n\t<meta name=\"twitter:data2\" content=\"4 minutos\" \/>\n<script type=\"application\/ld+json\" class=\"yoast-schema-graph\">{\"@context\":\"https:\\\/\\\/schema.org\",\"@graph\":[{\"@type\":\"Article\",\"@id\":\"https:\\\/\\\/www.smartbox.com\\\/es\\\/blog\\\/cual-es-el-origen-del-black-friday\\\/#article\",\"isPartOf\":{\"@id\":\"https:\\\/\\\/www.smartbox.com\\\/es\\\/blog\\\/cual-es-el-origen-del-black-friday\\\/\"},\"author\":{\"name\":\"Pauline\",\"@id\":\"https:\\\/\\\/www.smartbox.com\\\/es\\\/blog\\\/#\\\/schema\\\/person\\\/0def93adb00e53abc58b626f646950ac\"},\"headline\":\"\u00bfCu\u00e1l es el origen del Black Friday?\",\"datePublished\":\"2021-11-08T15:22:19+00:00\",\"dateModified\":\"2022-01-14T16:35:37+00:00\",\"mainEntityOfPage\":{\"@id\":\"https:\\\/\\\/www.smartbox.com\\\/es\\\/blog\\\/cual-es-el-origen-del-black-friday\\\/\"},\"wordCount\":808,\"commentCount\":0,\"publisher\":{\"@id\":\"https:\\\/\\\/www.smartbox.com\\\/es\\\/blog\\\/#organization\"},\"image\":{\"@id\":\"https:\\\/\\\/www.smartbox.com\\\/es\\\/blog\\\/cual-es-el-origen-del-black-friday\\\/#primaryimage\"},\"thumbnailUrl\":\"https:\\\/\\\/www.smartbox.com\\\/es\\\/blog\\\/wp-content\\\/uploads\\\/2021\\\/11\\\/Origen-del-Black-Friday.jpg\",\"articleSection\":[\"Lifestyle\"],\"inLanguage\":\"es\",\"potentialAction\":[{\"@type\":\"CommentAction\",\"name\":\"Comment\",\"target\":[\"https:\\\/\\\/www.smartbox.com\\\/es\\\/blog\\\/cual-es-el-origen-del-black-friday\\\/#respond\"]}]},{\"@type\":\"WebPage\",\"@id\":\"https:\\\/\\\/www.smartbox.com\\\/es\\\/blog\\\/cual-es-el-origen-del-black-friday\\\/\",\"url\":\"https:\\\/\\\/www.smartbox.com\\\/es\\\/blog\\\/cual-es-el-origen-del-black-friday\\\/\",\"name\":\"\u00bfCu\u00e1l es el origen del Black Friday? \u00a1Descubre las teor\u00edas! | Smartbox\",\"isPartOf\":{\"@id\":\"https:\\\/\\\/www.smartbox.com\\\/es\\\/blog\\\/#website\"},\"primaryImageOfPage\":{\"@id\":\"https:\\\/\\\/www.smartbox.com\\\/es\\\/blog\\\/cual-es-el-origen-del-black-friday\\\/#primaryimage\"},\"image\":{\"@id\":\"https:\\\/\\\/www.smartbox.com\\\/es\\\/blog\\\/cual-es-el-origen-del-black-friday\\\/#primaryimage\"},\"thumbnailUrl\":\"https:\\\/\\\/www.smartbox.com\\\/es\\\/blog\\\/wp-content\\\/uploads\\\/2021\\\/11\\\/Origen-del-Black-Friday.jpg\",\"datePublished\":\"2021-11-08T15:22:19+00:00\",\"dateModified\":\"2022-01-14T16:35:37+00:00\",\"description\":\"\u00bfConoces el origen del Black Friday en Estados Unidos? Te contamos con detalle c\u00f3mo y cu\u00e1ndo naci\u00f3 esta fecha tan esperada del a\u00f1o. \u00a1Sigue leyendo!\",\"inLanguage\":\"es\",\"potentialAction\":[{\"@type\":\"ReadAction\",\"target\":[\"https:\\\/\\\/www.smartbox.com\\\/es\\\/blog\\\/cual-es-el-origen-del-black-friday\\\/\"]}]},{\"@type\":\"ImageObject\",\"inLanguage\":\"es\",\"@id\":\"https:\\\/\\\/www.smartbox.com\\\/es\\\/blog\\\/cual-es-el-origen-del-black-friday\\\/#primaryimage\",\"url\":\"https:\\\/\\\/www.smartbox.com\\\/es\\\/blog\\\/wp-content\\\/uploads\\\/2021\\\/11\\\/Origen-del-Black-Friday.jpg\",\"contentUrl\":\"https:\\\/\\\/www.smartbox.com\\\/es\\\/blog\\\/wp-content\\\/uploads\\\/2021\\\/11\\\/Origen-del-Black-Friday.jpg\",\"width\":1200,\"height\":675,\"caption\":\"Origen del Black Friday\"},{\"@type\":\"WebSite\",\"@id\":\"https:\\\/\\\/www.smartbox.com\\\/es\\\/blog\\\/#website\",\"url\":\"https:\\\/\\\/www.smartbox.com\\\/es\\\/blog\\\/\",\"name\":\"Espa\u00f1a\",\"description\":\"\",\"publisher\":{\"@id\":\"https:\\\/\\\/www.smartbox.com\\\/es\\\/blog\\\/#organization\"},\"potentialAction\":[{\"@type\":\"SearchAction\",\"target\":{\"@type\":\"EntryPoint\",\"urlTemplate\":\"https:\\\/\\\/www.smartbox.com\\\/es\\\/blog\\\/?s={search_term_string}\"},\"query-input\":{\"@type\":\"PropertyValueSpecification\",\"valueRequired\":true,\"valueName\":\"search_term_string\"}}],\"inLanguage\":\"es\"},{\"@type\":\"Organization\",\"@id\":\"https:\\\/\\\/www.smartbox.com\\\/es\\\/blog\\\/#organization\",\"name\":\"Smartbox\",\"url\":\"https:\\\/\\\/www.smartbox.com\\\/es\\\/blog\\\/\",\"logo\":{\"@type\":\"ImageObject\",\"inLanguage\":\"es\",\"@id\":\"https:\\\/\\\/www.smartbox.com\\\/es\\\/blog\\\/#\\\/schema\\\/logo\\\/image\\\/\",\"url\":\"https:\\\/\\\/digital.sbxtest.net\\\/es\\\/blog\\\/wp-content\\\/uploads\\\/2022\\\/04\\\/LOGO-GROUPE_BLOG_ESP.svg\",\"contentUrl\":\"https:\\\/\\\/digital.sbxtest.net\\\/es\\\/blog\\\/wp-content\\\/uploads\\\/2022\\\/04\\\/LOGO-GROUPE_BLOG_ESP.svg\",\"width\":1,\"height\":1,\"caption\":\"Smartbox\"},\"image\":{\"@id\":\"https:\\\/\\\/www.smartbox.com\\\/es\\\/blog\\\/#\\\/schema\\\/logo\\\/image\\\/\"}},{\"@type\":\"Person\",\"@id\":\"https:\\\/\\\/www.smartbox.com\\\/es\\\/blog\\\/#\\\/schema\\\/person\\\/0def93adb00e53abc58b626f646950ac\",\"name\":\"Pauline\",\"image\":{\"@type\":\"ImageObject\",\"inLanguage\":\"es\",\"@id\":\"https:\\\/\\\/secure.gravatar.com\\\/avatar\\\/de247de632eb1e17a9350d47148b33d6ef1bc46bdb2bbb993587895eaa66d4b5?s=96&d=mm&r=g\",\"url\":\"https:\\\/\\\/secure.gravatar.com\\\/avatar\\\/de247de632eb1e17a9350d47148b33d6ef1bc46bdb2bbb993587895eaa66d4b5?s=96&d=mm&r=g\",\"contentUrl\":\"https:\\\/\\\/secure.gravatar.com\\\/avatar\\\/de247de632eb1e17a9350d47148b33d6ef1bc46bdb2bbb993587895eaa66d4b5?s=96&d=mm&r=g\",\"caption\":\"Pauline\"}}]}<\/script>\n<!-- \/ Yoast SEO Premium plugin. -->","yoast_head_json":{"title":"\u00bfCu\u00e1l es el origen del Black Friday? \u00a1Descubre las teor\u00edas! | Smartbox","description":"\u00bfConoces el origen del Black Friday en Estados Unidos? Te contamos con detalle c\u00f3mo y cu\u00e1ndo naci\u00f3 esta fecha tan esperada del a\u00f1o. \u00a1Sigue leyendo!","robots":{"index":"index","follow":"follow","max-snippet":"max-snippet:-1","max-image-preview":"max-image-preview:large","max-video-preview":"max-video-preview:-1"},"canonical":"https:\/\/www.smartbox.com\/es\/blog\/cual-es-el-origen-del-black-friday\/","og_locale":"es_ES","og_type":"article","og_title":"\u00bfCu\u00e1l es el origen del Black Friday? \u00a1Descubre las teor\u00edas! | Smartbox","og_description":"\u00bfConoces el origen del Black Friday en Estados Unidos? Te contamos con detalle c\u00f3mo y cu\u00e1ndo naci\u00f3 esta fecha tan esperada del a\u00f1o. \u00a1Sigue leyendo!","og_url":"https:\/\/www.smartbox.com\/es\/blog\/cual-es-el-origen-del-black-friday\/","og_site_name":"Espa\u00f1a","article_published_time":"2021-11-08T15:22:19+00:00","article_modified_time":"2022-01-14T16:35:37+00:00","og_image":[{"width":1200,"height":675,"url":"https:\/\/www.smartbox.com\/es\/blog\/wp-content\/uploads\/2021\/11\/Origen-del-Black-Friday.jpg","type":"image\/jpeg"}],"author":"Pauline","twitter_card":"summary_large_image","twitter_misc":{"Escrito por":"Pauline","Tiempo de lectura":"4 minutos"},"schema":{"@context":"https:\/\/schema.org","@graph":[{"@type":"Article","@id":"https:\/\/www.smartbox.com\/es\/blog\/cual-es-el-origen-del-black-friday\/#article","isPartOf":{"@id":"https:\/\/www.smartbox.com\/es\/blog\/cual-es-el-origen-del-black-friday\/"},"author":{"name":"Pauline","@id":"https:\/\/www.smartbox.com\/es\/blog\/#\/schema\/person\/0def93adb00e53abc58b626f646950ac"},"headline":"\u00bfCu\u00e1l es el origen del Black Friday?","datePublished":"2021-11-08T15:22:19+00:00","dateModified":"2022-01-14T16:35:37+00:00","mainEntityOfPage":{"@id":"https:\/\/www.smartbox.com\/es\/blog\/cual-es-el-origen-del-black-friday\/"},"wordCount":808,"commentCount":0,"publisher":{"@id":"https:\/\/www.smartbox.com\/es\/blog\/#organization"},"image":{"@id":"https:\/\/www.smartbox.com\/es\/blog\/cual-es-el-origen-del-black-friday\/#primaryimage"},"thumbnailUrl":"https:\/\/www.smartbox.com\/es\/blog\/wp-content\/uploads\/2021\/11\/Origen-del-Black-Friday.jpg","articleSection":["Lifestyle"],"inLanguage":"es","potentialAction":[{"@type":"CommentAction","name":"Comment","target":["https:\/\/www.smartbox.com\/es\/blog\/cual-es-el-origen-del-black-friday\/#respond"]}]},{"@type":"WebPage","@id":"https:\/\/www.smartbox.com\/es\/blog\/cual-es-el-origen-del-black-friday\/","url":"https:\/\/www.smartbox.com\/es\/blog\/cual-es-el-origen-del-black-friday\/","name":"\u00bfCu\u00e1l es el origen del Black Friday? \u00a1Descubre las teor\u00edas! | Smartbox","isPartOf":{"@id":"https:\/\/www.smartbox.com\/es\/blog\/#website"},"primaryImageOfPage":{"@id":"https:\/\/www.smartbox.com\/es\/blog\/cual-es-el-origen-del-black-friday\/#primaryimage"},"image":{"@id":"https:\/\/www.smartbox.com\/es\/blog\/cual-es-el-origen-del-black-friday\/#primaryimage"},"thumbnailUrl":"https:\/\/www.smartbox.com\/es\/blog\/wp-content\/uploads\/2021\/11\/Origen-del-Black-Friday.jpg","datePublished":"2021-11-08T15:22:19+00:00","dateModified":"2022-01-14T16:35:37+00:00","description":"\u00bfConoces el origen del Black Friday en Estados Unidos? Te contamos con detalle c\u00f3mo y cu\u00e1ndo naci\u00f3 esta fecha tan esperada del a\u00f1o. \u00a1Sigue leyendo!","inLanguage":"es","potentialAction":[{"@type":"ReadAction","target":["https:\/\/www.smartbox.com\/es\/blog\/cual-es-el-origen-del-black-friday\/"]}]},{"@type":"ImageObject","inLanguage":"es","@id":"https:\/\/www.smartbox.com\/es\/blog\/cual-es-el-origen-del-black-friday\/#primaryimage","url":"https:\/\/www.smartbox.com\/es\/blog\/wp-content\/uploads\/2021\/11\/Origen-del-Black-Friday.jpg","contentUrl":"https:\/\/www.smartbox.com\/es\/blog\/wp-content\/uploads\/2021\/11\/Origen-del-Black-Friday.jpg","width":1200,"height":675,"caption":"Origen del Black Friday"},{"@type":"WebSite","@id":"https:\/\/www.smartbox.com\/es\/blog\/#website","url":"https:\/\/www.smartbox.com\/es\/blog\/","name":"Espa\u00f1a","description":"","publisher":{"@id":"https:\/\/www.smartbox.com\/es\/blog\/#organization"},"potentialAction":[{"@type":"SearchAction","target":{"@type":"EntryPoint","urlTemplate":"https:\/\/www.smartbox.com\/es\/blog\/?s={search_term_string}"},"query-input":{"@type":"PropertyValueSpecification","valueRequired":true,"valueName":"search_term_string"}}],"inLanguage":"es"},{"@type":"Organization","@id":"https:\/\/www.smartbox.com\/es\/blog\/#organization","name":"Smartbox","url":"https:\/\/www.smartbox.com\/es\/blog\/","logo":{"@type":"ImageObject","inLanguage":"es","@id":"https:\/\/www.smartbox.com\/es\/blog\/#\/schema\/logo\/image\/","url":"https:\/\/digital.sbxtest.net\/es\/blog\/wp-content\/uploads\/2022\/04\/LOGO-GROUPE_BLOG_ESP.svg","contentUrl":"https:\/\/digital.sbxtest.net\/es\/blog\/wp-content\/uploads\/2022\/04\/LOGO-GROUPE_BLOG_ESP.svg","width":1,"height":1,"caption":"Smartbox"},"image":{"@id":"https:\/\/www.smartbox.com\/es\/blog\/#\/schema\/logo\/image\/"}},{"@type":"Person","@id":"https:\/\/www.smartbox.com\/es\/blog\/#\/schema\/person\/0def93adb00e53abc58b626f646950ac","name":"Pauline","image":{"@type":"ImageObject","inLanguage":"es","@id":"https:\/\/secure.gravatar.com\/avatar\/de247de632eb1e17a9350d47148b33d6ef1bc46bdb2bbb993587895eaa66d4b5?s=96&d=mm&r=g","url":"https:\/\/secure.gravatar.com\/avatar\/de247de632eb1e17a9350d47148b33d6ef1bc46bdb2bbb993587895eaa66d4b5?s=96&d=mm&r=g","contentUrl":"https:\/\/secure.gravatar.com\/avatar\/de247de632eb1e17a9350d47148b33d6ef1bc46bdb2bbb993587895eaa66d4b5?s=96&d=mm&r=g","caption":"Pauline"}}]}},"_links":{"self":[{"href":"https:\/\/www.smartbox.com\/es\/blog\/wp-json\/wp\/v2\/posts\/33985","targetHints":{"allow":["GET"]}}],"collection":[{"href":"https:\/\/www.smartbox.com\/es\/blog\/wp-json\/wp\/v2\/posts"}],"about":[{"href":"https:\/\/www.smartbox.com\/es\/blog\/wp-json\/wp\/v2\/types\/post"}],"author":[{"embeddable":true,"href":"https:\/\/www.smartbox.com\/es\/blog\/wp-json\/wp\/v2\/users\/21"}],"replies":[{"embeddable":true,"href":"https:\/\/www.smartbox.com\/es\/blog\/wp-json\/wp\/v2\/comments?post=33985"}],"version-history":[{"count":2,"href":"https:\/\/www.smartbox.com\/es\/blog\/wp-json\/wp\/v2\/posts\/33985\/revisions"}],"predecessor-version":[{"id":34237,"href":"https:\/\/www.smartbox.com\/es\/blog\/wp-json\/wp\/v2\/posts\/33985\/revisions\/34237"}],"wp:featuredmedia":[{"embeddable":true,"href":"https:\/\/www.smartbox.com\/es\/blog\/wp-json\/wp\/v2\/media\/33987"}],"wp:attachment":[{"href":"https:\/\/www.smartbox.com\/es\/blog\/wp-json\/wp\/v2\/media?parent=33985"}],"wp:term":[{"taxonomy":"category","embeddable":true,"href":"https:\/\/www.smartbox.com\/es\/blog\/wp-json\/wp\/v2\/categories?post=33985"},{"taxonomy":"post_tag","embeddable":true,"href":"https:\/\/www.smartbox.com\/es\/blog\/wp-json\/wp\/v2\/tags?post=33985"}],"curies":[{"name":"wp","href":"https:\/\/api.w.org\/{rel}","templated":true}]}}