{"id":36869,"date":"2025-05-23T14:01:12","date_gmt":"2025-05-23T13:01:12","guid":{"rendered":"https:\/\/www.smartbox.com\/ch\/fr\/blog\/?p=36869"},"modified":"2026-03-10T09:01:00","modified_gmt":"2026-03-10T09:01:00","slug":"quel-cadeau-pour-la-fete-des-peres-offrir-a-un-papa-aventurier","status":"publish","type":"post","link":"https:\/\/www.smartbox.com\/ch\/fr\/blog\/quel-cadeau-pour-la-fete-des-peres-offrir-a-un-papa-aventurier\/","title":{"rendered":"Quel cadeau pour la f\u00eate des p\u00e8res offrir \u00e0 un papa aventurier ?"},"content":{"rendered":"\n<p class=\"has-black-color has-text-color has-link-color wp-elements-c1a2664d7a9f872bf1ea9312e8dff5a4\" style=\"font-size:16px\">Comment trouver le <a href=\"https:\/\/www.smartbox.com\/ch\/fr\/cadeau-fete-des-peres\/\">cadeau parfait pour la f\u00eate des p\u00e8res<\/a>, surtout quand le principal int\u00e9ress\u00e9 ne tient pas en place ? Si votre papa est du genre \u00e0 pr\u00e9f\u00e9rer les sommets aux salons, les chemins de randonn\u00e9e aux chemins de table, et les cartes topographiques aux cartes de v\u0153ux, alors pas de doute : vous avez affaire \u00e0 un v\u00e9ritable aventurier.<\/p>\n\n\n\n<p class=\"has-black-color has-text-color has-link-color wp-elements-fdfb09518fbdd66b7aec8f3e3bedbb2a\" style=\"font-size:16px\">On vous partage des id\u00e9es inspirantes pour trouver le <strong>cadeau pour la f\u00eate des p\u00e8res<\/strong> parfait, pens\u00e9 sp\u00e9cialement pour ces papas aventuriers qui pr\u00e9f\u00e8rent les exp\u00e9riences. De quoi faire de cette journ\u00e9e un vrai terrain de jeu et de souvenirs.<\/p>\n\n\n\n<div class=\"wp-block-buttons is-content-justification-center is-layout-flex wp-container-core-buttons-is-layout-16018d1d wp-block-buttons-is-layout-flex\">\n<div class=\"wp-block-button\"><a class=\"wp-block-button__link has-white-color has-luminous-vivid-orange-background-color has-text-color has-background has-link-color wp-element-button\">Cadeaux pour la F\u00eate des P\u00e8re<\/a><\/div>\n<\/div>\n\n\n\n<div style=\"height:15px\" aria-hidden=\"true\" class=\"wp-block-spacer\"><\/div>\n\n\n<div class=\"wp-block-image\">\n<figure class=\"alignleft size-large\"><img decoding=\"async\" width=\"1024\" height=\"683\" src=\"https:\/\/www.smartbox.com\/ch\/fr\/blog\/wp-content\/uploads\/2025\/05\/papa-aventurier-1024x683.webp\" alt=\"Famille p\u00e8re fan d'aventure et sa enfant fille de cinq ans voyage en montagne, randonn\u00e9e ensemble pendant les vacances d'\u00e9t\u00e9 en plein air.\" class=\"wp-image-36870\" style=\"aspect-ratio:16\/9;object-fit:cover\" srcset=\"https:\/\/www.smartbox.com\/ch\/fr\/blog\/wp-content\/uploads\/2025\/05\/papa-aventurier-1024x683.webp 1024w, https:\/\/www.smartbox.com\/ch\/fr\/blog\/wp-content\/uploads\/2025\/05\/papa-aventurier-300x200.webp 300w, https:\/\/www.smartbox.com\/ch\/fr\/blog\/wp-content\/uploads\/2025\/05\/papa-aventurier-768x512.webp 768w, https:\/\/www.smartbox.com\/ch\/fr\/blog\/wp-content\/uploads\/2025\/05\/papa-aventurier-1536x1025.webp 1536w, https:\/\/www.smartbox.com\/ch\/fr\/blog\/wp-content\/uploads\/2025\/05\/papa-aventurier-2048x1366.webp 2048w\" sizes=\"(max-width: 1024px) 100vw, 1024px\" loading=\"lazy\" \/><figcaption class=\"wp-element-caption\">\u00a9 everst \/ Via Shutterstock<\/figcaption><\/figure>\n<\/div>\n\n\n<p><\/p>\n\n\n\n<h2 class=\"wp-block-heading\" style=\"font-size:25px\">\ud83c\udf32 Pour les papas qui aiment prendre de la hauteur<\/h2>\n\n\n\n<h3 class=\"wp-block-heading\">1. Une journ\u00e9e d\u2019escalade ou de via ferrata<\/h3>\n\n\n\n<p class=\"has-black-color has-text-color has-link-color wp-elements-0214eae25414a382b75cd70b4d93a9b9\" style=\"font-size:16px\">Pour le papa qui aime grimper plus haut que tout le monde, une <em>journ\u00e9e d\u2019escalade<\/em> ou de via ferrata est une id\u00e9e parfaite. Entre parois rocheuses, passages suspendus et points de vue spectaculaires, cette activit\u00e9 combine effort, technique et grand bol d\u2019air frais. <\/p>\n\n\n\n<h3 class=\"wp-block-heading\">2. Un bapt\u00eame de parapente<\/h3>\n\n\n\n<p class=\"has-black-color has-text-color has-link-color wp-elements-ab3fa701872d031734acbb04d13e0ce7\" style=\"font-size:16px\">Voler sans moteur, port\u00e9 par les courants et les ailes d\u2019un parapente : difficile de faire plus a\u00e9rien et po\u00e9tique. Le <a href=\"https:\/\/www.smartbox.com\/ch\/fr\/nos-smartbox\/sports-et-aventures\/sports-aeriens\/parapente\/\">saut en parapente<\/a> offre une sensation unique de libert\u00e9, tout en permettant d\u2019admirer les paysages d\u2019une toute nouvelle perspective. <\/p>\n\n\n    <div class=\"products\">\n                    <h3 class=\"products__title\">\n                Les meilleures id\u00e9es cadeaux pour la f\u00eate des p\u00e8res            <\/h3>\n                            \n                            <div class=\"products__wrap\">\n                                            <article class=\"product\">\n                                                          <figure class=\"product__image-wrap\">\n                                <img decoding=\"async\" class=\"product__image\" src=\"https:\/\/www.smartbox.com\/ch\/fr\/blog\/wp-content\/uploads\/2025\/05\/100000255602774924869.webp\" alt=\"\" loading=\"lazy\">\n                                                              <\/figure>\n                                                                                      <div class=\"product__rating\">\n                                  <div class=\"product__rating-stars\">\n                                                                        <\/div>\n\n                                  \n                              <\/div>\n                            \n                                                            <h4 class=\"product__title\">\n                                    Une exp\u00e9rience de conduite hors du commun : 2h au volant d&rsquo;une Ferrari F430 Spider                                <\/h4>\n                            \n                                                            <div class=\"product__description\">\n                                    <ul class=\"checked-list\" data-v-518d7d8e=\"\">\n<li class=\"included-item\" data-v-518d7d8e=\"\">une balade au volant d&rsquo;une Ferrari F430 Spider 490 cv<\/li>\n<li class=\"included-item\" data-v-518d7d8e=\"\">2 heures<\/li>\n<\/ul>\n                                <\/div>\n                                                        \n                                                            <div class=\"product__meta\">\n                                    <p class=\"product__price\">\n                                        CHF 149.90                                    <\/p>\n                                    <p class=\"product__old-price\">\n                                                                            <\/p>\n                                <\/div>\n                                                                    <a href=\"https:\/\/www.smartbox.com\/ch\/fr\/nos-smartbox\/sports-et-aventures\/une-experience-de-conduite-hors-du-commun-2h-au-volant-d-une-ferrari-f430-spider-pour-2-1396944.html\" class=\"button product__cta\">\n                                        En savoir plus                                         <svg class=\"svg-icon svg-arrow--arrow-right-new\"><use xlink:href=\"https:\/\/www.smartbox.com\/ch\/fr\/blog\/wp-content\/themes\/smartbox-blog\/_\/inc\/images\/symbol\/svg\/sprite.symbol.svg#arrow--arrow-right-new\"><\/use><\/svg>                                    <\/a>\n                                                                                    <\/article>\n                                            <article class=\"product\">\n                                                          <figure class=\"product__image-wrap\">\n                                <img decoding=\"async\" class=\"product__image\" src=\"https:\/\/www.smartbox.com\/ch\/fr\/blog\/wp-content\/uploads\/2025\/05\/1000002633194683384764.webp\" alt=\"\" loading=\"lazy\">\n                                                              <\/figure>\n                                                                                      <div class=\"product__rating\">\n                                  <div class=\"product__rating-stars\">\n                                                                        <\/div>\n\n                                  \n                              <\/div>\n                            \n                                                            <h4 class=\"product__title\">\n                                    Pour les papas aventuriers : 1 activit\u00e9 \u00e0 sensations en Suisse pour 1 ou 2                                <\/h4>\n                            \n                                                            <div class=\"product__description\">\n                                    <ul class=\"checked-list\">\n<li>1 aventure pour 1 ou 2 personnes<\/li>\n<li>9 activit\u00e9s \u00e0 sensations pour un papa aventurier en Suisse<\/li>\n<\/ul>\n                                <\/div>\n                                                        \n                                                            <div class=\"product__meta\">\n                                    <p class=\"product__price\">\n                                        CHF 249.90                                    <\/p>\n                                    <p class=\"product__old-price\">\n                                                                            <\/p>\n                                <\/div>\n                                                                    <a href=\"https:\/\/www.smartbox.com\/ch\/fr\/nos-smartbox\/sports-et-aventures\/pour-les-papas-aventuriers-1-activite-a-sensations-en-suisse-pour-1-ou-2-1471282.html\" class=\"button product__cta\">\n                                        En savoir plus                                         <svg class=\"svg-icon svg-arrow--arrow-right-new\"><use xlink:href=\"https:\/\/www.smartbox.com\/ch\/fr\/blog\/wp-content\/themes\/smartbox-blog\/_\/inc\/images\/symbol\/svg\/sprite.symbol.svg#arrow--arrow-right-new\"><\/use><\/svg>                                    <\/a>\n                                                                                    <\/article>\n                    \n                <\/div>\n            \n            \n            <\/div>\n\n\n\n<h2 class=\"wp-block-heading\" style=\"font-size:25px\">\ud83c\udf0a Pour les papas qui ne tiennent pas en place<\/h2>\n\n\n\n<h3 class=\"wp-block-heading\">3. Une descente en rafting<\/h3>\n\n\n\n<p class=\"has-black-color has-text-color has-link-color wp-elements-0a413e0e118b7392230d7b70e5b6aed5\" style=\"font-size:16px\">Si votre p\u00e8re a le go\u00fbt du challenge en \u00e9quipe, la <a href=\"https:\/\/www.smartbox.com\/ch\/fr\/nos-smartbox\/sports-et-aventures\/activites-aquatiques\/rafting\/\">descente en rafting<\/a> est un excellent choix. Pagayer au milieu des rapides, anticiper les mouvements de l\u2019eau et partager un bon moment avec des copains ou en famille : c\u2019est sportif, rafra\u00eechissant et franchement dr\u00f4le. <\/p>\n\n\n\n<h3 class=\"wp-block-heading\">4. Une sortie en canyoning<\/h3>\n\n\n\n<p class=\"has-black-color has-text-color has-link-color wp-elements-95f75a05d713a433b130487349d2d895\" style=\"font-size:16px\">Un papa qui aime les parcours vari\u00e9s adorera le <a href=\"https:\/\/www.smartbox.com\/ch\/fr\/nos-smartbox\/sports-et-aventures\/activites-aquatiques\/canyoning\/\">canyoning<\/a>. Sauter dans des vasques, descendre en rappel, glisser sur des toboggans naturels : cette activit\u00e9 combine tout ce que la nature offre de plus fun. <\/p>\n\n\n\n<div class=\"wp-block-buttons is-content-justification-center is-layout-flex wp-container-core-buttons-is-layout-16018d1d wp-block-buttons-is-layout-flex\">\n<div class=\"wp-block-button\"><a class=\"wp-block-button__link has-white-color has-luminous-vivid-orange-background-color has-text-color has-background has-link-color wp-element-button\" href=\"https:\/\/www.smartbox.com\/ch\/fr\/nos-smartbox\/sports-et-aventures\/activites-aquatiques\/\">Activit\u00e9s aquatiques<\/a><\/div>\n<\/div>\n\n\n\n<div style=\"height:15px\" aria-hidden=\"true\" class=\"wp-block-spacer\"><\/div>\n\n\n<div class=\"wp-block-image\">\n<figure class=\"alignleft size-large\"><img decoding=\"async\" width=\"1024\" height=\"683\" src=\"https:\/\/www.smartbox.com\/ch\/fr\/blog\/wp-content\/uploads\/2025\/05\/activites-aquatiques-fete-des-peres-1-1024x683.webp\" alt=\"Un homme faisant du rafting sur la rivi\u00e8re \u00e0 l'occasion de la f\u00eate des p\u00e8res.\" class=\"wp-image-36879\" style=\"aspect-ratio:16\/9;object-fit:cover\" srcset=\"https:\/\/www.smartbox.com\/ch\/fr\/blog\/wp-content\/uploads\/2025\/05\/activites-aquatiques-fete-des-peres-1-1024x683.webp 1024w, https:\/\/www.smartbox.com\/ch\/fr\/blog\/wp-content\/uploads\/2025\/05\/activites-aquatiques-fete-des-peres-1-300x200.webp 300w, https:\/\/www.smartbox.com\/ch\/fr\/blog\/wp-content\/uploads\/2025\/05\/activites-aquatiques-fete-des-peres-1-768x512.webp 768w, https:\/\/www.smartbox.com\/ch\/fr\/blog\/wp-content\/uploads\/2025\/05\/activites-aquatiques-fete-des-peres-1-1536x1024.webp 1536w, https:\/\/www.smartbox.com\/ch\/fr\/blog\/wp-content\/uploads\/2025\/05\/activites-aquatiques-fete-des-peres-1-2048x1365.webp 2048w\" sizes=\"(max-width: 1024px) 100vw, 1024px\" loading=\"lazy\" \/><figcaption class=\"wp-element-caption\">\u00a9 Marked Imagery \/ Via Shutterstock<\/figcaption><\/figure>\n<\/div>\n\n\n<h2 class=\"wp-block-heading\" style=\"font-size:25px\">\ud83d\ude97 Pour les papas explorateurs dans l\u2019\u00e2me<\/h2>\n\n\n\n<h3 class=\"wp-block-heading\">5. Une initiation \u00e0 la conduite sur circuit<\/h3>\n\n\n\n<p class=\"has-black-color has-text-color has-link-color wp-elements-f8ee497572c32c2c39b066f4769be763\" style=\"font-size:16px\">Pour les papas qui r\u00eavent de vitesse mais qui n\u2019ont jamais os\u00e9 appuyer \u00e0 fond sur l\u2019acc\u00e9l\u00e9rateur, <a href=\"https:\/\/www.smartbox.com\/ch\/fr\/nos-smartbox\/sports-et-aventures\/pilotage-voiture\/\">l\u2019initiation \u00e0 la conduite sur circuit<\/a> est un cadeau inoubliable. Encadr\u00e9 par des pros, il pourra tester ses r\u00e9flexes, n\u00e9gocier les virages comme un pilote et entendre rugir le moteur sans risquer son permis. <\/p>\n\n\n\n<h3 class=\"wp-block-heading\">6. Un vol en montgolfi\u00e8re<\/h3>\n\n\n\n<p class=\"has-black-color has-text-color has-link-color wp-elements-e95da80b4291d940560c9282fec0680e\" style=\"font-size:16px\">Offrir un <a href=\"https:\/\/www.smartbox.com\/ch\/fr\/nos-smartbox\/sports-et-aventures\/sports-aeriens\/vol-en-montgolfiere\/\">vol en montgolfi\u00e8re<\/a>, c\u2019est inviter son p\u00e8re \u00e0 prendre de la hauteu tout en douceur. Contrairement aux autres activit\u00e9s a\u00e9riennes, ici pas de sensations fortes, mais un moment suspendu, calme, presque m\u00e9ditatif. <\/p>\n\n\n<div class=\"single-article\">\n  <div class=\"single-article__image\">\n    <img decoding=\"async\" width=\"220\" height=\"200\" src=\"https:\/\/www.smartbox.com\/ch\/fr\/blog\/wp-content\/uploads\/2025\/05\/premiere-fete-des-peres-220x200.webp\" class=\"attachment-am2_thumbnail size-am2_thumbnail wp-post-image\" alt=\"Jeune p\u00e8re barbu portant son nouveau-n\u00e9, une petite fille, sur l&#039;\u00e9paule.\" loading=\"lazy\" \/>  <\/div>\n  <div class=\"single-article__content\"> \n    <span class=\"single-article__top-title\">\u00c0 lire aussi<\/span>\n    <a href=\"https:\/\/www.smartbox.com\/ch\/fr\/blog\/idees-cadeaux-pour-une-premiere-fete-des-peres\/\" class=\"single-article__title-link\">\n    <h5 class=\"single-article__title\">Id\u00e9es cadeaux pour une premi\u00e8re F\u00eate des P\u00e8res<\/h5>\n    <\/a>\n    <a href=\"https:\/\/www.smartbox.com\/ch\/fr\/blog\/idees-cadeaux-pour-une-premiere-fete-des-peres\/\" class=\"single-article__link\">Lire plus <svg class=\"svg-icon svg-arrow--arrow-right-new\"><use xlink:href=\"https:\/\/www.smartbox.com\/ch\/fr\/blog\/wp-content\/themes\/smartbox-blog\/_\/inc\/images\/symbol\/svg\/sprite.symbol.svg#arrow--arrow-right-new\"><\/use><\/svg><\/a>\n  <\/div>\n<\/div>\n\n\n\n<h2 class=\"wp-block-heading\" style=\"font-size:25px\">\u26c5 Pour les papas amoureux de la nature<\/h2>\n\n\n\n<h3 class=\"wp-block-heading\">7. Une nuit dans un h\u00e9bergement insolite en pleine nature<\/h3>\n\n\n\n<p class=\"has-black-color has-text-color has-link-color wp-elements-91e29e0406c0b848cc2eae84bd7776dc\" style=\"font-size:16px\">Dormir dans une cabane perch\u00e9e, une yourte ou une bulle transparente, \u00e7a change du lit habituel. Pour un papa qui aime la nature mais avec une pointe de confort, une nuit dans un <a href=\"https:\/\/www.smartbox.com\/ch\/fr\/activites-sejour-insolite\/\">h\u00e9bergement insolite<\/a> est une mani\u00e8re originale de s\u2019\u00e9vader. <\/p>\n\n\n\n<h3 class=\"wp-block-heading\">8. Une randonn\u00e9e guid\u00e9e avec bivouac<\/h3>\n\n\n\n<p class=\"has-black-color has-text-color has-link-color wp-elements-5b3eed4331db165acd0d3d36aaf3ba89\" style=\"font-size:16px\">Pour les papas marcheurs, amoureux des grands espaces, rien de tel qu\u2019une <a href=\"https:\/\/www.smartbox.com\/ch\/fr\/nos-smartbox\/sports-et-aventures\/activites-terrestres\/randonnee-a-velo\/\">randonn\u00e9e<\/a> guid\u00e9e avec bivouac. Partir sac au dos, suivre un guide, cuisiner au feu de bois et s\u2019endormir sous la tente, l\u2019exp\u00e9rience est simple mais intense. <\/p>\n\n\n\n<div class=\"wp-block-buttons is-content-justification-center is-layout-flex wp-container-core-buttons-is-layout-51f7783f wp-block-buttons-is-layout-flex\">\n<div class=\"wp-block-button\"><a class=\"wp-block-button__link has-white-color has-luminous-vivid-orange-background-color has-text-color has-background has-link-color wp-element-button\" href=\"https:\/\/www.smartbox.com\/ch\/fr\/nos-smartbox\/sports-et-aventures\/activites-terrestres\/\">Activit\u00e9s terrestres<\/a><\/div>\n<\/div>\n\n\n\n<div style=\"height:15px\" aria-hidden=\"true\" class=\"wp-block-spacer\"><\/div>\n\n\n<div class=\"wp-block-image\">\n<figure class=\"alignleft size-large\"><img decoding=\"async\" width=\"1024\" height=\"682\" src=\"https:\/\/www.smartbox.com\/ch\/fr\/blog\/wp-content\/uploads\/2025\/05\/balade-a-cheval-fete-des-peres-1024x682.webp\" alt=\"Un jeune couple fait une balade \u00e0 cheval dans la f\u00f4ret.\" class=\"wp-image-36880\" style=\"aspect-ratio:16\/9;object-fit:cover\" srcset=\"https:\/\/www.smartbox.com\/ch\/fr\/blog\/wp-content\/uploads\/2025\/05\/balade-a-cheval-fete-des-peres-1024x682.webp 1024w, https:\/\/www.smartbox.com\/ch\/fr\/blog\/wp-content\/uploads\/2025\/05\/balade-a-cheval-fete-des-peres-300x200.webp 300w, https:\/\/www.smartbox.com\/ch\/fr\/blog\/wp-content\/uploads\/2025\/05\/balade-a-cheval-fete-des-peres-768x511.webp 768w, https:\/\/www.smartbox.com\/ch\/fr\/blog\/wp-content\/uploads\/2025\/05\/balade-a-cheval-fete-des-peres-1536x1022.webp 1536w, https:\/\/www.smartbox.com\/ch\/fr\/blog\/wp-content\/uploads\/2025\/05\/balade-a-cheval-fete-des-peres-2048x1363.webp 2048w\" sizes=\"(max-width: 1024px) 100vw, 1024px\" loading=\"lazy\" \/><figcaption class=\"wp-element-caption\">\u00a9 Fotokostic \/ Via Shutterstock<\/figcaption><\/figure>\n<\/div>\n\n\n<h2 class=\"wp-block-heading\" style=\"font-size:25px\">\u2708\ufe0f Pour les papas qui r\u00eavent de voler<\/h2>\n\n\n\n<h3 class=\"wp-block-heading\">9. Un vol en h\u00e9licopt\u00e8re<\/h3>\n\n\n\n<p class=\"has-black-color has-text-color has-link-color wp-elements-418a3476eaebe4785b5c03f4e8449e7d\" style=\"font-size:16px\">Un <a href=\"https:\/\/www.smartbox.com\/ch\/fr\/nos-smartbox\/sports-et-aventures\/sports-aeriens\/bapteme-helicoptere\/\">vol en h\u00e9licopt\u00e8re<\/a>, c\u2019est la promesse d\u2019un panorama inoubliable et d\u2019une dose de sensations forte juste ce qu\u2019il faut. Le bruit des pales, la vue plongeante sur les paysages, les virages l\u00e9gers en plein ciel pour un papa qui n\u2019a pas froid aux yeux.<\/p>\n\n\n\n<h3 class=\"wp-block-heading\">10. Une exp\u00e9rience en avion de chasse<\/h3>\n\n\n\n<p class=\"has-black-color has-text-color has-link-color wp-elements-2a30194d133cac2d897a892012c20148\" style=\"font-size:16px\">Et pour les papas vraiment intr\u00e9pides ? Rien ne vaut une <a href=\"https:\/\/www.smartbox.com\/ch\/fr\/nos-smartbox\/sports-et-aventures\/sports-aeriens\/avion-de-chasse\/\">exp\u00e9rience en avion de chasse<\/a>. Acc\u00e9l\u00e9rations fulgurantes, figures acrobatiques, pouss\u00e9e dans le dos\u2026 Ce genre de vol d\u00e9coiffe, impressionne et reste grav\u00e9 \u00e0 jamais dans la m\u00e9moire. <\/p>\n\n\n\n<hr class=\"wp-block-separator has-alpha-channel-opacity is-style-dots\"\/>\n\n\n\n<h2 class=\"wp-block-heading\" style=\"font-size:25px\">\ud83c\udf81<strong> <\/strong>Le vrai cadeau pour la f\u00eate des p\u00e8res : des souvenirs \u00e0 vivre, pas \u00e0 emballer<\/h2>\n\n\n\n<p class=\"has-black-color has-text-color has-link-color wp-elements-ced18568d8972ed3ec04f591584e991f\" style=\"font-size:16px\">Offrir une exp\u00e9rience, c\u2019est bien plus qu\u2019un simple <strong>cadeau pour la f\u00eate des p\u00e8res<\/strong>. C\u2019est dire \u00e0 son p\u00e8re qu\u2019on le conna\u00eet, qu\u2019on admire son esprit d\u2019aventure, et qu\u2019on veut lui offrir un moment rien qu\u2019\u00e0 lui loin du quotidien, pr\u00e8s de ses passions. Qu\u2019il r\u00eave de voler, de grimper, de nager dans les rapides ou de dormir \u00e0 la belle \u00e9toile, il y a mille fa\u00e7ons de faire battre son c\u0153ur plus fort. <\/p>\n","protected":false},"excerpt":{"rendered":"<p>Comment trouver le cadeau parfait pour la f\u00eate des p\u00e8res, surtout quand le principal int\u00e9ress\u00e9 ne tient pas en place ? Si votre papa est du genre \u00e0 pr\u00e9f\u00e9rer les sommets aux salons, les chemins de randonn\u00e9e aux chemins de table, et les cartes topographiques aux cartes de v\u0153ux, alors pas de doute : vous [&hellip;]<\/p>\n","protected":false},"author":56,"featured_media":36870,"comment_status":"open","ping_status":"open","sticky":false,"template":"","format":"standard","meta":{"_acf_changed":false,"footnotes":""},"categories":[4352],"tags":[],"class_list":["post-36869","post","type-post","status-publish","format-standard","has-post-thumbnail","hentry","category-cadeaux"],"acf":[],"yoast_head":"<!-- This site is optimized with the Yoast SEO Premium plugin v19.7 (Yoast SEO v27.4) - https:\/\/yoast.com\/product\/yoast-seo-premium-wordpress\/ -->\n<title>Quel cadeau pour la f\u00eate des p\u00e8res offrir \u00e0 un papa aventurier ? - Suisse<\/title>\n<meta name=\"robots\" content=\"index, follow, max-snippet:-1, max-image-preview:large, max-video-preview:-1\" \/>\n<link rel=\"canonical\" href=\"https:\/\/www.smartbox.com\/ch\/fr\/blog\/quel-cadeau-pour-la-fete-des-peres-offrir-a-un-papa-aventurier\/\" \/>\n<meta property=\"og:locale\" content=\"fr_FR\" \/>\n<meta property=\"og:type\" content=\"article\" \/>\n<meta property=\"og:title\" content=\"Quel cadeau pour la f\u00eate des p\u00e8res offrir \u00e0 un papa aventurier ? - Suisse\" \/>\n<meta property=\"og:description\" content=\"Comment trouver le cadeau parfait pour la f\u00eate des p\u00e8res, surtout quand le principal int\u00e9ress\u00e9 ne tient pas en place ? Si votre papa est du genre \u00e0 pr\u00e9f\u00e9rer les sommets aux salons, les chemins de randonn\u00e9e aux chemins de table, et les cartes topographiques aux cartes de v\u0153ux, alors pas de doute : vous [&hellip;]\" \/>\n<meta property=\"og:url\" content=\"https:\/\/www.smartbox.com\/ch\/fr\/blog\/quel-cadeau-pour-la-fete-des-peres-offrir-a-un-papa-aventurier\/\" \/>\n<meta property=\"og:site_name\" content=\"Suisse\" \/>\n<meta property=\"article:published_time\" content=\"2025-05-23T13:01:12+00:00\" \/>\n<meta property=\"article:modified_time\" content=\"2026-03-10T09:01:00+00:00\" \/>\n<meta property=\"og:image\" content=\"https:\/\/www.smartbox.com\/ch\/fr\/blog\/wp-content\/uploads\/2025\/05\/papa-aventurier-1024x683.webp\" \/>\n\t<meta property=\"og:image:width\" content=\"1024\" \/>\n\t<meta property=\"og:image:height\" content=\"683\" \/>\n\t<meta property=\"og:image:type\" content=\"image\/webp\" \/>\n<meta name=\"author\" content=\"Julia-Rose Mateky\" \/>\n<meta name=\"twitter:card\" content=\"summary_large_image\" \/>\n<meta name=\"twitter:label1\" content=\"\u00c9crit par\" \/>\n\t<meta name=\"twitter:data1\" content=\"Julia-Rose Mateky\" \/>\n\t<meta name=\"twitter:label2\" content=\"Dur\u00e9e de lecture estim\u00e9e\" \/>\n\t<meta name=\"twitter:data2\" content=\"5 minutes\" \/>\n<script type=\"application\/ld+json\" class=\"yoast-schema-graph\">{\"@context\":\"https:\\\/\\\/schema.org\",\"@graph\":[{\"@type\":\"Article\",\"@id\":\"https:\\\/\\\/www.smartbox.com\\\/ch\\\/fr\\\/blog\\\/quel-cadeau-pour-la-fete-des-peres-offrir-a-un-papa-aventurier\\\/#article\",\"isPartOf\":{\"@id\":\"https:\\\/\\\/www.smartbox.com\\\/ch\\\/fr\\\/blog\\\/quel-cadeau-pour-la-fete-des-peres-offrir-a-un-papa-aventurier\\\/\"},\"author\":{\"name\":\"Julia-Rose Mateky\",\"@id\":\"https:\\\/\\\/www.smartbox.com\\\/ch\\\/fr\\\/blog\\\/#\\\/schema\\\/person\\\/69b86be1494a754fe34bf617583cff5d\"},\"headline\":\"Quel cadeau pour la f\u00eate des p\u00e8res offrir \u00e0 un papa aventurier ?\",\"datePublished\":\"2025-05-23T13:01:12+00:00\",\"dateModified\":\"2026-03-10T09:01:00+00:00\",\"mainEntityOfPage\":{\"@id\":\"https:\\\/\\\/www.smartbox.com\\\/ch\\\/fr\\\/blog\\\/quel-cadeau-pour-la-fete-des-peres-offrir-a-un-papa-aventurier\\\/\"},\"wordCount\":815,\"commentCount\":0,\"image\":{\"@id\":\"https:\\\/\\\/www.smartbox.com\\\/ch\\\/fr\\\/blog\\\/quel-cadeau-pour-la-fete-des-peres-offrir-a-un-papa-aventurier\\\/#primaryimage\"},\"thumbnailUrl\":\"https:\\\/\\\/www.smartbox.com\\\/ch\\\/fr\\\/blog\\\/wp-content\\\/uploads\\\/2025\\\/05\\\/papa-aventurier.webp\",\"articleSection\":[\"Cadeaux\"],\"inLanguage\":\"fr-FR\",\"potentialAction\":[{\"@type\":\"CommentAction\",\"name\":\"Comment\",\"target\":[\"https:\\\/\\\/www.smartbox.com\\\/ch\\\/fr\\\/blog\\\/quel-cadeau-pour-la-fete-des-peres-offrir-a-un-papa-aventurier\\\/#respond\"]}]},{\"@type\":\"WebPage\",\"@id\":\"https:\\\/\\\/www.smartbox.com\\\/ch\\\/fr\\\/blog\\\/quel-cadeau-pour-la-fete-des-peres-offrir-a-un-papa-aventurier\\\/\",\"url\":\"https:\\\/\\\/www.smartbox.com\\\/ch\\\/fr\\\/blog\\\/quel-cadeau-pour-la-fete-des-peres-offrir-a-un-papa-aventurier\\\/\",\"name\":\"Quel cadeau pour la f\u00eate des p\u00e8res offrir \u00e0 un papa aventurier ? - Suisse\",\"isPartOf\":{\"@id\":\"https:\\\/\\\/www.smartbox.com\\\/ch\\\/fr\\\/blog\\\/#website\"},\"primaryImageOfPage\":{\"@id\":\"https:\\\/\\\/www.smartbox.com\\\/ch\\\/fr\\\/blog\\\/quel-cadeau-pour-la-fete-des-peres-offrir-a-un-papa-aventurier\\\/#primaryimage\"},\"image\":{\"@id\":\"https:\\\/\\\/www.smartbox.com\\\/ch\\\/fr\\\/blog\\\/quel-cadeau-pour-la-fete-des-peres-offrir-a-un-papa-aventurier\\\/#primaryimage\"},\"thumbnailUrl\":\"https:\\\/\\\/www.smartbox.com\\\/ch\\\/fr\\\/blog\\\/wp-content\\\/uploads\\\/2025\\\/05\\\/papa-aventurier.webp\",\"datePublished\":\"2025-05-23T13:01:12+00:00\",\"dateModified\":\"2026-03-10T09:01:00+00:00\",\"author\":{\"@id\":\"https:\\\/\\\/www.smartbox.com\\\/ch\\\/fr\\\/blog\\\/#\\\/schema\\\/person\\\/69b86be1494a754fe34bf617583cff5d\"},\"inLanguage\":\"fr-FR\",\"potentialAction\":[{\"@type\":\"ReadAction\",\"target\":[\"https:\\\/\\\/www.smartbox.com\\\/ch\\\/fr\\\/blog\\\/quel-cadeau-pour-la-fete-des-peres-offrir-a-un-papa-aventurier\\\/\"]}]},{\"@type\":\"ImageObject\",\"inLanguage\":\"fr-FR\",\"@id\":\"https:\\\/\\\/www.smartbox.com\\\/ch\\\/fr\\\/blog\\\/quel-cadeau-pour-la-fete-des-peres-offrir-a-un-papa-aventurier\\\/#primaryimage\",\"url\":\"https:\\\/\\\/www.smartbox.com\\\/ch\\\/fr\\\/blog\\\/wp-content\\\/uploads\\\/2025\\\/05\\\/papa-aventurier.webp\",\"contentUrl\":\"https:\\\/\\\/www.smartbox.com\\\/ch\\\/fr\\\/blog\\\/wp-content\\\/uploads\\\/2025\\\/05\\\/papa-aventurier.webp\",\"width\":5000,\"height\":3335,\"caption\":\"Famille p\u00e8re fan d'aventure et sa enfant fille de cinq ans voyage en montagne, randonn\u00e9e ensemble pendant les vacances d'\u00e9t\u00e9 en plein air.\"},{\"@type\":\"WebSite\",\"@id\":\"https:\\\/\\\/www.smartbox.com\\\/ch\\\/fr\\\/blog\\\/#website\",\"url\":\"https:\\\/\\\/www.smartbox.com\\\/ch\\\/fr\\\/blog\\\/\",\"name\":\"Suisse\",\"description\":\"\",\"potentialAction\":[{\"@type\":\"SearchAction\",\"target\":{\"@type\":\"EntryPoint\",\"urlTemplate\":\"https:\\\/\\\/www.smartbox.com\\\/ch\\\/fr\\\/blog\\\/?s={search_term_string}\"},\"query-input\":{\"@type\":\"PropertyValueSpecification\",\"valueRequired\":true,\"valueName\":\"search_term_string\"}}],\"inLanguage\":\"fr-FR\"},{\"@type\":\"Person\",\"@id\":\"https:\\\/\\\/www.smartbox.com\\\/ch\\\/fr\\\/blog\\\/#\\\/schema\\\/person\\\/69b86be1494a754fe34bf617583cff5d\",\"name\":\"Julia-Rose Mateky\",\"image\":{\"@type\":\"ImageObject\",\"inLanguage\":\"fr-FR\",\"@id\":\"https:\\\/\\\/secure.gravatar.com\\\/avatar\\\/c2602bbd36d2300521df47fe92b28b0b4e19d3bc7858895dbab75d8a7181fa5b?s=96&d=mm&r=g\",\"url\":\"https:\\\/\\\/secure.gravatar.com\\\/avatar\\\/c2602bbd36d2300521df47fe92b28b0b4e19d3bc7858895dbab75d8a7181fa5b?s=96&d=mm&r=g\",\"contentUrl\":\"https:\\\/\\\/secure.gravatar.com\\\/avatar\\\/c2602bbd36d2300521df47fe92b28b0b4e19d3bc7858895dbab75d8a7181fa5b?s=96&d=mm&r=g\",\"caption\":\"Julia-Rose Mateky\"}}]}<\/script>\n<!-- \/ Yoast SEO Premium plugin. -->","yoast_head_json":{"title":"Quel cadeau pour la f\u00eate des p\u00e8res offrir \u00e0 un papa aventurier ? - Suisse","robots":{"index":"index","follow":"follow","max-snippet":"max-snippet:-1","max-image-preview":"max-image-preview:large","max-video-preview":"max-video-preview:-1"},"canonical":"https:\/\/www.smartbox.com\/ch\/fr\/blog\/quel-cadeau-pour-la-fete-des-peres-offrir-a-un-papa-aventurier\/","og_locale":"fr_FR","og_type":"article","og_title":"Quel cadeau pour la f\u00eate des p\u00e8res offrir \u00e0 un papa aventurier ? - Suisse","og_description":"Comment trouver le cadeau parfait pour la f\u00eate des p\u00e8res, surtout quand le principal int\u00e9ress\u00e9 ne tient pas en place ? Si votre papa est du genre \u00e0 pr\u00e9f\u00e9rer les sommets aux salons, les chemins de randonn\u00e9e aux chemins de table, et les cartes topographiques aux cartes de v\u0153ux, alors pas de doute : vous [&hellip;]","og_url":"https:\/\/www.smartbox.com\/ch\/fr\/blog\/quel-cadeau-pour-la-fete-des-peres-offrir-a-un-papa-aventurier\/","og_site_name":"Suisse","article_published_time":"2025-05-23T13:01:12+00:00","article_modified_time":"2026-03-10T09:01:00+00:00","og_image":[{"width":1024,"height":683,"url":"https:\/\/www.smartbox.com\/ch\/fr\/blog\/wp-content\/uploads\/2025\/05\/papa-aventurier-1024x683.webp","type":"image\/webp"}],"author":"Julia-Rose Mateky","twitter_card":"summary_large_image","twitter_misc":{"\u00c9crit par":"Julia-Rose Mateky","Dur\u00e9e de lecture estim\u00e9e":"5 minutes"},"schema":{"@context":"https:\/\/schema.org","@graph":[{"@type":"Article","@id":"https:\/\/www.smartbox.com\/ch\/fr\/blog\/quel-cadeau-pour-la-fete-des-peres-offrir-a-un-papa-aventurier\/#article","isPartOf":{"@id":"https:\/\/www.smartbox.com\/ch\/fr\/blog\/quel-cadeau-pour-la-fete-des-peres-offrir-a-un-papa-aventurier\/"},"author":{"name":"Julia-Rose Mateky","@id":"https:\/\/www.smartbox.com\/ch\/fr\/blog\/#\/schema\/person\/69b86be1494a754fe34bf617583cff5d"},"headline":"Quel cadeau pour la f\u00eate des p\u00e8res offrir \u00e0 un papa aventurier ?","datePublished":"2025-05-23T13:01:12+00:00","dateModified":"2026-03-10T09:01:00+00:00","mainEntityOfPage":{"@id":"https:\/\/www.smartbox.com\/ch\/fr\/blog\/quel-cadeau-pour-la-fete-des-peres-offrir-a-un-papa-aventurier\/"},"wordCount":815,"commentCount":0,"image":{"@id":"https:\/\/www.smartbox.com\/ch\/fr\/blog\/quel-cadeau-pour-la-fete-des-peres-offrir-a-un-papa-aventurier\/#primaryimage"},"thumbnailUrl":"https:\/\/www.smartbox.com\/ch\/fr\/blog\/wp-content\/uploads\/2025\/05\/papa-aventurier.webp","articleSection":["Cadeaux"],"inLanguage":"fr-FR","potentialAction":[{"@type":"CommentAction","name":"Comment","target":["https:\/\/www.smartbox.com\/ch\/fr\/blog\/quel-cadeau-pour-la-fete-des-peres-offrir-a-un-papa-aventurier\/#respond"]}]},{"@type":"WebPage","@id":"https:\/\/www.smartbox.com\/ch\/fr\/blog\/quel-cadeau-pour-la-fete-des-peres-offrir-a-un-papa-aventurier\/","url":"https:\/\/www.smartbox.com\/ch\/fr\/blog\/quel-cadeau-pour-la-fete-des-peres-offrir-a-un-papa-aventurier\/","name":"Quel cadeau pour la f\u00eate des p\u00e8res offrir \u00e0 un papa aventurier ? - Suisse","isPartOf":{"@id":"https:\/\/www.smartbox.com\/ch\/fr\/blog\/#website"},"primaryImageOfPage":{"@id":"https:\/\/www.smartbox.com\/ch\/fr\/blog\/quel-cadeau-pour-la-fete-des-peres-offrir-a-un-papa-aventurier\/#primaryimage"},"image":{"@id":"https:\/\/www.smartbox.com\/ch\/fr\/blog\/quel-cadeau-pour-la-fete-des-peres-offrir-a-un-papa-aventurier\/#primaryimage"},"thumbnailUrl":"https:\/\/www.smartbox.com\/ch\/fr\/blog\/wp-content\/uploads\/2025\/05\/papa-aventurier.webp","datePublished":"2025-05-23T13:01:12+00:00","dateModified":"2026-03-10T09:01:00+00:00","author":{"@id":"https:\/\/www.smartbox.com\/ch\/fr\/blog\/#\/schema\/person\/69b86be1494a754fe34bf617583cff5d"},"inLanguage":"fr-FR","potentialAction":[{"@type":"ReadAction","target":["https:\/\/www.smartbox.com\/ch\/fr\/blog\/quel-cadeau-pour-la-fete-des-peres-offrir-a-un-papa-aventurier\/"]}]},{"@type":"ImageObject","inLanguage":"fr-FR","@id":"https:\/\/www.smartbox.com\/ch\/fr\/blog\/quel-cadeau-pour-la-fete-des-peres-offrir-a-un-papa-aventurier\/#primaryimage","url":"https:\/\/www.smartbox.com\/ch\/fr\/blog\/wp-content\/uploads\/2025\/05\/papa-aventurier.webp","contentUrl":"https:\/\/www.smartbox.com\/ch\/fr\/blog\/wp-content\/uploads\/2025\/05\/papa-aventurier.webp","width":5000,"height":3335,"caption":"Famille p\u00e8re fan d'aventure et sa enfant fille de cinq ans voyage en montagne, randonn\u00e9e ensemble pendant les vacances d'\u00e9t\u00e9 en plein air."},{"@type":"WebSite","@id":"https:\/\/www.smartbox.com\/ch\/fr\/blog\/#website","url":"https:\/\/www.smartbox.com\/ch\/fr\/blog\/","name":"Suisse","description":"","potentialAction":[{"@type":"SearchAction","target":{"@type":"EntryPoint","urlTemplate":"https:\/\/www.smartbox.com\/ch\/fr\/blog\/?s={search_term_string}"},"query-input":{"@type":"PropertyValueSpecification","valueRequired":true,"valueName":"search_term_string"}}],"inLanguage":"fr-FR"},{"@type":"Person","@id":"https:\/\/www.smartbox.com\/ch\/fr\/blog\/#\/schema\/person\/69b86be1494a754fe34bf617583cff5d","name":"Julia-Rose Mateky","image":{"@type":"ImageObject","inLanguage":"fr-FR","@id":"https:\/\/secure.gravatar.com\/avatar\/c2602bbd36d2300521df47fe92b28b0b4e19d3bc7858895dbab75d8a7181fa5b?s=96&d=mm&r=g","url":"https:\/\/secure.gravatar.com\/avatar\/c2602bbd36d2300521df47fe92b28b0b4e19d3bc7858895dbab75d8a7181fa5b?s=96&d=mm&r=g","contentUrl":"https:\/\/secure.gravatar.com\/avatar\/c2602bbd36d2300521df47fe92b28b0b4e19d3bc7858895dbab75d8a7181fa5b?s=96&d=mm&r=g","caption":"Julia-Rose Mateky"}}]}},"_links":{"self":[{"href":"https:\/\/www.smartbox.com\/ch\/fr\/blog\/wp-json\/wp\/v2\/posts\/36869","targetHints":{"allow":["GET"]}}],"collection":[{"href":"https:\/\/www.smartbox.com\/ch\/fr\/blog\/wp-json\/wp\/v2\/posts"}],"about":[{"href":"https:\/\/www.smartbox.com\/ch\/fr\/blog\/wp-json\/wp\/v2\/types\/post"}],"author":[{"embeddable":true,"href":"https:\/\/www.smartbox.com\/ch\/fr\/blog\/wp-json\/wp\/v2\/users\/56"}],"replies":[{"embeddable":true,"href":"https:\/\/www.smartbox.com\/ch\/fr\/blog\/wp-json\/wp\/v2\/comments?post=36869"}],"version-history":[{"count":3,"href":"https:\/\/www.smartbox.com\/ch\/fr\/blog\/wp-json\/wp\/v2\/posts\/36869\/revisions"}],"predecessor-version":[{"id":37386,"href":"https:\/\/www.smartbox.com\/ch\/fr\/blog\/wp-json\/wp\/v2\/posts\/36869\/revisions\/37386"}],"wp:featuredmedia":[{"embeddable":true,"href":"https:\/\/www.smartbox.com\/ch\/fr\/blog\/wp-json\/wp\/v2\/media\/36870"}],"wp:attachment":[{"href":"https:\/\/www.smartbox.com\/ch\/fr\/blog\/wp-json\/wp\/v2\/media?parent=36869"}],"wp:term":[{"taxonomy":"category","embeddable":true,"href":"https:\/\/www.smartbox.com\/ch\/fr\/blog\/wp-json\/wp\/v2\/categories?post=36869"},{"taxonomy":"post_tag","embeddable":true,"href":"https:\/\/www.smartbox.com\/ch\/fr\/blog\/wp-json\/wp\/v2\/tags?post=36869"}],"curies":[{"name":"wp","href":"https:\/\/api.w.org\/{rel}","templated":true}]}}