{"id":36564,"date":"2025-04-15T16:06:12","date_gmt":"2025-04-15T15:06:12","guid":{"rendered":"https:\/\/www.smartbox.com\/ch\/fr\/blog\/?p=36564"},"modified":"2025-07-24T11:10:04","modified_gmt":"2025-07-24T10:10:04","slug":"ou-partir-en-week-end-pour-la-fete-des-meres-en-suisse","status":"publish","type":"post","link":"https:\/\/www.smartbox.com\/ch\/fr\/blog\/ou-partir-en-week-end-pour-la-fete-des-meres-en-suisse\/","title":{"rendered":"O\u00f9 partir en week-end pour la f\u00eate des m\u00e8res en Suisse ?"},"content":{"rendered":"\n<p class=\"has-black-color has-text-color has-link-color wp-elements-46f696f73347223708405717a7ad1b3e\" style=\"font-size:16px\">La <a href=\"https:\/\/www.smartbox.com\/ch\/fr\/cadeau-fete-des-meres\/\">f\u00eate des m\u00e8res<\/a>, c\u2019est surtout l\u2019occasion de lui dire merci. Merci pour tout, pour les petits gestes du quotidien comme pour les grandes le\u00e7ons de vie. Et quoi de mieux qu\u2019un week-end hors du temps pour lui offrir une parenth\u00e8se bien m\u00e9rit\u00e9e ? Que votre maman r\u00eave de nature, de d\u00e9tente ou d\u2019aventures urbaines, on vous souffle quelques<strong> id\u00e9es de week-ends de f\u00eate des m\u00e8res<\/strong> en Suisse \u00e0 vivre \u00e0 deux, en famille\u2026 ou m\u00eame \u00e0 lui offrir pour qu\u2019elle parte s\u2019\u00e9vader comme une reine.<\/p>\n\n\n\n<h3 class=\"wp-block-heading\"><strong>Zurich \u2013 Culture, shopping et d\u00e9tente au bord du lac<\/strong><\/h3>\n\n\n\n<p class=\"has-black-color has-text-color has-link-color wp-elements-979470362ae64a9a577a7972e096c93c\" style=\"font-size:16px\">Ville dynamique aux allures de carte postale, Zurich a tout pour plaire \u00e0 celles et ceux qui aiment bouger. Entre les mus\u00e9es (coucou le Kunsthaus !), les galeries, les jolies ruelles de la vieille ville et les pauses shopping dans la Bahnhofstrasse, impossible de s\u2019ennuyer. Et pour se d\u00e9tendre apr\u00e8s tant d\u2019\u00e9motions, rien de tel qu\u2019un moment au spa ou une balade paisible au bord du lac. Un week-end parfait pour conjuguer d\u00e9couvertes et douceur de vivre.<\/p>\n\n\n\n<div class=\"wp-block-buttons is-content-justification-center is-layout-flex wp-container-core-buttons-is-layout-16018d1d wp-block-buttons-is-layout-flex\">\n<div class=\"wp-block-button is-style-fill\"><a class=\"wp-block-button__link has-white-color has-luminous-vivid-orange-background-color has-text-color has-background has-link-color wp-element-button\" href=\"https:\/\/www.smartbox.com\/ch\/fr\/experiences-en-suisse\/zurich\/\">Week-end \u00e0 Zurich<\/a><\/div>\n<\/div>\n\n\n\n<div style=\"height:15px\" aria-hidden=\"true\" class=\"wp-block-spacer\"><\/div>\n\n\n<div class=\"wp-block-image\">\n<figure class=\"alignleft size-full is-resized\"><img decoding=\"async\" width=\"1000\" height=\"667\" src=\"https:\/\/www.smartbox.com\/ch\/fr\/blog\/wp-content\/uploads\/2025\/04\/Zurich.webp\" alt=\"\" class=\"wp-image-36565\" style=\"aspect-ratio:16\/9;object-fit:cover;width:822px;height:auto\" srcset=\"https:\/\/www.smartbox.com\/ch\/fr\/blog\/wp-content\/uploads\/2025\/04\/Zurich.webp 1000w, https:\/\/www.smartbox.com\/ch\/fr\/blog\/wp-content\/uploads\/2025\/04\/Zurich-300x200.webp 300w, https:\/\/www.smartbox.com\/ch\/fr\/blog\/wp-content\/uploads\/2025\/04\/Zurich-768x512.webp 768w\" sizes=\"(max-width: 1000px) 100vw, 1000px\" loading=\"lazy\" \/><figcaption class=\"wp-element-caption\">\u00a9 AlexAnton \/ Via Shutterstock<\/figcaption><\/figure>\n<\/div>\n\n\n<h3 class=\"wp-block-heading\"><strong>Berne \u2013 Escapade paisible au c\u0153ur des traditions suisses<\/strong><\/h3>\n\n\n\n<p class=\"has-black-color has-text-color has-link-color wp-elements-81a240b3ab0c5717bfaf77efd8c0aea8\" style=\"font-size:16px\">Avec son centre historique class\u00e9 au patrimoine mondial de l\u2019UNESCO, Berne est une vraie p\u00e9pite. On y fl\u00e2ne entre les arcades m\u00e9di\u00e9vales, on admire la fameuse tour de l\u2019Horloge (Zytglogge), on go\u00fbte aux sp\u00e9cialit\u00e9s locales dans de petits caf\u00e9s typiques\u2026 Bref, une <a href=\"https:\/\/www.smartbox.com\/ch\/fr\/experiences-en-suisse\/berne-oberland-bernois\/\">escapade \u00e0 Berne<\/a> pleine de charme pour celles et ceux qui aiment prendre leur temps. Bonus : les rives de l\u2019Aar offrent de superbes coins pour une pause pique-nique ou une balade relax.<\/p>\n\n\n\n<h3 class=\"wp-block-heading\"><strong>Le Tessin \u2013 Soleil, douceur et ambiance dolce vita<\/strong><\/h3>\n\n\n\n<p class=\"has-black-color has-text-color has-link-color wp-elements-1730db669a37476e7788280c68ba525a\" style=\"font-size:16px\">Envie de palmiers, de ruelles color\u00e9es et d\u2019un petit go\u00fbt d\u2019Italie ? Direction le Tessin ! Avec ses allures m\u00e9diterran\u00e9ennes, cette r\u00e9gion est un vrai petit paradis pour un week-end d\u00e9paysant sans quitter la Suisse. Au programme : promenade \u00e0 Locarno ou Ascona, d\u00e9gustation de sp\u00e9cialit\u00e9s dans une grotte traditionnelle, pause farniente au bord du lac Majeur\u2026 Et pourquoi pas une nuit dans un h\u00f4tel de charme nich\u00e9 entre montagnes et villages pittoresques ?<\/p>\n\n\n\n<div class=\"wp-block-buttons is-content-justification-center is-layout-flex wp-container-core-buttons-is-layout-16018d1d wp-block-buttons-is-layout-flex\">\n<div class=\"wp-block-button\"><a class=\"wp-block-button__link has-white-color has-luminous-vivid-orange-background-color has-text-color has-background has-link-color wp-element-button\" href=\"https:\/\/www.smartbox.com\/ch\/fr\/experiences-en-suisse\/tessin\/\">Week-end Tessin<\/a><\/div>\n<\/div>\n\n\n\n<div style=\"height:15px\" aria-hidden=\"true\" class=\"wp-block-spacer\"><\/div>\n\n\n<div class=\"wp-block-image\">\n<figure class=\"alignleft size-full\"><img decoding=\"async\" width=\"1000\" height=\"668\" src=\"https:\/\/www.smartbox.com\/ch\/fr\/blog\/wp-content\/uploads\/2025\/04\/Tessin.webp\" alt=\"\" class=\"wp-image-36570\" style=\"aspect-ratio:16\/9;object-fit:cover\" srcset=\"https:\/\/www.smartbox.com\/ch\/fr\/blog\/wp-content\/uploads\/2025\/04\/Tessin.webp 1000w, https:\/\/www.smartbox.com\/ch\/fr\/blog\/wp-content\/uploads\/2025\/04\/Tessin-300x200.webp 300w, https:\/\/www.smartbox.com\/ch\/fr\/blog\/wp-content\/uploads\/2025\/04\/Tessin-768x513.webp 768w\" sizes=\"(max-width: 1000px) 100vw, 1000px\" loading=\"lazy\" \/><figcaption class=\"wp-element-caption\">\u00a9 Sina Ettmer Photography \/ Via Shutterstock<\/figcaption><\/figure>\n<\/div>\n\n\n<h3 class=\"wp-block-heading\"><strong>Gen\u00e8ve \u2013 \u00c9l\u00e9gance et plaisirs gourmands<\/strong><\/h3>\n\n\n\n<p class=\"has-black-color has-text-color has-link-color wp-elements-0c3a0fb1bafcf66ab5b4d9eb5e52d9be\" style=\"font-size:16px\">Vir\u00e9e culturelle, shopping de qualit\u00e9, balades au bord du lac\u2026 un <a href=\"https:\/\/www.smartbox.com\/ch\/fr\/experiences-en-suisse\/geneve\/\">week-end \u00e0 Gen\u00e8ve<\/a> coche toutes les cases pour une \u00e9chapp\u00e9e chic et relax. On visite le mus\u00e9e d\u2019art et d\u2019histoire, on se prom\u00e8ne dans le parc La Grange, on s\u2019offre une travers\u00e9e en bateau\u2026 et on termine la journ\u00e9e autour d\u2019un bon repas. Fondue conviviale ou adresse gastronomique raffin\u00e9e : \u00e0 chacun son style !<\/p>\n\n\n<div class=\"single-article\">\n  <div class=\"single-article__image\">\n    <img decoding=\"async\" width=\"220\" height=\"200\" src=\"https:\/\/www.smartbox.com\/ch\/fr\/blog\/wp-content\/uploads\/2022\/03\/bateau-jaune-traversant-le-lac-de-geneve-devant-le-jet-deau-220x200.jpg\" class=\"attachment-am2_thumbnail size-am2_thumbnail wp-post-image\" alt=\"Bateau jaune traversant le lac de Gen\u00e8ve devant le Jet d\u2019eau\" loading=\"lazy\" \/>  <\/div>\n  <div class=\"single-article__content\"> \n    <span class=\"single-article__top-title\">\u00c0 lire aussi<\/span>\n    <a href=\"https:\/\/www.smartbox.com\/ch\/fr\/blog\/quoi-faire-a-geneve-un-week-end\/\" class=\"single-article__title-link\">\n    <h5 class=\"single-article__title\">Quoi faire \u00e0 Gen\u00e8ve lors d&rsquo;un week-end d\u00e9couverte<\/h5>\n    <\/a>\n    <a href=\"https:\/\/www.smartbox.com\/ch\/fr\/blog\/quoi-faire-a-geneve-un-week-end\/\" class=\"single-article__link\">Lire plus <svg class=\"svg-icon svg-arrow--arrow-right-new\"><use xlink:href=\"https:\/\/www.smartbox.com\/ch\/fr\/blog\/wp-content\/themes\/smartbox-blog\/_\/inc\/images\/symbol\/svg\/sprite.symbol.svg#arrow--arrow-right-new\"><\/use><\/svg><\/a>\n  <\/div>\n<\/div>\n\n\n\n<h3 class=\"wp-block-heading\"><strong>Lucerne \u2013 Nature, romantisme et vues \u00e0 couper le souffle<\/strong><\/h3>\n\n\n\n<p class=\"has-black-color has-text-color has-link-color wp-elements-83e0bc1360ed0e2193b7b1219c12d7b3\" style=\"font-size:16px\">Nich\u00e9e entre lac et montagnes, un <a href=\"https:\/\/www.smartbox.com\/ch\/fr\/experiences-en-suisse\/lucerne-lac-des-quatre-cantons\/\">s\u00e9jour \u00e0 Lucerne<\/a> est la destination parfaite pour se ressourcer. On y admire le c\u00e9l\u00e8bre Pont de la Chapelle, on embarque pour une croisi\u00e8re sur le lac des Quatre-Cantons, ou on prend un peu de hauteur direction le mont Pilatus. L\u2019atmosph\u00e8re y est douce, presque po\u00e9tique, parfaite pour un moment complice \u00e0 deux. Et si on ajoute un spa avec vue en fin de journ\u00e9e\u2026 on touche \u00e0 la perfection.<\/p>\n\n\n\n<hr class=\"wp-block-separator has-alpha-channel-opacity is-style-dots\"\/>\n\n\n\n<h3 class=\"wp-block-heading\"><strong>Et si cette ann\u00e9e, vous lui offriez un vrai moment \u00e0 elle ?<\/strong><\/h3>\n\n\n\n<p class=\"has-black-color has-text-color has-link-color wp-elements-468aa217fbdcda9b4307a402fa73cb6e\" style=\"font-size:16px\">Entre balades en pleine nature, vir\u00e9es culturelles et pauses bien-\u00eatre, la Suisse regorge de destinations pour marquer le coup comme il se doit. Vous l\u2019aurez compris : les <strong>id\u00e9es de week-ends de f\u00eate des m\u00e8res <\/strong>ne manquent pas, surtout quand on mise sur l\u2019\u00e9vasion et la simplicit\u00e9. Et pour un cadeau pr\u00eat \u00e0 offrir (ou \u00e0 s\u2019offrir), jetez un \u0153il aux coffrets Smartbox : une touche de surprise, une belle exp\u00e9rience \u00e0 vivre\u2026 et z\u00e9ro stress c\u00f4t\u00e9 organisation. Il ne reste plus qu\u2019\u00e0 choisir la destination qui fera battre son c\u0153ur !<\/p>\n","protected":false},"excerpt":{"rendered":"<p>La f\u00eate des m\u00e8res, c\u2019est surtout l\u2019occasion de lui dire merci. Merci pour tout, pour les petits gestes du quotidien comme pour les grandes le\u00e7ons de vie. Et quoi de mieux qu\u2019un week-end hors du temps pour lui offrir une parenth\u00e8se bien m\u00e9rit\u00e9e ? Que votre maman r\u00eave de nature, de d\u00e9tente ou d\u2019aventures urbaines, [&hellip;]<\/p>\n","protected":false},"author":56,"featured_media":36571,"comment_status":"open","ping_status":"open","sticky":false,"template":"","format":"standard","meta":{"_acf_changed":false,"footnotes":""},"categories":[4352],"tags":[],"class_list":["post-36564","post","type-post","status-publish","format-standard","has-post-thumbnail","hentry","category-cadeaux"],"acf":[],"yoast_head":"<!-- This site is optimized with the Yoast SEO Premium plugin v19.7 (Yoast SEO v27.4) - https:\/\/yoast.com\/product\/yoast-seo-premium-wordpress\/ -->\n<title>O\u00f9 partir pour la f\u00eate des m\u00e8res en Suisse ? | Smartbox<\/title>\n<meta name=\"description\" content=\"En qu\u00eate d\u2019id\u00e9es week-ends de f\u00eate des m\u00e8res en Suisse ? D\u00e9couvrez 5 destinations pour une escapade entre nature, culture et d\u00e9tente, \u00e0 vivre ou \u00e0 offrir.\" \/>\n<meta name=\"robots\" content=\"index, follow, max-snippet:-1, max-image-preview:large, max-video-preview:-1\" \/>\n<link rel=\"canonical\" href=\"https:\/\/www.smartbox.com\/ch\/fr\/blog\/ou-partir-en-week-end-pour-la-fete-des-meres-en-suisse\/\" \/>\n<meta property=\"og:locale\" content=\"fr_FR\" \/>\n<meta property=\"og:type\" content=\"article\" \/>\n<meta property=\"og:title\" content=\"O\u00f9 partir pour la f\u00eate des m\u00e8res en Suisse ? | Smartbox\" \/>\n<meta property=\"og:description\" content=\"En qu\u00eate d\u2019id\u00e9es week-ends de f\u00eate des m\u00e8res en Suisse ? D\u00e9couvrez 5 destinations pour une escapade entre nature, culture et d\u00e9tente, \u00e0 vivre ou \u00e0 offrir.\" \/>\n<meta property=\"og:url\" content=\"https:\/\/www.smartbox.com\/ch\/fr\/blog\/ou-partir-en-week-end-pour-la-fete-des-meres-en-suisse\/\" \/>\n<meta property=\"og:site_name\" content=\"Suisse\" \/>\n<meta property=\"article:published_time\" content=\"2025-04-15T15:06:12+00:00\" \/>\n<meta property=\"article:modified_time\" content=\"2025-07-24T10:10:04+00:00\" \/>\n<meta property=\"og:image\" content=\"https:\/\/www.smartbox.com\/ch\/fr\/blog\/wp-content\/uploads\/2025\/04\/week-end-suisse-fete-des-meres.webp\" \/>\n\t<meta property=\"og:image:width\" content=\"1000\" \/>\n\t<meta property=\"og:image:height\" content=\"667\" \/>\n\t<meta property=\"og:image:type\" content=\"image\/webp\" \/>\n<meta name=\"author\" content=\"Julia-Rose Mateky\" \/>\n<meta name=\"twitter:card\" content=\"summary_large_image\" \/>\n<meta name=\"twitter:label1\" content=\"\u00c9crit par\" \/>\n\t<meta name=\"twitter:data1\" content=\"Julia-Rose Mateky\" \/>\n\t<meta name=\"twitter:label2\" content=\"Dur\u00e9e de lecture estim\u00e9e\" \/>\n\t<meta name=\"twitter:data2\" content=\"4 minutes\" \/>\n<script type=\"application\/ld+json\" class=\"yoast-schema-graph\">{\"@context\":\"https:\\\/\\\/schema.org\",\"@graph\":[{\"@type\":\"Article\",\"@id\":\"https:\\\/\\\/www.smartbox.com\\\/ch\\\/fr\\\/blog\\\/ou-partir-en-week-end-pour-la-fete-des-meres-en-suisse\\\/#article\",\"isPartOf\":{\"@id\":\"https:\\\/\\\/www.smartbox.com\\\/ch\\\/fr\\\/blog\\\/ou-partir-en-week-end-pour-la-fete-des-meres-en-suisse\\\/\"},\"author\":{\"name\":\"Julia-Rose Mateky\",\"@id\":\"https:\\\/\\\/www.smartbox.com\\\/ch\\\/fr\\\/blog\\\/#\\\/schema\\\/person\\\/69b86be1494a754fe34bf617583cff5d\"},\"headline\":\"O\u00f9 partir en week-end pour la f\u00eate des m\u00e8res en Suisse ?\",\"datePublished\":\"2025-04-15T15:06:12+00:00\",\"dateModified\":\"2025-07-24T10:10:04+00:00\",\"mainEntityOfPage\":{\"@id\":\"https:\\\/\\\/www.smartbox.com\\\/ch\\\/fr\\\/blog\\\/ou-partir-en-week-end-pour-la-fete-des-meres-en-suisse\\\/\"},\"wordCount\":681,\"commentCount\":0,\"image\":{\"@id\":\"https:\\\/\\\/www.smartbox.com\\\/ch\\\/fr\\\/blog\\\/ou-partir-en-week-end-pour-la-fete-des-meres-en-suisse\\\/#primaryimage\"},\"thumbnailUrl\":\"https:\\\/\\\/www.smartbox.com\\\/ch\\\/fr\\\/blog\\\/wp-content\\\/uploads\\\/2025\\\/04\\\/week-end-suisse-fete-des-meres.webp\",\"articleSection\":[\"Cadeaux\"],\"inLanguage\":\"fr-FR\",\"potentialAction\":[{\"@type\":\"CommentAction\",\"name\":\"Comment\",\"target\":[\"https:\\\/\\\/www.smartbox.com\\\/ch\\\/fr\\\/blog\\\/ou-partir-en-week-end-pour-la-fete-des-meres-en-suisse\\\/#respond\"]}]},{\"@type\":\"WebPage\",\"@id\":\"https:\\\/\\\/www.smartbox.com\\\/ch\\\/fr\\\/blog\\\/ou-partir-en-week-end-pour-la-fete-des-meres-en-suisse\\\/\",\"url\":\"https:\\\/\\\/www.smartbox.com\\\/ch\\\/fr\\\/blog\\\/ou-partir-en-week-end-pour-la-fete-des-meres-en-suisse\\\/\",\"name\":\"O\u00f9 partir pour la f\u00eate des m\u00e8res en Suisse ? | Smartbox\",\"isPartOf\":{\"@id\":\"https:\\\/\\\/www.smartbox.com\\\/ch\\\/fr\\\/blog\\\/#website\"},\"primaryImageOfPage\":{\"@id\":\"https:\\\/\\\/www.smartbox.com\\\/ch\\\/fr\\\/blog\\\/ou-partir-en-week-end-pour-la-fete-des-meres-en-suisse\\\/#primaryimage\"},\"image\":{\"@id\":\"https:\\\/\\\/www.smartbox.com\\\/ch\\\/fr\\\/blog\\\/ou-partir-en-week-end-pour-la-fete-des-meres-en-suisse\\\/#primaryimage\"},\"thumbnailUrl\":\"https:\\\/\\\/www.smartbox.com\\\/ch\\\/fr\\\/blog\\\/wp-content\\\/uploads\\\/2025\\\/04\\\/week-end-suisse-fete-des-meres.webp\",\"datePublished\":\"2025-04-15T15:06:12+00:00\",\"dateModified\":\"2025-07-24T10:10:04+00:00\",\"author\":{\"@id\":\"https:\\\/\\\/www.smartbox.com\\\/ch\\\/fr\\\/blog\\\/#\\\/schema\\\/person\\\/69b86be1494a754fe34bf617583cff5d\"},\"description\":\"En qu\u00eate d\u2019id\u00e9es week-ends de f\u00eate des m\u00e8res en Suisse ? D\u00e9couvrez 5 destinations pour une escapade entre nature, culture et d\u00e9tente, \u00e0 vivre ou \u00e0 offrir.\",\"inLanguage\":\"fr-FR\",\"potentialAction\":[{\"@type\":\"ReadAction\",\"target\":[\"https:\\\/\\\/www.smartbox.com\\\/ch\\\/fr\\\/blog\\\/ou-partir-en-week-end-pour-la-fete-des-meres-en-suisse\\\/\"]}]},{\"@type\":\"ImageObject\",\"inLanguage\":\"fr-FR\",\"@id\":\"https:\\\/\\\/www.smartbox.com\\\/ch\\\/fr\\\/blog\\\/ou-partir-en-week-end-pour-la-fete-des-meres-en-suisse\\\/#primaryimage\",\"url\":\"https:\\\/\\\/www.smartbox.com\\\/ch\\\/fr\\\/blog\\\/wp-content\\\/uploads\\\/2025\\\/04\\\/week-end-suisse-fete-des-meres.webp\",\"contentUrl\":\"https:\\\/\\\/www.smartbox.com\\\/ch\\\/fr\\\/blog\\\/wp-content\\\/uploads\\\/2025\\\/04\\\/week-end-suisse-fete-des-meres.webp\",\"width\":1000,\"height\":667,\"caption\":\"Une maman profite d'un week-end \u00e0 Zurich avec son petit gar\u00e7on \u00e0 l'occasion de la f\u00eate des m\u00e8res.\"},{\"@type\":\"WebSite\",\"@id\":\"https:\\\/\\\/www.smartbox.com\\\/ch\\\/fr\\\/blog\\\/#website\",\"url\":\"https:\\\/\\\/www.smartbox.com\\\/ch\\\/fr\\\/blog\\\/\",\"name\":\"Suisse\",\"description\":\"\",\"potentialAction\":[{\"@type\":\"SearchAction\",\"target\":{\"@type\":\"EntryPoint\",\"urlTemplate\":\"https:\\\/\\\/www.smartbox.com\\\/ch\\\/fr\\\/blog\\\/?s={search_term_string}\"},\"query-input\":{\"@type\":\"PropertyValueSpecification\",\"valueRequired\":true,\"valueName\":\"search_term_string\"}}],\"inLanguage\":\"fr-FR\"},{\"@type\":\"Person\",\"@id\":\"https:\\\/\\\/www.smartbox.com\\\/ch\\\/fr\\\/blog\\\/#\\\/schema\\\/person\\\/69b86be1494a754fe34bf617583cff5d\",\"name\":\"Julia-Rose Mateky\",\"image\":{\"@type\":\"ImageObject\",\"inLanguage\":\"fr-FR\",\"@id\":\"https:\\\/\\\/secure.gravatar.com\\\/avatar\\\/c2602bbd36d2300521df47fe92b28b0b4e19d3bc7858895dbab75d8a7181fa5b?s=96&d=mm&r=g\",\"url\":\"https:\\\/\\\/secure.gravatar.com\\\/avatar\\\/c2602bbd36d2300521df47fe92b28b0b4e19d3bc7858895dbab75d8a7181fa5b?s=96&d=mm&r=g\",\"contentUrl\":\"https:\\\/\\\/secure.gravatar.com\\\/avatar\\\/c2602bbd36d2300521df47fe92b28b0b4e19d3bc7858895dbab75d8a7181fa5b?s=96&d=mm&r=g\",\"caption\":\"Julia-Rose Mateky\"}}]}<\/script>\n<!-- \/ Yoast SEO Premium plugin. -->","yoast_head_json":{"title":"O\u00f9 partir pour la f\u00eate des m\u00e8res en Suisse ? | Smartbox","description":"En qu\u00eate d\u2019id\u00e9es week-ends de f\u00eate des m\u00e8res en Suisse ? D\u00e9couvrez 5 destinations pour une escapade entre nature, culture et d\u00e9tente, \u00e0 vivre ou \u00e0 offrir.","robots":{"index":"index","follow":"follow","max-snippet":"max-snippet:-1","max-image-preview":"max-image-preview:large","max-video-preview":"max-video-preview:-1"},"canonical":"https:\/\/www.smartbox.com\/ch\/fr\/blog\/ou-partir-en-week-end-pour-la-fete-des-meres-en-suisse\/","og_locale":"fr_FR","og_type":"article","og_title":"O\u00f9 partir pour la f\u00eate des m\u00e8res en Suisse ? | Smartbox","og_description":"En qu\u00eate d\u2019id\u00e9es week-ends de f\u00eate des m\u00e8res en Suisse ? D\u00e9couvrez 5 destinations pour une escapade entre nature, culture et d\u00e9tente, \u00e0 vivre ou \u00e0 offrir.","og_url":"https:\/\/www.smartbox.com\/ch\/fr\/blog\/ou-partir-en-week-end-pour-la-fete-des-meres-en-suisse\/","og_site_name":"Suisse","article_published_time":"2025-04-15T15:06:12+00:00","article_modified_time":"2025-07-24T10:10:04+00:00","og_image":[{"width":1000,"height":667,"url":"https:\/\/www.smartbox.com\/ch\/fr\/blog\/wp-content\/uploads\/2025\/04\/week-end-suisse-fete-des-meres.webp","type":"image\/webp"}],"author":"Julia-Rose Mateky","twitter_card":"summary_large_image","twitter_misc":{"\u00c9crit par":"Julia-Rose Mateky","Dur\u00e9e de lecture estim\u00e9e":"4 minutes"},"schema":{"@context":"https:\/\/schema.org","@graph":[{"@type":"Article","@id":"https:\/\/www.smartbox.com\/ch\/fr\/blog\/ou-partir-en-week-end-pour-la-fete-des-meres-en-suisse\/#article","isPartOf":{"@id":"https:\/\/www.smartbox.com\/ch\/fr\/blog\/ou-partir-en-week-end-pour-la-fete-des-meres-en-suisse\/"},"author":{"name":"Julia-Rose Mateky","@id":"https:\/\/www.smartbox.com\/ch\/fr\/blog\/#\/schema\/person\/69b86be1494a754fe34bf617583cff5d"},"headline":"O\u00f9 partir en week-end pour la f\u00eate des m\u00e8res en Suisse ?","datePublished":"2025-04-15T15:06:12+00:00","dateModified":"2025-07-24T10:10:04+00:00","mainEntityOfPage":{"@id":"https:\/\/www.smartbox.com\/ch\/fr\/blog\/ou-partir-en-week-end-pour-la-fete-des-meres-en-suisse\/"},"wordCount":681,"commentCount":0,"image":{"@id":"https:\/\/www.smartbox.com\/ch\/fr\/blog\/ou-partir-en-week-end-pour-la-fete-des-meres-en-suisse\/#primaryimage"},"thumbnailUrl":"https:\/\/www.smartbox.com\/ch\/fr\/blog\/wp-content\/uploads\/2025\/04\/week-end-suisse-fete-des-meres.webp","articleSection":["Cadeaux"],"inLanguage":"fr-FR","potentialAction":[{"@type":"CommentAction","name":"Comment","target":["https:\/\/www.smartbox.com\/ch\/fr\/blog\/ou-partir-en-week-end-pour-la-fete-des-meres-en-suisse\/#respond"]}]},{"@type":"WebPage","@id":"https:\/\/www.smartbox.com\/ch\/fr\/blog\/ou-partir-en-week-end-pour-la-fete-des-meres-en-suisse\/","url":"https:\/\/www.smartbox.com\/ch\/fr\/blog\/ou-partir-en-week-end-pour-la-fete-des-meres-en-suisse\/","name":"O\u00f9 partir pour la f\u00eate des m\u00e8res en Suisse ? | Smartbox","isPartOf":{"@id":"https:\/\/www.smartbox.com\/ch\/fr\/blog\/#website"},"primaryImageOfPage":{"@id":"https:\/\/www.smartbox.com\/ch\/fr\/blog\/ou-partir-en-week-end-pour-la-fete-des-meres-en-suisse\/#primaryimage"},"image":{"@id":"https:\/\/www.smartbox.com\/ch\/fr\/blog\/ou-partir-en-week-end-pour-la-fete-des-meres-en-suisse\/#primaryimage"},"thumbnailUrl":"https:\/\/www.smartbox.com\/ch\/fr\/blog\/wp-content\/uploads\/2025\/04\/week-end-suisse-fete-des-meres.webp","datePublished":"2025-04-15T15:06:12+00:00","dateModified":"2025-07-24T10:10:04+00:00","author":{"@id":"https:\/\/www.smartbox.com\/ch\/fr\/blog\/#\/schema\/person\/69b86be1494a754fe34bf617583cff5d"},"description":"En qu\u00eate d\u2019id\u00e9es week-ends de f\u00eate des m\u00e8res en Suisse ? D\u00e9couvrez 5 destinations pour une escapade entre nature, culture et d\u00e9tente, \u00e0 vivre ou \u00e0 offrir.","inLanguage":"fr-FR","potentialAction":[{"@type":"ReadAction","target":["https:\/\/www.smartbox.com\/ch\/fr\/blog\/ou-partir-en-week-end-pour-la-fete-des-meres-en-suisse\/"]}]},{"@type":"ImageObject","inLanguage":"fr-FR","@id":"https:\/\/www.smartbox.com\/ch\/fr\/blog\/ou-partir-en-week-end-pour-la-fete-des-meres-en-suisse\/#primaryimage","url":"https:\/\/www.smartbox.com\/ch\/fr\/blog\/wp-content\/uploads\/2025\/04\/week-end-suisse-fete-des-meres.webp","contentUrl":"https:\/\/www.smartbox.com\/ch\/fr\/blog\/wp-content\/uploads\/2025\/04\/week-end-suisse-fete-des-meres.webp","width":1000,"height":667,"caption":"Une maman profite d'un week-end \u00e0 Zurich avec son petit gar\u00e7on \u00e0 l'occasion de la f\u00eate des m\u00e8res."},{"@type":"WebSite","@id":"https:\/\/www.smartbox.com\/ch\/fr\/blog\/#website","url":"https:\/\/www.smartbox.com\/ch\/fr\/blog\/","name":"Suisse","description":"","potentialAction":[{"@type":"SearchAction","target":{"@type":"EntryPoint","urlTemplate":"https:\/\/www.smartbox.com\/ch\/fr\/blog\/?s={search_term_string}"},"query-input":{"@type":"PropertyValueSpecification","valueRequired":true,"valueName":"search_term_string"}}],"inLanguage":"fr-FR"},{"@type":"Person","@id":"https:\/\/www.smartbox.com\/ch\/fr\/blog\/#\/schema\/person\/69b86be1494a754fe34bf617583cff5d","name":"Julia-Rose Mateky","image":{"@type":"ImageObject","inLanguage":"fr-FR","@id":"https:\/\/secure.gravatar.com\/avatar\/c2602bbd36d2300521df47fe92b28b0b4e19d3bc7858895dbab75d8a7181fa5b?s=96&d=mm&r=g","url":"https:\/\/secure.gravatar.com\/avatar\/c2602bbd36d2300521df47fe92b28b0b4e19d3bc7858895dbab75d8a7181fa5b?s=96&d=mm&r=g","contentUrl":"https:\/\/secure.gravatar.com\/avatar\/c2602bbd36d2300521df47fe92b28b0b4e19d3bc7858895dbab75d8a7181fa5b?s=96&d=mm&r=g","caption":"Julia-Rose Mateky"}}]}},"_links":{"self":[{"href":"https:\/\/www.smartbox.com\/ch\/fr\/blog\/wp-json\/wp\/v2\/posts\/36564","targetHints":{"allow":["GET"]}}],"collection":[{"href":"https:\/\/www.smartbox.com\/ch\/fr\/blog\/wp-json\/wp\/v2\/posts"}],"about":[{"href":"https:\/\/www.smartbox.com\/ch\/fr\/blog\/wp-json\/wp\/v2\/types\/post"}],"author":[{"embeddable":true,"href":"https:\/\/www.smartbox.com\/ch\/fr\/blog\/wp-json\/wp\/v2\/users\/56"}],"replies":[{"embeddable":true,"href":"https:\/\/www.smartbox.com\/ch\/fr\/blog\/wp-json\/wp\/v2\/comments?post=36564"}],"version-history":[{"count":3,"href":"https:\/\/www.smartbox.com\/ch\/fr\/blog\/wp-json\/wp\/v2\/posts\/36564\/revisions"}],"predecessor-version":[{"id":36578,"href":"https:\/\/www.smartbox.com\/ch\/fr\/blog\/wp-json\/wp\/v2\/posts\/36564\/revisions\/36578"}],"wp:featuredmedia":[{"embeddable":true,"href":"https:\/\/www.smartbox.com\/ch\/fr\/blog\/wp-json\/wp\/v2\/media\/36571"}],"wp:attachment":[{"href":"https:\/\/www.smartbox.com\/ch\/fr\/blog\/wp-json\/wp\/v2\/media?parent=36564"}],"wp:term":[{"taxonomy":"category","embeddable":true,"href":"https:\/\/www.smartbox.com\/ch\/fr\/blog\/wp-json\/wp\/v2\/categories?post=36564"},{"taxonomy":"post_tag","embeddable":true,"href":"https:\/\/www.smartbox.com\/ch\/fr\/blog\/wp-json\/wp\/v2\/tags?post=36564"}],"curies":[{"name":"wp","href":"https:\/\/api.w.org\/{rel}","templated":true}]}}