{"id":34228,"date":"2021-11-03T09:24:43","date_gmt":"2021-11-03T09:24:43","guid":{"rendered":"https:\/\/www.smartbox.com\/ch\/fr\/blog\/?p=34228"},"modified":"2021-11-03T10:28:31","modified_gmt":"2021-11-03T10:28:31","slug":"ou-partir-a-noel-en-suisse","status":"publish","type":"post","link":"https:\/\/www.smartbox.com\/ch\/fr\/blog\/ou-partir-a-noel-en-suisse\/","title":{"rendered":"O\u00f9 partir \u00e0 No\u00ebl en Suisse ?"},"content":{"rendered":"\n<p>Vous \u00eates \u00e0 la recherche d&rsquo;une exp\u00e9rience magique et inoubliable pour cette fin d&rsquo;ann\u00e9e ? Vous avez envie de partir en famille pour vivre un d\u00e9cembre \u00e9poustouflant ? On a la solution pour vous : passez No\u00ebl en Suisse !<\/p>\n\n\n\n<h2 class=\"wp-block-heading\">Pourquoi choisir notre merveilleux pays et c\u00e9l\u00e9brer No\u00ebl en Suisse ?<\/h2>\n\n\n\n<p>On oublie souvent que notre propre pays est une mine d\u2019or alors au cas o\u00f9 vous l\u2019auriez oubli\u00e9, on vous a concoct\u00e9 une liste de tous les endroits magiques o\u00f9 f\u00eater No\u00ebl sans passer de fronti\u00e8re ! Au c\u0153ur de nos paysages d&rsquo;une beaut\u00e9 in\u00e9gal\u00e9e, habill\u00e9s de neige, notre pays aux airs enchant\u00e9s semble tout droit sorti d&rsquo;un livre qui pr\u00e9sente le paradis. Et en dehors des pistes de ski et des montagnes parfaites pour de chouettes randonn\u00e9es, tout un tas d&rsquo;activit\u00e9s f\u00e9\u00e9riques vous attendent pour faire de ce No\u00ebl le plus beau de votre existence !<br>On vous dit tout sur les meilleures destinations, il ne vous restera plus qu&rsquo;\u00e0 r\u00e9server un excellent h\u00f4tel, c&rsquo;est aussi simple que \u00e7a ! Alors \u2026 on part o\u00f9 ?<\/p>\n\n\n\n<figure class=\"wp-block-image size-large\"><img decoding=\"async\" width=\"1024\" height=\"684\" src=\"https:\/\/www.smartbox.com\/ch\/fr\/blog\/wp-content\/uploads\/sites\/9\/2021\/11\/Ou-partir-a-Noel-en-Suisse-1024x684.jpg\" alt=\"O\u00f9 partir \u00e0 No\u00ebl en Suisse\" class=\"wp-image-34231\" srcset=\"https:\/\/www.smartbox.com\/ch\/fr\/blog\/wp-content\/uploads\/2021\/11\/Ou-partir-a-Noel-en-Suisse-1024x684.jpg 1024w, https:\/\/www.smartbox.com\/ch\/fr\/blog\/wp-content\/uploads\/2021\/11\/Ou-partir-a-Noel-en-Suisse-300x200.jpg 300w, https:\/\/www.smartbox.com\/ch\/fr\/blog\/wp-content\/uploads\/2021\/11\/Ou-partir-a-Noel-en-Suisse-768x513.jpg 768w, https:\/\/www.smartbox.com\/ch\/fr\/blog\/wp-content\/uploads\/2021\/11\/Ou-partir-a-Noel-en-Suisse-1536x1025.jpg 1536w, https:\/\/www.smartbox.com\/ch\/fr\/blog\/wp-content\/uploads\/2021\/11\/Ou-partir-a-Noel-en-Suisse.jpg 2000w\" sizes=\"(max-width: 1024px) 100vw, 1024px\" loading=\"lazy\" \/><\/figure>\n\n\n\n<p>&#8211; <strong>\u00c0 B\u00e2le pour son march\u00e9 et ses mus\u00e9es :<\/strong><\/p>\n\n\n\n<p>Connue pour sa grande beaut\u00e9 tout au long de l\u2019ann\u00e9e et son march\u00e9 de No\u00ebl, la ville de B\u00e2le est sans aucun doute un arr\u00eat de choix pour passer No\u00ebl en Suisse. R\u00e9put\u00e9 comme le plus merveilleux du pays, et l\u2019un des plus beaux d\u2019Europe, son march\u00e9 de No\u00ebl est un immanquable. Le c\u0153ur des festivit\u00e9s se situe sur la Barf\u00fcsserplatz et la M\u00fcnsterplatz, deux places splendides, avec des activit\u00e9s, des chalets et une ambiance f\u00e9\u00e9rique ! Les magasins de la ville se joignent \u00e0 la f\u00eate en se parant de leurs plus belles d\u00e9corations et une centaine de grands pins bordent les rues pour vous guider \u00e0 travers cette atmosph\u00e8re magique. Les mus\u00e9es ne sont pas en reste et certains organisent des expositions temporaires th\u00e9matiques, comme l&rsquo;incontournable Haus zum Kirschgarten qui met \u00e0 l&rsquo;honneur les sapins dans son b\u00e2timent \u00e0 l&rsquo;architecture impressionnante. Vous y trouverez de nombreux arbres habill\u00e9s d&rsquo;ornements modernes ou historiques qui documentent ainsi l&rsquo;histoire de la tradition du sapin de No\u00ebl et ses diff\u00e9rents styles \u00e0 travers les \u00e9poques, au sein des m\u00e9nages b\u00e2lois.<br><\/p>\n\n\n\n<p>&#8211; <strong>\u00c0 Lausanne pour ses lumi\u00e8res :<\/strong><\/p>\n\n\n\n<p>En plus d\u2019un march\u00e9 de No\u00ebl plus que charmant, c\u00e9l\u00e9brer No\u00ebl \u00e0 Lausanne est une excellente id\u00e9e gr\u00e2ce aux nombreuses activit\u00e9s organis\u00e9es pendant toute la p\u00e9riode de l\u2019Avent pour l\u2019\u00e9v\u00e8nement B\u00f4 No\u00ebl, qui pare notamment les rues de sublimes d\u00e9corations. Mais ce n\u2019est pas tout, le r\u00e9el immanquable du coin, c\u2019est le Festival Lausanne Lumi\u00e8res qui \u00e9claire la ville de mille feux. Au programme : des dizaines de projections r\u00e9alis\u00e9es exclusivement pour l&rsquo;occasion par des artistes de talent, \u00e0 admirer sur huit b\u00e2timents iconiques tous les soirs et des visites guid\u00e9es gratuites pour en apprendre plus sur ces merveilles !<br><\/p>\n\n\n\n<p>&#8211; <strong>\u00c0 Saint-Gall pour ses \u00e9toiles :<\/strong><\/p>\n\n\n\n<p>Ch\u00e8re au c\u0153ur des touristes gr\u00e2ce \u00e0 ses broderies ainsi que son \u00e9glise et sa biblioth\u00e8que abbatiales, qui sont toutes les deux inscrites sur la liste du patrimoine mondial de l&rsquo;UNESCO, la ville de Saint-Gall n&rsquo;est pas la derni\u00e8re du pays \u00e0 se pomponner pour figurer sur la liste des meilleures destinations de No\u00ebl en Suisse. Il y a bien s\u00fbr l&rsquo;ind\u00e9modable march\u00e9 avec ses cr\u00e8ches, bougies, d\u00e9corations, petits stands pour acheter gourmandises et cadeaux. Mais \u00e7a ne s\u2019arr\u00eate pas l\u00e0. Des centaines d&rsquo;\u00e9toiles sont install\u00e9es dans les ruelles de la vieille ville et sur les places phares, cr\u00e9ant ainsi un ciel scintillant magique. Et le sapin principal au milieu du quartier du monast\u00e8re est quant \u00e0 lui d\u00e9cor\u00e9 de centaines d&rsquo;anges, offrant un spectacle captivant !<br><\/p>\n\n\n\n<p>&#8211; <strong>\u00c0 Wienacht pour esp\u00e9rer croiser le P\u00e8re No\u00ebl :<\/strong><\/p>\n\n\n\n<p>Non loin de Saint-Gall se trouve le petit village tranquille de Wienacht-Tobel, surplombant le lac de Constance, tout \u00e0 l\u2019est du pays. Quand d\u00e9cembre approche, un habitant tout particulier re\u00e7oit de nombreuses lettres ! Le nom du hameau ressemble au mot No\u00ebl en allemand, c&rsquo;est pour cette raison que par hasard, au fil du temps, les gens ont commenc\u00e9 \u00e0 y envoyer leurs lettres au P\u00e8re No\u00ebl. Willi W\u00fcrzer, un habitant qui \u00e9tait responsable du bureau de poste, a alors commenc\u00e9 \u00e0 y r\u00e9pondre avec \u00e9motion et plaisir, et m\u00eame maintenant qu&rsquo;il a pris sa retraite, il ne d\u00e9\u00e7oit pas les centaines de personnes qui lui envoient des courriers chaque ann\u00e9e, souvent tr\u00e8s \u00e9mouvants. Si vous voulez aller jeter un \u0153il \u00e0 la maison du P\u00e8re No\u00ebl et son village authentique riche en s\u00e9r\u00e9nit\u00e9, c\u2019est l\u00e0-bas qu\u2019il faut aller. Et si le c\u0153ur vous en dit, vous aussi, vous pouvez lui \u00e9crire !<br><\/p>\n\n\n\n<p><strong>&#8211; \u00c0 Montreux pour visiter la maison du P\u00e8re No\u00ebl en pleine montagne :<\/strong><\/p>\n\n\n\n<p>En dehors du traditionnel march\u00e9 plus que charmant, Montreux tire son \u00e9pingle du jeu avec une attraction interactive au bord du lac o\u00f9 vous p\u00e9dalerez pour illuminer des installations magiques dont un cerf g\u00e9ant. Ajoutez \u00e0 cela que chaque jour, \u00e0 plusieurs reprises, le P\u00e8re No\u00ebl passe dans le ciel avec son traineau pour le plus grand bonheur des petits et des grands. Et le village des elfs accueille les familles pour vivre des moments conviviaux gr\u00e2ce \u00e0 des tas d\u2019activit\u00e9s super chouettes. Un petit peu en dehors du centre-ville, rendez-vous \u00e0 Rochers-de-Naye pour visiter la maison du P\u00e8re No\u00ebl dans sa grotte au sommet de sa montagne : absolument \u00e9poustouflant ! Il vous faudra monter \u00e0 bord du train \u00e0 cr\u00e9maill\u00e8re et puis emprunter un couloir myst\u00e9rieux avant de pouvoir rencontrer la star tant aim\u00e9e dans son bureau. Et ne manquez pas non plus un arr\u00eat au Ch\u00e2teau de Chillon non loin de l\u00e0. Ce bel \u00e9difice ouvre ses portes aux saltimbanques, artisans, animaux de la ferme et tailleurs de pierre pour organiser divers ateliers cr\u00e9atifs mais aussi vous faire danser, chanter et \u00e9couter de brillants contes qui \u00e9gayeront votre imagination.<br><\/p>\n\n\n\n<p>&#8211; <strong>\u00c0 Zurich pour son arbre chantant : <\/strong><br><br>Cosmopolite et charmante : bienvenue \u00e0 Zurich ! La ville et ses alentours accueillent pas moins de 9 march\u00e9s exceptionnels, ce qui en fait une destination parfaite pour f\u00eater No\u00ebl en Suisse. Vous aurez le choix : le plus grand devant l\u2019Opernhause, le plus ancien dans la vieille ville, le plus musical \u00e0 Werdm\u00fckleplatz avec un sapin chantant gr\u00e2ce \u00e0 des chorales talentueuses plac\u00e9es dans cet arbre magique, celui du centre pour les artisans, le plus grand march\u00e9 de No\u00ebl couvert d\u2019Europe \u00e0 la gare centrale avec son sapin d\u00e9cor\u00e9 d&rsquo;environ 7000 cristaux Swarovski, celui de M\u00fcnsterhof au milieu de b\u00e2timents historiques, \u00e0 Winterhour pour la caverne d&rsquo;Ali Baba des textiles, celui devant le sublime monast\u00e8re d&rsquo;Einsiedeln et enfin rendez-vous dans la vieille ville de Rapperswil pour une ambiance moyen\u00e2geuse. <\/p>\n\n\n\n<p>Vous y trouverez \u00e0 coup s\u00fbr votre bonheur ! <\/p>\n\n\n\n<figure class=\"wp-block-image size-large\"><img decoding=\"async\" width=\"1024\" height=\"576\" src=\"https:\/\/www.smartbox.com\/ch\/fr\/blog\/wp-content\/uploads\/sites\/9\/2021\/11\/Noel-Zurich-1024x576.jpg\" alt=\"\" class=\"wp-image-34237\" srcset=\"https:\/\/www.smartbox.com\/ch\/fr\/blog\/wp-content\/uploads\/2021\/11\/Noel-Zurich-1024x576.jpg 1024w, https:\/\/www.smartbox.com\/ch\/fr\/blog\/wp-content\/uploads\/2021\/11\/Noel-Zurich-300x169.jpg 300w, https:\/\/www.smartbox.com\/ch\/fr\/blog\/wp-content\/uploads\/2021\/11\/Noel-Zurich-768x432.jpg 768w, https:\/\/www.smartbox.com\/ch\/fr\/blog\/wp-content\/uploads\/2021\/11\/Noel-Zurich-1536x864.jpg 1536w, https:\/\/www.smartbox.com\/ch\/fr\/blog\/wp-content\/uploads\/2021\/11\/Noel-Zurich.jpg 2000w\" sizes=\"(max-width: 1024px) 100vw, 1024px\" loading=\"lazy\" \/><\/figure>\n\n\n\n<p>En plus de ces lieux immanquables et festifs, de nombreuses animations sont organis\u00e9es dont un magnifique tram pour que les enfants puissent \u00e9couter des contes dans un cadre original. Et les rues sont bien entendu baign\u00e9es de lumi\u00e8res et d\u2019\u00e9toiles qui vous laisseront sans voix, le tout accompagn\u00e9 d\u2019odeurs de vin chaud et de cannelle, que demander de plus ?<\/p>\n\n\n\n<div class=\"wp-block-buttons is-content-justification-center is-layout-flex wp-block-buttons-is-layout-flex\">\n<div class=\"wp-block-button\"><a class=\"wp-block-button__link has-background\" href=\"https:\/\/www.smartbox.com\/ch\/fr\/experiences-en-suisse\/zurich\/\" style=\"border-radius:29px;background-color:#ffe598\">Envie de passer No\u00ebl \u00e0 Zurich ?<\/a><\/div>\n<\/div>\n\n\n\n<div style=\"height:20px\" aria-hidden=\"true\" class=\"wp-block-spacer\"><\/div>\n\n\n\n<p><strong>&#8211; \u00c0 Bremgarten pour son charme m\u00e9di\u00e9val m\u00eal\u00e9 \u00e0 la magie de No\u00ebl<\/strong><\/p>\n\n\n\n<p>\u00c0 seulement 20 km \u00e0 l\u2019ouest de Zurich dans le canton d\u2019Argovie, d\u00e9couvrez le joyau m\u00e9di\u00e9val de Bremgarten qui ne manquera pas de vous charmer. Situ\u00e9s sur une colline au-dessus de la rivi\u00e8re Reuss, les beaux b\u00e2timents de style gothique et le ch\u00e2teau se m\u00ealent \u00e0 merveille aux 300 stands d\u00e9di\u00e9s \u00e0 l\u2019artisanat, aux cadeaux et \u00e0 la gastronomie. Entour\u00e9s d&rsquo;arbres, vous profiterez ainsi d&rsquo;un des plus c\u00e9l\u00e8bres march\u00e9s de No\u00ebl de Suisse et vivrez des instants f\u00e9\u00e9riques !<\/p>\n\n\n\n<p><strong><strong>&#8211; \u00c0 Gen\u00e8ve pour participer \u00e0 des \u00e9v\u00e9nements originaux<\/strong><\/strong><\/p>\n\n\n\n<p>Comme ses cons\u0153urs, la ville de Gen\u00e8ve accueille artisans et gourmandises dans de jolis chalets pour former un super march\u00e9 de No\u00ebl. Une charmante sortie \u00e0 coupler avec un passage \u00e0 la Cath\u00e9drale Saint-Pierre pour aller \u00e9couter des chants de f\u00eate : \u00e9motions garanties ! Compl\u00e9tez votre programme en prenant part \u00e0 des \u00e9v\u00e9nements priv\u00e9s m\u00e9morables tels qu&rsquo;ateliers cup cakes de circonstance ou encore soir\u00e9e disco sur glace, et ne manquez pas l&rsquo;un des restaurants insolites pour d\u00e9guster une d\u00e9licieuse fondue, la sp\u00e9cialit\u00e9 suisse par excellence ! Et si vous d\u00e9cidez de poser vos valises un peu avant l\u2019anniversaire de J\u00e9sus, gardez un \u0153il sur la Coupe de No\u00ebl, v\u00e9ritable institution. Organis\u00e9 depuis 1934, cet \u00e9v\u00e9nement incontournable sur le Lac L\u00e9man promet un bain dans l&rsquo;eau glaciale sur 120 m\u00e8tres le long de la promenade du Jardin anglais. Vous pourrez vous lancer un d\u00e9fi et y participer, ou vous contenter d\u2019admirer les courageux qui donnent tout pour faire un super chrono !<\/p>\n\n\n\n<div class=\"wp-block-buttons is-content-justification-center is-layout-flex wp-block-buttons-is-layout-flex\">\n<div class=\"wp-block-button\"><a class=\"wp-block-button__link has-background\" href=\"https:\/\/www.smartbox.com\/ch\/fr\/experiences-en-suisse\/geneve\/\" style=\"border-radius:29px;background-color:#ffe598\">Gen\u00e8ve n\u2019attend que vous !<\/a><\/div>\n<\/div>\n\n\n\n<div style=\"height:20px\" aria-hidden=\"true\" class=\"wp-block-spacer\"><\/div>\n\n\n\n<p>&#8211; <strong>\u00c0 Coire pour son march\u00e9 au milieu des montagnes<\/strong> :<\/p>\n\n\n\n<p>Faites un arr\u00eat \u00e0 Coire, la plus vieille ville du pays, nich\u00e9e au c\u0153ur des montagnes des Grisons. Ses sympathiques habitants vous attendent pour leur march\u00e9 de l\u2019enfant Christ, riche en artisans talentueux et sp\u00e9cialit\u00e9s gourmandes \u00e0 tester. Cette p\u00e9pite suisse aux maisons atypiques dans un magnifique d\u00e9cor n&rsquo;en devient que plus magique lorsqu&rsquo;elle enfile ses habits de No\u00ebl. De nombreuses activit\u00e9s vous permettront d&rsquo;y vivre un s\u00e9jour vari\u00e9 et passionnant qui d\u00e9passera toutes vos attentes !<\/p>\n\n\n\n<p><strong>&#8211; \u00c0 Lugano pour sa cr\u00e8che immerg\u00e9e<\/strong><\/p>\n\n\n\n<p>Laissez-vous charmer par les illuminations de la ville vivante et \u00e9l\u00e9gante de Lugano. \u00c0 travers diverses installations longuement r\u00e9fl\u00e9chies, les organisateurs veulent vous faire ressentir des \u00e9motions vives et chaleureuses. Rideaux de lumi\u00e8re, parcours enchant\u00e9 et arbres d\u00e9cor\u00e9s vous attendent, en plus d&rsquo;un march\u00e9, de spectacles et m\u00eame de personnages de cr\u00e8che plong\u00e9s dans l&rsquo;eau !<\/p>\n\n\n\n<h2 class=\"wp-block-heading\">Vous \u00eates s\u00e9duits ?<\/h2>\n\n\n\n<p>Destinations vibrantes et lieux pittoresques au milieu des montagnes enneig\u00e9es, il est impossible de se tromper en d\u00e9cidant de passer No\u00ebl en Suisse. Suivez votre c\u0153ur et visitez ces endroits magiques qui ne manquent ni de charme ni de possibilit\u00e9s de donner vie \u00e0 vos r\u00eaves. Cr\u00e9ez votre voyage avec au programme beaucoup de joie, de saveurs et de moments pr\u00e9cieux, et r\u00e9servez l&rsquo;excellent logement qui abritera tous ces instants hors du commun qui resteront grav\u00e9s dans votre m\u00e9moire \u00e0 tout jamais. Voici une s\u00e9lection d\u2019h\u00f4tels concoct\u00e9e pour vous afin de vous rendre la t\u00e2che encore plus facile ! Vous avez dor\u00e9navant tout ce qu\u2019il vous faut pour enrichir votre histoire familiale de souvenirs de No\u00ebl aussi lumineux que f\u00e9\u00e9riques !<\/p>\n","protected":false},"excerpt":{"rendered":"<p>Vous \u00eates \u00e0 la recherche d&rsquo;une exp\u00e9rience magique et inoubliable pour cette fin d&rsquo;ann\u00e9e ? Vous avez envie de partir en famille pour vivre un d\u00e9cembre \u00e9poustouflant ? On a la solution pour vous : passez No\u00ebl en Suisse ! Pourquoi choisir notre merveilleux pays et c\u00e9l\u00e9brer No\u00ebl en Suisse ? On oublie souvent que [&hellip;]<\/p>\n","protected":false},"author":21,"featured_media":34231,"comment_status":"open","ping_status":"open","sticky":false,"template":"","format":"standard","meta":{"_acf_changed":false,"footnotes":""},"categories":[4333],"tags":[],"class_list":["post-34228","post","type-post","status-publish","format-standard","has-post-thumbnail","hentry","category-voyages"],"acf":[],"yoast_head":"<!-- This site is optimized with the Yoast SEO Premium plugin v19.7 (Yoast SEO v27.4) - https:\/\/yoast.com\/product\/yoast-seo-premium-wordpress\/ -->\n<title>O\u00f9 partir \u00e0 No\u00ebl en Suisse ? - Blog Voyage Smartbox<\/title>\n<meta name=\"description\" content=\"D\u00e9couvrez les meilleures destinations o\u00f9 partir \u00e0 No\u00ebl en Suisse et profitez d&#039;un No\u00ebl inoubliable dans une ambiance f\u00e9\u00e9rique !\" \/>\n<meta name=\"robots\" content=\"index, follow, max-snippet:-1, max-image-preview:large, max-video-preview:-1\" \/>\n<link rel=\"canonical\" href=\"https:\/\/www.smartbox.com\/ch\/fr\/blog\/ou-partir-a-noel-en-suisse\/\" \/>\n<meta property=\"og:locale\" content=\"fr_FR\" \/>\n<meta property=\"og:type\" content=\"article\" \/>\n<meta property=\"og:title\" content=\"O\u00f9 partir \u00e0 No\u00ebl en Suisse ? - Blog Voyage Smartbox\" \/>\n<meta property=\"og:description\" content=\"D\u00e9couvrez les meilleures destinations o\u00f9 partir \u00e0 No\u00ebl en Suisse et profitez d&#039;un No\u00ebl inoubliable dans une ambiance f\u00e9\u00e9rique !\" \/>\n<meta property=\"og:url\" content=\"https:\/\/www.smartbox.com\/ch\/fr\/blog\/ou-partir-a-noel-en-suisse\/\" \/>\n<meta property=\"og:site_name\" content=\"Suisse\" \/>\n<meta property=\"article:published_time\" content=\"2021-11-03T09:24:43+00:00\" \/>\n<meta property=\"article:modified_time\" content=\"2021-11-03T10:28:31+00:00\" \/>\n<meta property=\"og:image\" content=\"https:\/\/www.smartbox.com\/ch\/fr\/blog\/wp-content\/uploads\/2021\/11\/Ou-partir-a-Noel-en-Suisse.jpg\" \/>\n\t<meta property=\"og:image:width\" content=\"2000\" \/>\n\t<meta property=\"og:image:height\" content=\"1335\" \/>\n\t<meta property=\"og:image:type\" content=\"image\/jpeg\" \/>\n<meta name=\"author\" content=\"Pauline\" \/>\n<meta name=\"twitter:card\" content=\"summary_large_image\" \/>\n<meta name=\"twitter:label1\" content=\"\u00c9crit par\" \/>\n\t<meta name=\"twitter:data1\" content=\"Pauline\" \/>\n\t<meta name=\"twitter:label2\" content=\"Dur\u00e9e de lecture estim\u00e9e\" \/>\n\t<meta name=\"twitter:data2\" content=\"8 minutes\" \/>\n<script type=\"application\/ld+json\" class=\"yoast-schema-graph\">{\"@context\":\"https:\\\/\\\/schema.org\",\"@graph\":[{\"@type\":\"Article\",\"@id\":\"https:\\\/\\\/www.smartbox.com\\\/ch\\\/fr\\\/blog\\\/ou-partir-a-noel-en-suisse\\\/#article\",\"isPartOf\":{\"@id\":\"https:\\\/\\\/www.smartbox.com\\\/ch\\\/fr\\\/blog\\\/ou-partir-a-noel-en-suisse\\\/\"},\"author\":{\"name\":\"Pauline\",\"@id\":\"https:\\\/\\\/www.smartbox.com\\\/ch\\\/fr\\\/blog\\\/#\\\/schema\\\/person\\\/0def93adb00e53abc58b626f646950ac\"},\"headline\":\"O\u00f9 partir \u00e0 No\u00ebl en Suisse ?\",\"datePublished\":\"2021-11-03T09:24:43+00:00\",\"dateModified\":\"2021-11-03T10:28:31+00:00\",\"mainEntityOfPage\":{\"@id\":\"https:\\\/\\\/www.smartbox.com\\\/ch\\\/fr\\\/blog\\\/ou-partir-a-noel-en-suisse\\\/\"},\"wordCount\":1889,\"commentCount\":0,\"image\":{\"@id\":\"https:\\\/\\\/www.smartbox.com\\\/ch\\\/fr\\\/blog\\\/ou-partir-a-noel-en-suisse\\\/#primaryimage\"},\"thumbnailUrl\":\"https:\\\/\\\/www.smartbox.com\\\/ch\\\/fr\\\/blog\\\/wp-content\\\/uploads\\\/2021\\\/11\\\/Ou-partir-a-Noel-en-Suisse.jpg\",\"articleSection\":[\"Voyages\"],\"inLanguage\":\"fr-FR\",\"potentialAction\":[{\"@type\":\"CommentAction\",\"name\":\"Comment\",\"target\":[\"https:\\\/\\\/www.smartbox.com\\\/ch\\\/fr\\\/blog\\\/ou-partir-a-noel-en-suisse\\\/#respond\"]}]},{\"@type\":\"WebPage\",\"@id\":\"https:\\\/\\\/www.smartbox.com\\\/ch\\\/fr\\\/blog\\\/ou-partir-a-noel-en-suisse\\\/\",\"url\":\"https:\\\/\\\/www.smartbox.com\\\/ch\\\/fr\\\/blog\\\/ou-partir-a-noel-en-suisse\\\/\",\"name\":\"O\u00f9 partir \u00e0 No\u00ebl en Suisse ? - Blog Voyage Smartbox\",\"isPartOf\":{\"@id\":\"https:\\\/\\\/www.smartbox.com\\\/ch\\\/fr\\\/blog\\\/#website\"},\"primaryImageOfPage\":{\"@id\":\"https:\\\/\\\/www.smartbox.com\\\/ch\\\/fr\\\/blog\\\/ou-partir-a-noel-en-suisse\\\/#primaryimage\"},\"image\":{\"@id\":\"https:\\\/\\\/www.smartbox.com\\\/ch\\\/fr\\\/blog\\\/ou-partir-a-noel-en-suisse\\\/#primaryimage\"},\"thumbnailUrl\":\"https:\\\/\\\/www.smartbox.com\\\/ch\\\/fr\\\/blog\\\/wp-content\\\/uploads\\\/2021\\\/11\\\/Ou-partir-a-Noel-en-Suisse.jpg\",\"datePublished\":\"2021-11-03T09:24:43+00:00\",\"dateModified\":\"2021-11-03T10:28:31+00:00\",\"author\":{\"@id\":\"https:\\\/\\\/www.smartbox.com\\\/ch\\\/fr\\\/blog\\\/#\\\/schema\\\/person\\\/0def93adb00e53abc58b626f646950ac\"},\"description\":\"D\u00e9couvrez les meilleures destinations o\u00f9 partir \u00e0 No\u00ebl en Suisse et profitez d'un No\u00ebl inoubliable dans une ambiance f\u00e9\u00e9rique !\",\"inLanguage\":\"fr-FR\",\"potentialAction\":[{\"@type\":\"ReadAction\",\"target\":[\"https:\\\/\\\/www.smartbox.com\\\/ch\\\/fr\\\/blog\\\/ou-partir-a-noel-en-suisse\\\/\"]}]},{\"@type\":\"ImageObject\",\"inLanguage\":\"fr-FR\",\"@id\":\"https:\\\/\\\/www.smartbox.com\\\/ch\\\/fr\\\/blog\\\/ou-partir-a-noel-en-suisse\\\/#primaryimage\",\"url\":\"https:\\\/\\\/www.smartbox.com\\\/ch\\\/fr\\\/blog\\\/wp-content\\\/uploads\\\/2021\\\/11\\\/Ou-partir-a-Noel-en-Suisse.jpg\",\"contentUrl\":\"https:\\\/\\\/www.smartbox.com\\\/ch\\\/fr\\\/blog\\\/wp-content\\\/uploads\\\/2021\\\/11\\\/Ou-partir-a-Noel-en-Suisse.jpg\",\"width\":2000,\"height\":1335,\"caption\":\"O\u00f9 partir \u00e0 No\u00ebl en Suisse\"},{\"@type\":\"WebSite\",\"@id\":\"https:\\\/\\\/www.smartbox.com\\\/ch\\\/fr\\\/blog\\\/#website\",\"url\":\"https:\\\/\\\/www.smartbox.com\\\/ch\\\/fr\\\/blog\\\/\",\"name\":\"Suisse\",\"description\":\"\",\"potentialAction\":[{\"@type\":\"SearchAction\",\"target\":{\"@type\":\"EntryPoint\",\"urlTemplate\":\"https:\\\/\\\/www.smartbox.com\\\/ch\\\/fr\\\/blog\\\/?s={search_term_string}\"},\"query-input\":{\"@type\":\"PropertyValueSpecification\",\"valueRequired\":true,\"valueName\":\"search_term_string\"}}],\"inLanguage\":\"fr-FR\"},{\"@type\":\"Person\",\"@id\":\"https:\\\/\\\/www.smartbox.com\\\/ch\\\/fr\\\/blog\\\/#\\\/schema\\\/person\\\/0def93adb00e53abc58b626f646950ac\",\"name\":\"Pauline\",\"image\":{\"@type\":\"ImageObject\",\"inLanguage\":\"fr-FR\",\"@id\":\"https:\\\/\\\/secure.gravatar.com\\\/avatar\\\/de247de632eb1e17a9350d47148b33d6ef1bc46bdb2bbb993587895eaa66d4b5?s=96&d=mm&r=g\",\"url\":\"https:\\\/\\\/secure.gravatar.com\\\/avatar\\\/de247de632eb1e17a9350d47148b33d6ef1bc46bdb2bbb993587895eaa66d4b5?s=96&d=mm&r=g\",\"contentUrl\":\"https:\\\/\\\/secure.gravatar.com\\\/avatar\\\/de247de632eb1e17a9350d47148b33d6ef1bc46bdb2bbb993587895eaa66d4b5?s=96&d=mm&r=g\",\"caption\":\"Pauline\"}}]}<\/script>\n<!-- \/ Yoast SEO Premium plugin. -->","yoast_head_json":{"title":"O\u00f9 partir \u00e0 No\u00ebl en Suisse ? - Blog Voyage Smartbox","description":"D\u00e9couvrez les meilleures destinations o\u00f9 partir \u00e0 No\u00ebl en Suisse et profitez d'un No\u00ebl inoubliable dans une ambiance f\u00e9\u00e9rique !","robots":{"index":"index","follow":"follow","max-snippet":"max-snippet:-1","max-image-preview":"max-image-preview:large","max-video-preview":"max-video-preview:-1"},"canonical":"https:\/\/www.smartbox.com\/ch\/fr\/blog\/ou-partir-a-noel-en-suisse\/","og_locale":"fr_FR","og_type":"article","og_title":"O\u00f9 partir \u00e0 No\u00ebl en Suisse ? - Blog Voyage Smartbox","og_description":"D\u00e9couvrez les meilleures destinations o\u00f9 partir \u00e0 No\u00ebl en Suisse et profitez d'un No\u00ebl inoubliable dans une ambiance f\u00e9\u00e9rique !","og_url":"https:\/\/www.smartbox.com\/ch\/fr\/blog\/ou-partir-a-noel-en-suisse\/","og_site_name":"Suisse","article_published_time":"2021-11-03T09:24:43+00:00","article_modified_time":"2021-11-03T10:28:31+00:00","og_image":[{"width":2000,"height":1335,"url":"https:\/\/www.smartbox.com\/ch\/fr\/blog\/wp-content\/uploads\/2021\/11\/Ou-partir-a-Noel-en-Suisse.jpg","type":"image\/jpeg"}],"author":"Pauline","twitter_card":"summary_large_image","twitter_misc":{"\u00c9crit par":"Pauline","Dur\u00e9e de lecture estim\u00e9e":"8 minutes"},"schema":{"@context":"https:\/\/schema.org","@graph":[{"@type":"Article","@id":"https:\/\/www.smartbox.com\/ch\/fr\/blog\/ou-partir-a-noel-en-suisse\/#article","isPartOf":{"@id":"https:\/\/www.smartbox.com\/ch\/fr\/blog\/ou-partir-a-noel-en-suisse\/"},"author":{"name":"Pauline","@id":"https:\/\/www.smartbox.com\/ch\/fr\/blog\/#\/schema\/person\/0def93adb00e53abc58b626f646950ac"},"headline":"O\u00f9 partir \u00e0 No\u00ebl en Suisse ?","datePublished":"2021-11-03T09:24:43+00:00","dateModified":"2021-11-03T10:28:31+00:00","mainEntityOfPage":{"@id":"https:\/\/www.smartbox.com\/ch\/fr\/blog\/ou-partir-a-noel-en-suisse\/"},"wordCount":1889,"commentCount":0,"image":{"@id":"https:\/\/www.smartbox.com\/ch\/fr\/blog\/ou-partir-a-noel-en-suisse\/#primaryimage"},"thumbnailUrl":"https:\/\/www.smartbox.com\/ch\/fr\/blog\/wp-content\/uploads\/2021\/11\/Ou-partir-a-Noel-en-Suisse.jpg","articleSection":["Voyages"],"inLanguage":"fr-FR","potentialAction":[{"@type":"CommentAction","name":"Comment","target":["https:\/\/www.smartbox.com\/ch\/fr\/blog\/ou-partir-a-noel-en-suisse\/#respond"]}]},{"@type":"WebPage","@id":"https:\/\/www.smartbox.com\/ch\/fr\/blog\/ou-partir-a-noel-en-suisse\/","url":"https:\/\/www.smartbox.com\/ch\/fr\/blog\/ou-partir-a-noel-en-suisse\/","name":"O\u00f9 partir \u00e0 No\u00ebl en Suisse ? - Blog Voyage Smartbox","isPartOf":{"@id":"https:\/\/www.smartbox.com\/ch\/fr\/blog\/#website"},"primaryImageOfPage":{"@id":"https:\/\/www.smartbox.com\/ch\/fr\/blog\/ou-partir-a-noel-en-suisse\/#primaryimage"},"image":{"@id":"https:\/\/www.smartbox.com\/ch\/fr\/blog\/ou-partir-a-noel-en-suisse\/#primaryimage"},"thumbnailUrl":"https:\/\/www.smartbox.com\/ch\/fr\/blog\/wp-content\/uploads\/2021\/11\/Ou-partir-a-Noel-en-Suisse.jpg","datePublished":"2021-11-03T09:24:43+00:00","dateModified":"2021-11-03T10:28:31+00:00","author":{"@id":"https:\/\/www.smartbox.com\/ch\/fr\/blog\/#\/schema\/person\/0def93adb00e53abc58b626f646950ac"},"description":"D\u00e9couvrez les meilleures destinations o\u00f9 partir \u00e0 No\u00ebl en Suisse et profitez d'un No\u00ebl inoubliable dans une ambiance f\u00e9\u00e9rique !","inLanguage":"fr-FR","potentialAction":[{"@type":"ReadAction","target":["https:\/\/www.smartbox.com\/ch\/fr\/blog\/ou-partir-a-noel-en-suisse\/"]}]},{"@type":"ImageObject","inLanguage":"fr-FR","@id":"https:\/\/www.smartbox.com\/ch\/fr\/blog\/ou-partir-a-noel-en-suisse\/#primaryimage","url":"https:\/\/www.smartbox.com\/ch\/fr\/blog\/wp-content\/uploads\/2021\/11\/Ou-partir-a-Noel-en-Suisse.jpg","contentUrl":"https:\/\/www.smartbox.com\/ch\/fr\/blog\/wp-content\/uploads\/2021\/11\/Ou-partir-a-Noel-en-Suisse.jpg","width":2000,"height":1335,"caption":"O\u00f9 partir \u00e0 No\u00ebl en Suisse"},{"@type":"WebSite","@id":"https:\/\/www.smartbox.com\/ch\/fr\/blog\/#website","url":"https:\/\/www.smartbox.com\/ch\/fr\/blog\/","name":"Suisse","description":"","potentialAction":[{"@type":"SearchAction","target":{"@type":"EntryPoint","urlTemplate":"https:\/\/www.smartbox.com\/ch\/fr\/blog\/?s={search_term_string}"},"query-input":{"@type":"PropertyValueSpecification","valueRequired":true,"valueName":"search_term_string"}}],"inLanguage":"fr-FR"},{"@type":"Person","@id":"https:\/\/www.smartbox.com\/ch\/fr\/blog\/#\/schema\/person\/0def93adb00e53abc58b626f646950ac","name":"Pauline","image":{"@type":"ImageObject","inLanguage":"fr-FR","@id":"https:\/\/secure.gravatar.com\/avatar\/de247de632eb1e17a9350d47148b33d6ef1bc46bdb2bbb993587895eaa66d4b5?s=96&d=mm&r=g","url":"https:\/\/secure.gravatar.com\/avatar\/de247de632eb1e17a9350d47148b33d6ef1bc46bdb2bbb993587895eaa66d4b5?s=96&d=mm&r=g","contentUrl":"https:\/\/secure.gravatar.com\/avatar\/de247de632eb1e17a9350d47148b33d6ef1bc46bdb2bbb993587895eaa66d4b5?s=96&d=mm&r=g","caption":"Pauline"}}]}},"_links":{"self":[{"href":"https:\/\/www.smartbox.com\/ch\/fr\/blog\/wp-json\/wp\/v2\/posts\/34228","targetHints":{"allow":["GET"]}}],"collection":[{"href":"https:\/\/www.smartbox.com\/ch\/fr\/blog\/wp-json\/wp\/v2\/posts"}],"about":[{"href":"https:\/\/www.smartbox.com\/ch\/fr\/blog\/wp-json\/wp\/v2\/types\/post"}],"author":[{"embeddable":true,"href":"https:\/\/www.smartbox.com\/ch\/fr\/blog\/wp-json\/wp\/v2\/users\/21"}],"replies":[{"embeddable":true,"href":"https:\/\/www.smartbox.com\/ch\/fr\/blog\/wp-json\/wp\/v2\/comments?post=34228"}],"version-history":[{"count":3,"href":"https:\/\/www.smartbox.com\/ch\/fr\/blog\/wp-json\/wp\/v2\/posts\/34228\/revisions"}],"predecessor-version":[{"id":34238,"href":"https:\/\/www.smartbox.com\/ch\/fr\/blog\/wp-json\/wp\/v2\/posts\/34228\/revisions\/34238"}],"wp:featuredmedia":[{"embeddable":true,"href":"https:\/\/www.smartbox.com\/ch\/fr\/blog\/wp-json\/wp\/v2\/media\/34231"}],"wp:attachment":[{"href":"https:\/\/www.smartbox.com\/ch\/fr\/blog\/wp-json\/wp\/v2\/media?parent=34228"}],"wp:term":[{"taxonomy":"category","embeddable":true,"href":"https:\/\/www.smartbox.com\/ch\/fr\/blog\/wp-json\/wp\/v2\/categories?post=34228"},{"taxonomy":"post_tag","embeddable":true,"href":"https:\/\/www.smartbox.com\/ch\/fr\/blog\/wp-json\/wp\/v2\/tags?post=34228"}],"curies":[{"name":"wp","href":"https:\/\/api.w.org\/{rel}","templated":true}]}}